{"id":4770,"date":"2025-05-31T23:19:33","date_gmt":"2025-06-01T02:19:33","guid":{"rendered":"https:\/\/www.enorsai.com\/noticias\/politica\/de-sindicalista-a-patron-el-gobernador-vidal-se-saco-la-camiseta-sindical-ahora-desprecia-a-los-estatales\/"},"modified":"2025-05-31T23:22:15","modified_gmt":"2025-06-01T02:22:15","slug":"de-sindicalista-a-patron-el-gobernador-vidal-se-saco-la-camiseta-sindical-ahora-desprecia-a-los-estatales","status":"publish","type":"post","link":"https:\/\/www.enorsai.com\/noticias\/politica\/de-sindicalista-a-patron-el-gobernador-vidal-se-saco-la-camiseta-sindical-ahora-desprecia-a-los-estatales\/","title":{"rendered":"De sindicalista a patr\u00f3n: El gobernador Vidal se sac\u00f3 la camiseta sindical y ahora desprecia a los estatales"},"content":{"rendered":"\n<p>El gobernador de Santa Cruz tensiona la paritaria con ATE al deslegitimar los reclamos salariales del sector p\u00fablico, en plena crisis econ\u00f3mica y con trabajadores que rozan la l\u00ednea de pobreza.<\/p>\n\n\n\n<p>En medio de un conflicto paritario que ya acumula semanas de tensi\u00f3n, el gobernador de Santa Cruz, Claudio Vidal, exsindicalista petrolero devenido en dirigente pol\u00edtico, lanz\u00f3 una frase que encendi\u00f3 la pol\u00e9mica: \u201c\u00bfProbaron lo que es laburar en el privado?\u201d, en referencia a los trabajadores estatales que exigen una recomposici\u00f3n salarial real ante la persistente inflaci\u00f3n.<br><br>Durante una conferencia de prensa en Caleta Olivia, Vidal defendi\u00f3 su gesti\u00f3n y apunt\u00f3 con dureza contra los reclamos encabezados por la Asociaci\u00f3n de Trabajadores del Estado (ATE), que viene realizando paros y movilizaciones por la ca\u00edda del poder adquisitivo. El mandatario sostuvo que \u201cmuchos se quejan pero nadie se va del Estado\u201d, minimizando la situaci\u00f3n de precariedad que viven miles de empleados p\u00fablicos santacruce\u00f1os.<br><br>&gt; \u201cLaburar 8 o 10 horas, estar 21 d\u00edas fuera del hogar, sin ver a tus hijos ni a tu pareja, trabajar en yacimientos o embarcado&#8230; No es f\u00e1cil\u201d, compar\u00f3 Vidal, marcando una l\u00ednea divisoria entre quienes trabajan en el sector privado y quienes \u2014seg\u00fan su mirada\u2014 disfrutan de privilegios en el empleo p\u00fablico.<br><br><br>La respuesta no tard\u00f3 en llegar. Desde ATE, su secretario general Carlos Garz\u00f3n rechaz\u00f3 el aumento ofrecido de $36.000 en cuatro cuotas para el segundo semestre y denunci\u00f3 que hay estatales cobrando sueldos de apenas $80.000, muy por debajo de la canasta b\u00e1sica, mientras los salarios m\u00e1s altos apenas superan los $500.000. \u201cEstamos lejos de que ning\u00fan estatal sea pobre\u201d, advirti\u00f3 Garz\u00f3n, en alusi\u00f3n al discurso oficial que intenta relativizar la crisis social que atraviesa el empleo p\u00fablico.<br><br>La l\u00f3gica empresarial en la gesti\u00f3n estatal<br><br>Lejos de construir puentes, Vidal eligi\u00f3 el camino de la confrontaci\u00f3n. En lugar de reconocer la realidad de trabajadores que sostienen la educaci\u00f3n, la salud y la administraci\u00f3n p\u00fablica en condiciones de ajuste, el gobernador los invita \u2014casi con desd\u00e9n\u2014 a abandonar sus puestos si no est\u00e1n conformes. Como si se tratara de una elecci\u00f3n voluntaria, y no de una necesidad de subsistencia en una provincia golpeada por a\u00f1os de pol\u00edticas err\u00e1ticas y un presente marcado por el ajuste.<br><br>Su discurso resuena con el de la Casa Rosada. Javier Milei y sus ministros repiten una y otra vez que \u201cel Estado es una organizaci\u00f3n criminal\u201d o que los empleados p\u00fablicos son un \u201cgasto in\u00fatil\u201d. Vidal, aunque desde el sur y con pasado sindical, parece suscribir esa misma narrativa: el trabajador estatal como carga, como r\u00e9mora, como un enemigo interno a disciplinar.<br><br>Ajuste y herencia: el manual del buen alumno libertario<br><br>En otro pasaje de la conferencia, Vidal volvi\u00f3 sobre uno de los t\u00f3picos preferidos de los oficialismos sin respuestas: la pesada herencia. \u201cRegalaron el petr\u00f3leo, la miner\u00eda, los recursos pesqueros. Cuesta mucho revertir eso\u201d, afirm\u00f3, en una cr\u00edtica gen\u00e9rica a gestiones anteriores sin ofrecer mayores precisiones.<br><br>El gobernador pidi\u00f3 \u201cunidad\u201d para sacar adelante la provincia, pero lo hizo luego de estigmatizar a los mismos trabajadores con los que necesita acordar. Dijo querer \u201crecuperar los recursos\u201d de Santa Cruz, pero a costa de empobrecer a quienes sostienen el aparato estatal.<br><br>La realidad que Vidal no quiere ver<br><br>En un contexto nacional donde la inflaci\u00f3n acumula m\u00e1s del 100% interanual, y con el gobierno nacional recortando transferencias, subsidios y salarios, los trabajadores estatales de Santa Cruz no reclaman privilegios, sino supervivencia. La propuesta oficial de aumento en cuotas no solo es insuficiente: es insultante, m\u00e1s a\u00fan cuando llega acompa\u00f1ada de declaraciones que buscan culpar a los propios empleados por el deterioro de su situaci\u00f3n.<br><br>El conflicto sigue abierto. Las paritarias contin\u00faan empantanadas y el clima social se caldea en una provincia con una larga tradici\u00f3n de organizaci\u00f3n sindical y lucha por derechos laborales. Pero en lugar de tender puentes, el gobernador elige levantar muros. Y lo hace con una ret\u00f3rica que \u2014aunque \u00e9l insista en diferenciarse\u2014 se parece cada vez m\u00e1s a la del gobierno nacional que dice no representar.<\/p>\n\n\n\n<p>Fuente<\/p>\n\n\n\n<ul class=\"wp-block-list\">\n<li>https:\/\/noticiasargentinas.com\/politica\/&#8211;probaron-lo-que-es-laburar-en-el-privado&#8212;-la-respuesta-de-un-gobernador-a-los-estatales-en-plena-paritaria_a683ba91ab86a263170a04d7a<\/li>\n<\/ul>\n","protected":false},"excerpt":{"rendered":"<p>El gobernador de Santa Cruz tensiona la paritaria con ATE al deslegitimar los reclamos salariales del sector p\u00fablico, en plena crisis econ\u00f3mica y con trabajadores que rozan la l\u00ednea de pobreza. En medio de un conflicto paritario que ya acumula semanas de tensi\u00f3n, el gobernador de Santa Cruz, Claudio Vidal, exsindicalista petrolero devenido en dirigente&#8230;<\/p>\n","protected":false},"author":1,"featured_media":4769,"comment_status":"open","ping_status":"open","sticky":false,"template":"","format":"standard","meta":{"_monsterinsights_skip_tracking":false,"_monsterinsights_sitenote_active":false,"_monsterinsights_sitenote_note":"","_monsterinsights_sitenote_category":0,"footnotes":"","jetpack_publicize_message":"","jetpack_publicize_feature_enabled":true,"jetpack_social_post_already_shared":true,"jetpack_social_options":{"image_generator_settings":{"template":"highway","default_image_id":0,"font":"","enabled":false},"version":2}},"categories":[2],"tags":[],"class_list":["post-4770","post","type-post","status-publish","format-standard","has-post-thumbnail","hentry","category-politica"],"jetpack_publicize_connections":[],"_links":{"self":[{"href":"https:\/\/www.enorsai.com\/noticias\/wp-json\/wp\/v2\/posts\/4770","targetHints":{"allow":["GET"]}}],"collection":[{"href":"https:\/\/www.enorsai.com\/noticias\/wp-json\/wp\/v2\/posts"}],"about":[{"href":"https:\/\/www.enorsai.com\/noticias\/wp-json\/wp\/v2\/types\/post"}],"author":[{"embeddable":true,"href":"https:\/\/www.enorsai.com\/noticias\/wp-json\/wp\/v2\/users\/1"}],"replies":[{"embeddable":true,"href":"https:\/\/www.enorsai.com\/noticias\/wp-json\/wp\/v2\/comments?post=4770"}],"version-history":[{"count":1,"href":"https:\/\/www.enorsai.com\/noticias\/wp-json\/wp\/v2\/posts\/4770\/revisions"}],"predecessor-version":[{"id":4771,"href":"https:\/\/www.enorsai.com\/noticias\/wp-json\/wp\/v2\/posts\/4770\/revisions\/4771"}],"wp:featuredmedia":[{"embeddable":true,"href":"https:\/\/www.enorsai.com\/noticias\/wp-json\/wp\/v2\/media\/4769"}],"wp:attachment":[{"href":"https:\/\/www.enorsai.com\/noticias\/wp-json\/wp\/v2\/media?parent=4770"}],"wp:term":[{"taxonomy":"category","embeddable":true,"href":"https:\/\/www.enorsai.com\/noticias\/wp-json\/wp\/v2\/categories?post=4770"},{"taxonomy":"post_tag","embeddable":true,"href":"https:\/\/www.enorsai.com\/noticias\/wp-json\/wp\/v2\/tags?post=4770"}],"curies":[{"name":"wp","href":"https:\/\/api.w.org\/{rel}","templated":true}]}}