{"id":4758,"date":"2025-05-31T11:36:34","date_gmt":"2025-05-31T14:36:34","guid":{"rendered":"https:\/\/www.enorsai.com\/noticias\/sociedad\/ajuste-sin-alma-cuando-el-enemigo-de-milei-son-los-mas-vulnerables\/"},"modified":"2025-05-31T11:36:34","modified_gmt":"2025-05-31T14:36:34","slug":"ajuste-sin-alma-cuando-el-enemigo-de-milei-son-los-mas-vulnerables","status":"publish","type":"post","link":"https:\/\/www.enorsai.com\/noticias\/sociedad\/ajuste-sin-alma-cuando-el-enemigo-de-milei-son-los-mas-vulnerables\/","title":{"rendered":"Ajuste sin alma: cuando el enemigo de Milei son los m\u00e1s vulnerables"},"content":{"rendered":"\n<p>El gobierno de Javier Milei ha elegido un camino que no deja margen para el matiz: el del ajuste despiadado. En las \u00faltimas semanas, se han multiplicado las postales del dolor, el abandono y la resistencia. Discapacitados, ni\u00f1os internados, trabajadores de la salud y jubilados, todos se han vuelto blanco del recorte. La crueldad ya no es un efecto colateral de las pol\u00edticas de ajuste: es su eje rector.<br><br>El escenario es dantesco. Transportistas, terapeutas, familiares y personas con discapacidad se movilizaron frente al Congreso para exigir algo tan b\u00e1sico como la actualizaci\u00f3n de los valores de las prestaciones, congeladas desde el a\u00f1o pasado. El brutalismo oficial no s\u00f3lo posterga pagos ni reduce presupuestos: obstaculiza tr\u00e1mites para acceder a medicamentos, tratamientos y pensiones. La frase pronunciada desde lo m\u00e1s alto del gobierno \u2013\u201cSi tuviste un hijo con discapacidad es un problema de tu familia, no del Estado\u201d\u2013 funciona como declaraci\u00f3n de principios. Lo p\u00fablico ya no es responsabilidad compartida, sino un costo a eliminar.<br><br>En paralelo, el Hospital Garrahan \u2013emblema de la salud pedi\u00e1trica en Am\u00e9rica Latina\u2013 sufre una sangr\u00eda de profesionales por falta de presupuesto. M\u00e9dicos de alta capacitaci\u00f3n se ven obligados a abandonar sus puestos. Sin embargo, la sociedad no guarda silencio: cientos de familias que alguna vez encontraron en ese hospital la salvaci\u00f3n de sus hijos se movilizaron para defenderlo. El mensaje del gobierno es claro: si los ni\u00f1os enfermos tambi\u00e9n deben ajustarse, nadie est\u00e1 a salvo.<br><br>Pero la represi\u00f3n no discrimina. Cada mi\u00e9rcoles, jubilados que protestan frente al Congreso son brutalmente reprimidos por todas las fuerzas de seguridad que Patricia Bullrich pone en juego como si ensayara una doctrina de disuasi\u00f3n ejemplificadora. \u201cSi les pegamos a los jubilados, podemos hacerlo con cualquiera\u201d, parece ser la consigna no escrita. Incluso fot\u00f3grafos y periodistas comienzan a ser blanco directo. El objetivo no es s\u00f3lo reprimir, sino evitar que se vea. No se toleran testigos del ajuste.<br><br>Mientras tanto, una parte importante de la sociedad asiste con indignaci\u00f3n a este proceso de deshumanizaci\u00f3n de la pol\u00edtica. Pero otra parte \u2013numerosa\u2013 permanece anestesiada o directamente c\u00f3mplice. Aunque seg\u00fan encuestas ninguna de las medidas econ\u00f3micas del gobierno goza de aprobaci\u00f3n mayor al 35%, Milei conserva una imagen positiva s\u00f3lida. El fen\u00f3meno parece esquizofr\u00e9nico: una mayor\u00eda que sufre, pero todav\u00eda sostiene al verdugo. El \u201ccontrato electoral\u201d no se ha roto, y mientras la inflaci\u00f3n baje o se mantenga, hay quienes parecen dispuestos a resignar calidad de vida, derechos y dignidad.<br><br>Frente a este escenario, la oposici\u00f3n aparece maniatada. Es minor\u00eda parlamentaria, y muchos de sus referentes provinciales se ven extorsionados por un gobierno que maneja los recursos con l\u00f3gica de castigo y recompensa. El resultado: una estrategia defensiva que no logra dar respuesta a una ciudadan\u00eda golpeada y desilusionada.<br><br>El problema no es s\u00f3lo pol\u00edtico. Es social, cultural y profundamente estructural. La derecha no habr\u00eda llegado al poder ni podr\u00eda aplicar este nivel de crueldad sin el respaldo \u2013expl\u00edcito o t\u00e1cito\u2013 de una parte significativa de la sociedad. El espejo devuelve una imagen inc\u00f3moda: un pa\u00eds que, en nombre de la libertad de mercado, ha dejado de proteger a sus ni\u00f1os, a sus enfermos, a sus ancianos, a sus personas con discapacidad. Una naci\u00f3n donde el m\u00e9rito se convierte en coartada para justificar la indiferencia y el ego\u00edsmo.<br><br>La disyuntiva sobre desdoblar o no las elecciones en la provincia de Buenos Aires refleja tambi\u00e9n esta crisis de representatividad. Mientras Axel Kicillof apuesta por separar lo nacional de lo provincial, Cristina Fern\u00e1ndez de Kirchner advierte que toda elecci\u00f3n tendr\u00e1 un fuerte trasfondo nacional. Pero el problema va m\u00e1s all\u00e1 de la t\u00e1ctica electoral: lo que est\u00e1 en juego es c\u00f3mo construir una alternativa cre\u00edble frente a un electorado descre\u00eddo, enojado y profundamente herido.<br><br>Hoy, Argentina se parece a una tierra tomada por fuerzas hostiles a la vida digna. No son extraterrestres, sino funcionarios que act\u00faan con frialdad quir\u00fargica. El ajuste no es un n\u00famero en una planilla: es una pol\u00edtica con v\u00edctimas concretas. Y el silencio, la indiferencia o el miedo de la mayor\u00eda s\u00f3lo abonan el terreno para que la crueldad se institucionalice.<br><br>Mientras tanto, el mensaje oficial se repite con brutal eficacia: que nadie se atreva a levantar la cabeza. Que todos vean lo que ocurre cuando los m\u00e1s vulnerables osan reclamar lo que les corresponde. Frente a eso, el periodismo, los movimientos sociales, los sindicatos y la ciudadan\u00eda no pueden quedarse callados. Porque hoy, m\u00e1s que nunca, el verdadero ajuste es contra los derechos humanos.<\/p>\n","protected":false},"excerpt":{"rendered":"<p>El gobierno de Javier Milei ha elegido un camino que no deja margen para el matiz: el del ajuste despiadado. En las \u00faltimas semanas, se han multiplicado las postales del dolor, el abandono y la resistencia. Discapacitados, ni\u00f1os internados, trabajadores de la salud y jubilados, todos se han vuelto blanco del recorte. La crueldad ya&#8230;<\/p>\n","protected":false},"author":1,"featured_media":4757,"comment_status":"open","ping_status":"open","sticky":false,"template":"","format":"standard","meta":{"_monsterinsights_skip_tracking":false,"_monsterinsights_sitenote_active":false,"_monsterinsights_sitenote_note":"","_monsterinsights_sitenote_category":0,"footnotes":"","jetpack_publicize_message":"","jetpack_publicize_feature_enabled":true,"jetpack_social_post_already_shared":true,"jetpack_social_options":{"image_generator_settings":{"template":"highway","default_image_id":0,"font":"","enabled":false},"version":2}},"categories":[4],"tags":[],"class_list":["post-4758","post","type-post","status-publish","format-standard","has-post-thumbnail","hentry","category-sociedad"],"jetpack_publicize_connections":[],"_links":{"self":[{"href":"https:\/\/www.enorsai.com\/noticias\/wp-json\/wp\/v2\/posts\/4758","targetHints":{"allow":["GET"]}}],"collection":[{"href":"https:\/\/www.enorsai.com\/noticias\/wp-json\/wp\/v2\/posts"}],"about":[{"href":"https:\/\/www.enorsai.com\/noticias\/wp-json\/wp\/v2\/types\/post"}],"author":[{"embeddable":true,"href":"https:\/\/www.enorsai.com\/noticias\/wp-json\/wp\/v2\/users\/1"}],"replies":[{"embeddable":true,"href":"https:\/\/www.enorsai.com\/noticias\/wp-json\/wp\/v2\/comments?post=4758"}],"version-history":[{"count":0,"href":"https:\/\/www.enorsai.com\/noticias\/wp-json\/wp\/v2\/posts\/4758\/revisions"}],"wp:featuredmedia":[{"embeddable":true,"href":"https:\/\/www.enorsai.com\/noticias\/wp-json\/wp\/v2\/media\/4757"}],"wp:attachment":[{"href":"https:\/\/www.enorsai.com\/noticias\/wp-json\/wp\/v2\/media?parent=4758"}],"wp:term":[{"taxonomy":"category","embeddable":true,"href":"https:\/\/www.enorsai.com\/noticias\/wp-json\/wp\/v2\/categories?post=4758"},{"taxonomy":"post_tag","embeddable":true,"href":"https:\/\/www.enorsai.com\/noticias\/wp-json\/wp\/v2\/tags?post=4758"}],"curies":[{"name":"wp","href":"https:\/\/api.w.org\/{rel}","templated":true}]}}