{"id":4746,"date":"2025-05-30T19:30:30","date_gmt":"2025-05-30T22:30:30","guid":{"rendered":"http:\/\/www.enorsai.com\/noticias\/?p=4746"},"modified":"2025-05-30T20:03:45","modified_gmt":"2025-05-30T23:03:45","slug":"indignacion-bullrich-les-pide-paciencia-a-los-medicos-del-garrahan-que-cobran-sueldos-de-pobreza","status":"publish","type":"post","link":"https:\/\/www.enorsai.com\/noticias\/sociedad\/indignacion-bullrich-les-pide-paciencia-a-los-medicos-del-garrahan-que-cobran-sueldos-de-pobreza\/","title":{"rendered":"\u00a1Indignaci\u00f3n! Bullrich les pide \u00abpaciencia\u00bb a los m\u00e9dicos del Garrahan que cobran sueldos de pobreza"},"content":{"rendered":"\n<p>Las recientes declaraciones de la ministra de Seguridad, Patricia Bullrich, instando a los m\u00e9dicos del Hospital Garrahan a tener \u00abpaciencia\u00bb y record\u00e1ndoles que \u00abtodos necesitamos ganar m\u00e1s\u00bb, han generado una ola de cr\u00edticas y rechazo en diversos sectores de la sociedad. Estas palabras, pronunciadas en medio de un conflicto salarial en una de las instituciones pedi\u00e1tricas m\u00e1s importantes del pa\u00eds, han sido calificadas como insensibles y desconectadas de la realidad que enfrentan los profesionales de la salud.<\/p>\n\n\n\n<h3 class=\"wp-block-heading\">Un conflicto que va m\u00e1s all\u00e1 de los salarios<\/h3>\n\n\n\n<p>El Hospital Garrahan, referente nacional en atenci\u00f3n pedi\u00e1trica de alta complejidad, se encuentra en una situaci\u00f3n cr\u00edtica. Desde hace meses, sus trabajadores reclaman una recomposici\u00f3n salarial del 100%, argumentando que, entre agosto de 2023 y agosto de 2024, la inflaci\u00f3n acumulada fue del 240%, mientras que los aumentos salariales apenas alcanzaron el 100% . Los sueldos actuales oscilan entre $500.000 para el personal de mantenimiento y $900.000 para m\u00e9dicos con 10 a 15 a\u00f1os de experiencia, cifras que no alcanzan para cubrir la canasta b\u00e1sica .<\/p>\n\n\n\n<p>Esta situaci\u00f3n ha llevado a una fuga masiva de profesionales: en los \u00faltimos nueve meses, renunciaron m\u00e1s trabajadores que en los \u00faltimos nueve a\u00f1os . La sobrecarga laboral y el estr\u00e9s tambi\u00e9n han afectado la salud mental del personal, con un tercio de las licencias de largo tratamiento vinculadas a depresi\u00f3n y ansiedad .<\/p>\n\n\n\n<figure class=\"wp-block-embed is-type-rich is-provider-twitter wp-block-embed-twitter\"><div class=\"wp-block-embed__wrapper\">\n<blockquote class=\"twitter-tweet\" data-width=\"550\" data-dnt=\"true\"><p lang=\"es\" dir=\"ltr\">&quot;Los m\u00e9dicos del Garrahan tienen que tener paciencia. Todos NECESITAMOS ganar m\u00e1s, tienen que entender que todos ESTAMOS pasando un mal momento&quot;<br><br>Te fuiste a DISNEY hace 3 meses y ya llevan 2 a\u00f1os diciendo lo mismo <a href=\"https:\/\/t.co\/4gFJaUsGjm\">pic.twitter.com\/4gFJaUsGjm<\/a><\/p>&mdash; Arrepentidos de Milei (@ArrepentidosLLA) <a href=\"https:\/\/twitter.com\/ArrepentidosLLA\/status\/1928275022931480974?ref_src=twsrc%5Etfw\">May 30, 2025<\/a><\/blockquote><script async src=\"https:\/\/platform.twitter.com\/widgets.js\" charset=\"utf-8\"><\/script>\n<\/div><\/figure>\n\n\n\n<h3 class=\"wp-block-heading\">Reacciones desde diversos sectores<\/h3>\n\n\n\n<p>Las palabras de Bullrich no solo fueron mal recibidas por los trabajadores del hospital, sino tambi\u00e9n por figuras pol\u00edticas y sociales. Elisa Carri\u00f3, l\u00edder de la Coalici\u00f3n C\u00edvica, calific\u00f3 la situaci\u00f3n como \u00abun suicidio colectivo al que nos est\u00e1 llevando el Gobierno\u00bb . Por su parte, Adolfo Rubinstein, exministro de Salud durante el gobierno de Mauricio Macri, respald\u00f3 los reclamos de los profesionales del Garrahan y critic\u00f3 la decisi\u00f3n del actual ministro de Salud, Mario Lugones, de pedir la renuncia al Consejo de Administraci\u00f3n del hospital por otorgar un bono de $500.000 al personal .<\/p>\n\n\n\n<p>En las redes sociales, usuarios verificados expresaron su indignaci\u00f3n. La m\u00e9dica residente Agostina Fiandrino se\u00f1al\u00f3 que \u00ablos \u00faltimos aumentos fueron del 1%\u00bb y que \u00abun m\u00e9dico que est\u00e1 en el primer a\u00f1o de la carrera, que hace guardias de 24 horas, gana $720.000\u00bb .<\/p>\n\n\n\n<h3 class=\"wp-block-heading\">Una respuesta que no responde<\/h3>\n\n\n\n<p>La respuesta de la ministra Bullrich, pidiendo paciencia, ha sido vista como una falta de empat\u00eda hacia quienes est\u00e1n en la primera l\u00ednea de atenci\u00f3n m\u00e9dica. En lugar de abordar las causas profundas del conflicto, como la p\u00e9rdida del poder adquisitivo y las condiciones laborales precarias, se opta por minimizar las demandas leg\u00edtimas de los trabajadores de la salud.<\/p>\n\n\n\n<p>Es fundamental que las autoridades reconozcan la gravedad de la situaci\u00f3n y tomen medidas concretas para garantizar salarios dignos y condiciones laborales adecuadas en el Hospital Garrahan. La salud de millones de ni\u00f1os y ni\u00f1as en Argentina depende de ello.(<a href=\"https:\/\/www.tiempoar.com.ar\/informacion-general\/garrahan-defender-vida-ninos\/?utm_source=chatgpt.com\">Tiempo Argentino<\/a>)<\/p>\n\n\n\n<p>Fuente:<\/p>\n\n\n\n<ul class=\"wp-block-list\">\n<li><a href=\"https:\/\/www.tiempoar.com.ar\/ta_article\/garrahan-bajen-la-motosierra-aqui-solo-hay-chicos-enfermos\/\">https:\/\/www.tiempoar.com.ar\/ta_article\/garrahan-bajen-la-motosierra-aqui-solo-hay-chicos-enfermos\/<\/a><\/li>\n\n\n\n<li><a href=\"https:\/\/infodelgarrahan.blogspot.com\/2024\/11\/?utm_source=chatgpt.com\">https:\/\/infodelgarrahan.blogspot.com\/2024\/11\/<\/a><\/li>\n\n\n\n<li><a href=\"https:\/\/www.perfil.com\/noticias\/politica\/conflicto-en-el-garrahan-en-los-meses-de-gestion-libertaria-renunciaron-mas-profesionales-que-en-los-ultimos-9-anos.phtml?utm_source=chatgpt.com\">https:\/\/www.perfil.com\/noticias\/politica\/conflicto-en-el-garrahan-en-los-meses-de-gestion-libertaria-renunciaron-mas-profesionales-que-en-los-ultimos-9-anos.phtml<\/a><\/li>\n\n\n\n<li><a href=\"https:\/\/www.eldiarioar.com\/sociedad\/garrahan-lucha-pone-juego-salarios_1_11667161.html?utm_source=chatgpt.com\">https:\/\/www.eldiarioar.com\/sociedad\/garrahan-lucha-pone-juego-salarios_1_11667161.html<\/a><\/li>\n\n\n\n<li><a href=\"https:\/\/www.ambito.com\/el-mensaje-elisa-carrio-contra-javier-milei-el-hospital-garrahan-es-un-suicido-colectivo-al-que-nos-esta-llevandoelgobierno-n6068322?utm_source=chatgpt.com\">https:\/\/www.ambito.com\/el-mensaje-elisa-carrio-contra-javier-milei-el-hospital-garrahan-es-un-suicido-colectivo-al-que-nos-esta-llevandoelgobierno-n6068322<\/a><\/li>\n\n\n\n<li><a href=\"https:\/\/www.lanacion.com.ar\/politica\/el-extitular-de-salud-de-macri-apoyo-los-reclamos-de-los-medicos-del-hospital-garrahan-nid08102024\/?utm_source=chatgpt.com\">https:\/\/www.lanacion.com.ar\/politica\/el-extitular-de-salud-de-macri-apoyo-los-reclamos-de-los-medicos-del-hospital-garrahan-nid08102024\/<\/a><\/li>\n\n\n\n<li><a href=\"https:\/\/www.cronista.com\/economia-politica\/el-nuevo-ministro-de-salud-le-pidio-la-renuncia-al-consejo-de-administracion-del-hospital-garraham\/?utm_source=chatgpt.com\">https:\/\/www.cronista.com\/economia-politica\/el-nuevo-ministro-de-salud-le-pidio-la-renuncia-al-consejo-de-administracion-del-hospital-garraham\/<\/a><\/li>\n<\/ul>\n","protected":false},"excerpt":{"rendered":"<p>Las recientes declaraciones de la ministra de Seguridad, Patricia Bullrich, instando a los m\u00e9dicos del Hospital Garrahan a tener \u00abpaciencia\u00bb y record\u00e1ndoles que \u00abtodos necesitamos ganar m\u00e1s\u00bb, han generado una ola de cr\u00edticas y rechazo en diversos sectores de la sociedad. Estas palabras, pronunciadas en medio de un conflicto salarial en una de las instituciones&#8230;<\/p>\n","protected":false},"author":12,"featured_media":4747,"comment_status":"open","ping_status":"open","sticky":false,"template":"","format":"standard","meta":{"_monsterinsights_skip_tracking":false,"_monsterinsights_sitenote_active":false,"_monsterinsights_sitenote_note":"","_monsterinsights_sitenote_category":0,"footnotes":"","jetpack_publicize_message":"","jetpack_publicize_feature_enabled":true,"jetpack_social_post_already_shared":true,"jetpack_social_options":{"image_generator_settings":{"template":"highway","default_image_id":0,"font":"","enabled":false},"version":2}},"categories":[4],"tags":[1569,431,249],"class_list":["post-4746","post","type-post","status-publish","format-standard","has-post-thumbnail","hentry","category-sociedad","tag-hospital-garrahan","tag-patricia-bullrich","tag-salud"],"jetpack_publicize_connections":[],"_links":{"self":[{"href":"https:\/\/www.enorsai.com\/noticias\/wp-json\/wp\/v2\/posts\/4746","targetHints":{"allow":["GET"]}}],"collection":[{"href":"https:\/\/www.enorsai.com\/noticias\/wp-json\/wp\/v2\/posts"}],"about":[{"href":"https:\/\/www.enorsai.com\/noticias\/wp-json\/wp\/v2\/types\/post"}],"author":[{"embeddable":true,"href":"https:\/\/www.enorsai.com\/noticias\/wp-json\/wp\/v2\/users\/12"}],"replies":[{"embeddable":true,"href":"https:\/\/www.enorsai.com\/noticias\/wp-json\/wp\/v2\/comments?post=4746"}],"version-history":[{"count":1,"href":"https:\/\/www.enorsai.com\/noticias\/wp-json\/wp\/v2\/posts\/4746\/revisions"}],"predecessor-version":[{"id":4748,"href":"https:\/\/www.enorsai.com\/noticias\/wp-json\/wp\/v2\/posts\/4746\/revisions\/4748"}],"wp:featuredmedia":[{"embeddable":true,"href":"https:\/\/www.enorsai.com\/noticias\/wp-json\/wp\/v2\/media\/4747"}],"wp:attachment":[{"href":"https:\/\/www.enorsai.com\/noticias\/wp-json\/wp\/v2\/media?parent=4746"}],"wp:term":[{"taxonomy":"category","embeddable":true,"href":"https:\/\/www.enorsai.com\/noticias\/wp-json\/wp\/v2\/categories?post=4746"},{"taxonomy":"post_tag","embeddable":true,"href":"https:\/\/www.enorsai.com\/noticias\/wp-json\/wp\/v2\/tags?post=4746"}],"curies":[{"name":"wp","href":"https:\/\/api.w.org\/{rel}","templated":true}]}}