{"id":4745,"date":"2025-05-30T17:52:50","date_gmt":"2025-05-30T20:52:50","guid":{"rendered":"https:\/\/www.enorsai.com\/noticias\/politica\/misiones-karina-milei-fue-repudiada-por-yerbateros-y-jubilados-en-obera-y-debio-esconderse-en-un-local\/"},"modified":"2025-05-30T17:52:50","modified_gmt":"2025-05-30T20:52:50","slug":"misiones-karina-milei-fue-repudiada-por-yerbateros-y-jubilados-en-obera-y-debio-esconderse-en-un-local","status":"publish","type":"post","link":"https:\/\/www.enorsai.com\/noticias\/politica\/misiones-karina-milei-fue-repudiada-por-yerbateros-y-jubilados-en-obera-y-debio-esconderse-en-un-local\/","title":{"rendered":"Misiones: Karina Milei fue repudiada por yerbateros y jubilados en Ober\u00e1 y debi\u00f3 esconderse en un local"},"content":{"rendered":"\n<p>Durante la reciente visita de Karina Milei a la ciudad de Ober\u00e1, Misiones, se registraron serios incidentes que marcaron su paso por la provincia. La hermana del presidente Javier Milei, en su rol como secretaria general de la Presidencia, hab\u00eda llegado para participar de un acto pol\u00edtico organizado por La Libertad Avanza (LLA), junto al presidente de la C\u00e1mara de Diputados, Mart\u00edn Menem. Sin embargo, el evento debi\u00f3 ser suspendido ante el fuerte repudio popular que estall\u00f3 en las calles.<br><br>Seg\u00fan reportaron medios como El Territorio, Misiones Online y La Voz de Misiones, la tensi\u00f3n comenz\u00f3 cuando un grupo de productores yerbateros, acompa\u00f1ados por jubilados y vecinos autoconvocados, se acercaron al lugar donde se desarrollar\u00eda el acto para protestar contra las pol\u00edticas del gobierno nacional, el brutal ajuste econ\u00f3mico y el abandono del sector productivo local.<\/p>\n\n\n\n<figure class=\"wp-block-embed is-type-rich is-provider-twitter wp-block-embed-twitter\"><div class=\"wp-block-embed__wrapper\">\n<blockquote class=\"twitter-tweet\" data-width=\"550\" data-dnt=\"true\"><p lang=\"es\" dir=\"ltr\">Much\u00edsimos yerbateros de Misiones votaron a Milei. Me animar\u00eda a decir que casi todos. Hoy su hermana Karina recorri\u00f3 el centro de Ober\u00e1 con militantes libertarios, y esos mismos yerbateros les manifestaron su afecto. <a href=\"https:\/\/t.co\/yWnNJO6IsC\">pic.twitter.com\/yWnNJO6IsC<\/a><\/p>&mdash; Dante L\u00f3pez Foresi (@DanteForesi) <a href=\"https:\/\/twitter.com\/DanteForesi\/status\/1928493518009299417?ref_src=twsrc%5Etfw\">May 30, 2025<\/a><\/blockquote><script async src=\"https:\/\/platform.twitter.com\/widgets.js\" charset=\"utf-8\"><\/script>\n<\/div><\/figure>\n\n\n\n<p><br><br>Los manifestantes \u2014portando carteles, banderas y exigiendo respuestas\u2014 lograron romper el cerco de seguridad improvisado por los escasos militantes libertarios presentes y la custodia oficial. Ante el avance del escrache, Karina Milei se vio obligada a refugiarse en un comercio de la zona. Ni la fuerza de sus guardaespaldas ni los intentos de sus operadores locales lograron frenar la indignaci\u00f3n de una poblaci\u00f3n que, desde hace meses, sufre los efectos de la inflaci\u00f3n, la recesi\u00f3n y el desguace del Estado.<br><br>La imagen de la poderosa figura de \u201cEl Jefe\u201d \u2014como la llama su hermano\u2014 escondida en un local mientras los productores gritaban \u201c\u00a1la yerba no se vende, la patria no se entrega!\u201d se viraliz\u00f3 r\u00e1pidamente en redes sociales. Videos difundidos por canales locales muestran el momento en que Karina y Mart\u00edn Menem debieron abortar su acto y salir escoltados en medio de un clima de furia popular.<\/p>\n\n\n\n<figure class=\"wp-block-embed is-type-rich is-provider-twitter wp-block-embed-twitter\"><div class=\"wp-block-embed__wrapper\">\n<blockquote class=\"twitter-tweet\" data-width=\"550\" data-dnt=\"true\"><p lang=\"es\" dir=\"ltr\">Otro video que demuestra la gratitud que sienten los yerbateros misioneros por la visita de Karina Milei y militantes libertarios a Ober\u00e1. <a href=\"https:\/\/t.co\/GZHUN3Twg6\">pic.twitter.com\/GZHUN3Twg6<\/a><\/p>&mdash; Dante L\u00f3pez Foresi (@DanteForesi) <a href=\"https:\/\/twitter.com\/DanteForesi\/status\/1928533388845019365?ref_src=twsrc%5Etfw\">May 30, 2025<\/a><\/blockquote><script async src=\"https:\/\/platform.twitter.com\/widgets.js\" charset=\"utf-8\"><\/script>\n<\/div><\/figure>\n\n\n\n<p><br><br>La visita, lejos de consolidar apoyo en el interior del pa\u00eds, termin\u00f3 exhibiendo el creciente rechazo hacia La Libertad Avanza incluso en territorios donde buscaban posicionarse. La suspensi\u00f3n del acto fue le\u00edda por diversos sectores como una se\u00f1al clara de debilidad y desconexi\u00f3n con la realidad de las provincias.<br><br>Mientras el gobierno nacional celebra \u201csuper\u00e1vits\u201d a costa del hambre y la miseria, en Misiones la bronca se hizo sentir en las calles. Los yerbateros, hartos del abandono y la falta de respuestas, dijeron basta. Y esta vez, ni los slogans de campa\u00f1a ni el blindaje medi\u00e1tico alcanzaron para ocultar lo evidente: el ajuste tiene consecuencias, y la paciencia del pueblo tiene un l\u00edmite.<\/p>\n","protected":false},"excerpt":{"rendered":"<p>Durante la reciente visita de Karina Milei a la ciudad de Ober\u00e1, Misiones, se registraron serios incidentes que marcaron su paso por la provincia. La hermana del presidente Javier Milei, en su rol como secretaria general de la Presidencia, hab\u00eda llegado para participar de un acto pol\u00edtico organizado por La Libertad Avanza (LLA), junto al&#8230;<\/p>\n","protected":false},"author":1,"featured_media":4744,"comment_status":"open","ping_status":"open","sticky":false,"template":"","format":"standard","meta":{"_monsterinsights_skip_tracking":false,"_monsterinsights_sitenote_active":false,"_monsterinsights_sitenote_note":"","_monsterinsights_sitenote_category":0,"footnotes":"","jetpack_publicize_message":"","jetpack_publicize_feature_enabled":true,"jetpack_social_post_already_shared":true,"jetpack_social_options":{"image_generator_settings":{"template":"highway","default_image_id":0,"font":"","enabled":false},"version":2}},"categories":[2],"tags":[174,446,605,1259],"class_list":["post-4745","post","type-post","status-publish","format-standard","has-post-thumbnail","hentry","category-politica","tag-karina-milei","tag-la-libertad-avanza","tag-libertarios","tag-misiones"],"jetpack_publicize_connections":[],"_links":{"self":[{"href":"https:\/\/www.enorsai.com\/noticias\/wp-json\/wp\/v2\/posts\/4745","targetHints":{"allow":["GET"]}}],"collection":[{"href":"https:\/\/www.enorsai.com\/noticias\/wp-json\/wp\/v2\/posts"}],"about":[{"href":"https:\/\/www.enorsai.com\/noticias\/wp-json\/wp\/v2\/types\/post"}],"author":[{"embeddable":true,"href":"https:\/\/www.enorsai.com\/noticias\/wp-json\/wp\/v2\/users\/1"}],"replies":[{"embeddable":true,"href":"https:\/\/www.enorsai.com\/noticias\/wp-json\/wp\/v2\/comments?post=4745"}],"version-history":[{"count":0,"href":"https:\/\/www.enorsai.com\/noticias\/wp-json\/wp\/v2\/posts\/4745\/revisions"}],"wp:featuredmedia":[{"embeddable":true,"href":"https:\/\/www.enorsai.com\/noticias\/wp-json\/wp\/v2\/media\/4744"}],"wp:attachment":[{"href":"https:\/\/www.enorsai.com\/noticias\/wp-json\/wp\/v2\/media?parent=4745"}],"wp:term":[{"taxonomy":"category","embeddable":true,"href":"https:\/\/www.enorsai.com\/noticias\/wp-json\/wp\/v2\/categories?post=4745"},{"taxonomy":"post_tag","embeddable":true,"href":"https:\/\/www.enorsai.com\/noticias\/wp-json\/wp\/v2\/tags?post=4745"}],"curies":[{"name":"wp","href":"https:\/\/api.w.org\/{rel}","templated":true}]}}