{"id":474,"date":"2025-02-01T22:02:25","date_gmt":"2025-02-02T01:02:25","guid":{"rendered":"https:\/\/www.enorsai.com\/noticias\/?p=474"},"modified":"2025-02-01T22:02:25","modified_gmt":"2025-02-02T01:02:25","slug":"la-marcha-federal-del-orgullo-y-el-antifascismo-un-grito-colectivo-contra-el-autoritarismo-de-milei","status":"publish","type":"post","link":"https:\/\/www.enorsai.com\/noticias\/sociedad\/la-marcha-federal-del-orgullo-y-el-antifascismo-un-grito-colectivo-contra-el-autoritarismo-de-milei\/","title":{"rendered":"La Marcha Federal del Orgullo y el Antifascismo: Un Grito Colectivo Contra el Autoritarismo de Milei"},"content":{"rendered":"\n<p><em><strong>Miles de personas inundaron las calles de Buenos Aires en una manifestaci\u00f3n hist\u00f3rica que combin\u00f3 la lucha por los derechos LGBTQ+ y la resistencia antifascista, en un contexto de pol\u00edticas gubernamentales que muchos califican de represivas y excluyentes.<\/strong><\/em><br><br>En una jornada cargada de emociones y consignas, la Marcha Federal del Orgullo y el Antifascismo se convirti\u00f3 en un term\u00f3metro social frente a las medidas del gobierno de Javier Milei. Analizamos las claves de una movilizaci\u00f3n que dej\u00f3 en evidencia las tensiones entre un Estado que promueve el ajuste y una sociedad que defiende sus derechos.<\/p>\n\n\n\n<p><br>La ciudad de Buenos Aires fue testigo este fin de semana de una de las movilizaciones m\u00e1s significativas de los \u00faltimos a\u00f1os: la Marcha Federal del Orgullo y el Antifascismo. Bajo un sol inclemente, miles de personas se congregaron en las calles para alzar su voz contra las pol\u00edticas del gobierno de Javier Milei, que muchos consideran regresivas y autoritarias. La marcha, que combin\u00f3 las reivindicaciones hist\u00f3ricas del movimiento LGBTQ+ con la resistencia antifascista, se transform\u00f3 en un escenario de lucha y unidad frente a un contexto pol\u00edtico que divide aguas.<br><br>Desde temprano, la Plaza de Mayo se llen\u00f3 de colores, banderas y consignas. \u00abNo al ajuste, no al odio\u00bb, \u00abMilei, fascista, vos sos el terrorista\u00bb, fueron algunas de las frases que resonaron con fuerza. La movilizaci\u00f3n no solo fue un espacio de celebraci\u00f3n de la diversidad, sino tambi\u00e9n una cr\u00edtica feroz a las medidas econ\u00f3micas y sociales impulsadas por el gobierno, que han generado un clima de incertidumbre y descontento en amplios sectores de la sociedad.<br><br>Seg\u00fan un informe publicado por <strong>P\u00e1gina\/12<\/strong>, la marcha reuni\u00f3 a m\u00e1s de 100.000 personas, cifra que super\u00f3 las expectativas de los organizadores. \u00abEs una respuesta contundente a un gobierno que quiere imponer su agenda de exclusi\u00f3n\u00bb, afirm\u00f3 Mar\u00eda Laura, una de las coordinadoras del evento. La nota destaca que, adem\u00e1s de las organizaciones LGBTQ+, participaron sindicatos, movimientos sociales y partidos pol\u00edticos de oposici\u00f3n, lo que refleja un amplio frente de resistencia.<br><br>Por su parte, <strong>Infobae<\/strong> centr\u00f3 su cobertura en las tensiones entre los manifestantes y las fuerzas de seguridad. Aunque la marcha transcurri\u00f3 en su mayor\u00eda de manera pac\u00edfica, hubo momentos de confrontaci\u00f3n, especialmente cuando un grupo de manifestantes intent\u00f3 acercarse a la Casa Rosada. \u00abEl gobierno est\u00e1 utilizando la represi\u00f3n como herramienta para silenciar las protestas\u00bb, denunci\u00f3 un dirigente de la izquierda argentina en declaraciones recogidas por el medio.<\/p>\n\n\n\n<div class=\"wp-block-jetpack-related-posts\">\n<h3 class=\"wp-block-heading\">Te puede interesar<\/h3>\n<\/div>\n\n\n\n<p><br>En <strong>Clar\u00edn<\/strong>, la mirada fue m\u00e1s cr\u00edtica hacia los organizadores de la marcha. El art\u00edculo cuestiona la inclusi\u00f3n de consignas antifascistas en un evento que tradicionalmente se centraba en los derechos LGBTQ+. \u00ab\u00bfNo se corre el riesgo de diluir el mensaje principal?\u00bb, se preguntaba el editorialista. Sin embargo, esta postura fue r\u00e1pidamente rebatida en las redes sociales, donde usuarios destacaron que la lucha contra el fascismo y la defensa de los derechos de las minor\u00edas son dos caras de la misma moneda.<br><br>En las redes sociales, la marcha fue trending topic durante todo el d\u00eda. En Twitter, hashtags como #MarchaDelOrgullo y #NoAlFascismo se mantuvieron en los primeros lugares, mientras que en Instagram, las fotos y videos de la movilizaci\u00f3n acumularon miles de likes y comentarios. \u00abEs incre\u00edble ver tanta gente unida por una causa com\u00fan\u00bb, escribi\u00f3 un usuario en Facebook. \u00abEsto demuestra que el pueblo no se va a quedar callado\u00bb, agreg\u00f3 otro.<br><br>Pero no todo fue celebraci\u00f3n. En <strong>La Naci\u00f3n<\/strong>, un art\u00edculo editorializ\u00f3 sobre el \u00abriesgo de politizaci\u00f3n excesiva\u00bb de la marcha, argumentando que eventos como este deber\u00edan mantenerse alejados de las disputas partidarias. Esta postura, sin embargo, fue duramente criticada por activistas y analistas pol\u00edticos, quienes se\u00f1alaron que en un contexto de recortes presupuestarios y ataques a los derechos laborales, es imposible separar la lucha por la diversidad de la defensa de la democracia.<br><br>Lo cierto es que la Marcha Federal del Orgullo y el Antifascismo dej\u00f3 en evidencia las profundas grietas que atraviesan a la sociedad argentina. Por un lado, un gobierno que apuesta a la liberalizaci\u00f3n econ\u00f3mica y a un discurso que muchos califican de autoritario. Por el otro, una ciudadan\u00eda que se organiza y resiste, defendiendo sus conquistas sociales y pol\u00edticas. En este escenario, la pregunta que queda flotando en el aire es: \u00bfhasta d\u00f3nde est\u00e1 dispuesto a llegar el gobierno de Milei para imponer su agenda?<br><\/p>\n\n\n\n\n\n<p><\/p>\n","protected":false},"excerpt":{"rendered":"<p>\ud83c\udf08\ud83c\udde6\ud83c\uddf7 \u00a1La Marcha Federal del Orgullo y el Antifascismo fue hist\u00f3rica! Miles de personas llenaron las calles de Buenos Aires para decir NO al ajuste y al odio. \ud83d\udea8\ud83d\udcaa Con consignas como \u00abMilei, fascista, vos sos el terrorista\u00bb, la movilizaci\u00f3n se transform\u00f3 en un grito colectivo contra las pol\u00edticas del gobierno. \ud83d\udce2\u2728<\/p>\n","protected":false},"author":1,"featured_media":484,"comment_status":"open","ping_status":"open","sticky":false,"template":"","format":"standard","meta":{"_monsterinsights_skip_tracking":false,"_monsterinsights_sitenote_active":false,"_monsterinsights_sitenote_note":"","_monsterinsights_sitenote_category":0,"footnotes":"","jetpack_publicize_message":"\ud83c\udf08\ud83c\udde6\ud83c\uddf7 \u00a1La Marcha Federal del Orgullo y el Antifascismo fue hist\u00f3rica! Miles de personas llenaron las calles de Buenos Aires para decir NO al ajuste y al odio. \ud83d\udea8\ud83d\udcaa Con consignas como \"Milei, fascista, vos sos el terrorista\", la movilizaci\u00f3n se transform\u00f3","jetpack_publicize_feature_enabled":true,"jetpack_social_post_already_shared":false,"jetpack_social_options":{"image_generator_settings":{"template":"highway","enabled":false},"version":2}},"categories":[4],"tags":[139,140,138,45,141],"class_list":["post-474","post","type-post","status-publish","format-standard","has-post-thumbnail","hentry","category-sociedad","tag-antifascismo","tag-derechos-lgbtq","tag-marcha-del-orgullo","tag-milei","tag-protesta-social"],"jetpack_publicize_connections":[],"_links":{"self":[{"href":"https:\/\/www.enorsai.com\/noticias\/wp-json\/wp\/v2\/posts\/474","targetHints":{"allow":["GET"]}}],"collection":[{"href":"https:\/\/www.enorsai.com\/noticias\/wp-json\/wp\/v2\/posts"}],"about":[{"href":"https:\/\/www.enorsai.com\/noticias\/wp-json\/wp\/v2\/types\/post"}],"author":[{"embeddable":true,"href":"https:\/\/www.enorsai.com\/noticias\/wp-json\/wp\/v2\/users\/1"}],"replies":[{"embeddable":true,"href":"https:\/\/www.enorsai.com\/noticias\/wp-json\/wp\/v2\/comments?post=474"}],"version-history":[{"count":2,"href":"https:\/\/www.enorsai.com\/noticias\/wp-json\/wp\/v2\/posts\/474\/revisions"}],"predecessor-version":[{"id":485,"href":"https:\/\/www.enorsai.com\/noticias\/wp-json\/wp\/v2\/posts\/474\/revisions\/485"}],"wp:featuredmedia":[{"embeddable":true,"href":"https:\/\/www.enorsai.com\/noticias\/wp-json\/wp\/v2\/media\/484"}],"wp:attachment":[{"href":"https:\/\/www.enorsai.com\/noticias\/wp-json\/wp\/v2\/media?parent=474"}],"wp:term":[{"taxonomy":"category","embeddable":true,"href":"https:\/\/www.enorsai.com\/noticias\/wp-json\/wp\/v2\/categories?post=474"},{"taxonomy":"post_tag","embeddable":true,"href":"https:\/\/www.enorsai.com\/noticias\/wp-json\/wp\/v2\/tags?post=474"}],"curies":[{"name":"wp","href":"https:\/\/api.w.org\/{rel}","templated":true}]}}