{"id":468,"date":"2025-02-01T11:54:52","date_gmt":"2025-02-01T11:54:52","guid":{"rendered":"https:\/\/www.enorsai.com\/noticias\/?p=468"},"modified":"2025-02-01T11:55:47","modified_gmt":"2025-02-01T11:55:47","slug":"no-es-tiempo-para-tibios-por-que-es-un-deber-marchar-contra-el-fascismo-y-el-racismo-en-la-argentina-de-milei","status":"publish","type":"post","link":"https:\/\/www.enorsai.com\/noticias\/politica\/no-es-tiempo-para-tibios-por-que-es-un-deber-marchar-contra-el-fascismo-y-el-racismo-en-la-argentina-de-milei\/","title":{"rendered":"No es tiempo para tibios: Por qu\u00e9 es un deber marchar contra el fascismo y el racismo en la Argentina de Milei"},"content":{"rendered":"\n<p><strong><em>La comunidad LGBTQI+ y aliados se movilizan hoy en m\u00e1s de 100 localidades para repudiar las declaraciones discriminatorias del presidente Javier Milei y defender los derechos conquistados.<br><\/em><\/strong><br>Las recientes afirmaciones de Milei en el Foro Econ\u00f3mico Mundial, que vinculan la homosexualidad con el abuso infantil y descalifican al feminismo, han generado una respuesta masiva y organizada en todo el pa\u00eds.<br><br>Hoy, s\u00e1bado 1 de febrero, Argentina ser\u00e1 testigo de una movilizaci\u00f3n sin precedentes: la Marcha Federal del Orgullo Antifascista y Antirracista LGBTQI+. Esta manifestaci\u00f3n, que se replicar\u00e1 en m\u00e1s de 100 localidades del pa\u00eds y en diversas ciudades del mundo, surge como una respuesta directa a las declaraciones del presidente Javier Milei en el Foro Econ\u00f3mico Mundial. En su intervenci\u00f3n, Milei no solo vincul\u00f3 de manera infundada la homosexualidad con el abuso infantil, sino que tambi\u00e9n descalific\u00f3 al feminismo, calific\u00e1ndolo como una distorsi\u00f3n de la igualdad. <br><br>Estas afirmaciones, cargadas de prejuicios y desinformaci\u00f3n, han encendido la indignaci\u00f3n de amplios sectores de la sociedad. La comunidad LGBTQI+, junto con organizaciones sociales, sindicales y de derechos humanos, han decidido alzar la voz y salir a las calles para defender los derechos conquistados y rechazar cualquier intento de retroceso. La consigna es clara: \u00abLa vida est\u00e1 en riesgo \u00a1Basta! Al cl\u00f3set no volvemos nunca m\u00e1s\u00bb. <br><br>La convocatoria en la Ciudad de Buenos Aires est\u00e1 programada para las 16:00 horas, partiendo desde Plaza Congreso hacia Plaza de Mayo. Pero la movilizaci\u00f3n no se limita a la capital; ciudades como C\u00f3rdoba, Rosario, Mendoza y muchas otras se sumar\u00e1n a esta jornada de protesta y reivindicaci\u00f3n. Incluso, en el \u00e1mbito internacional, se han organizado marchas en solidaridad con la causa argentina. <br><br>Es fundamental comprender que esta marcha trasciende las fronteras de la comunidad LGBTQI+. Se trata de una defensa de los valores democr\u00e1ticos, de la igualdad y del respeto por la diversidad. Las declaraciones de Milei no solo atacan a un colectivo espec\u00edfico, sino que representan una amenaza para toda la sociedad. Permitir que discursos de odio y discriminaci\u00f3n se normalicen es abrir la puerta al fascismo y al racismo, males que nuestra historia nos ha ense\u00f1ado a rechazar con firmeza.<br><br>Adem\u00e1s, es alarmante observar c\u00f3mo desde el gobierno se promueven pol\u00edticas que buscan desmantelar conquistas sociales hist\u00f3ricas. La intenci\u00f3n de eliminar el DNI no binario, la figura penal de femicidio y el cupo laboral travesti-trans son claros ejemplos de un retroceso en materia de derechos humanos. <br><br>La Marcha Federal del Orgullo Antifascista y Antirracista es una oportunidad para que la ciudadan\u00eda exprese su rechazo a estas pol\u00edticas y reafirme su compromiso con una Argentina inclusiva y respetuosa de las diferencias. Es un llamado a la acci\u00f3n, a no permanecer indiferentes ante la injusticia y la discriminaci\u00f3n.<br><br>En palabras de una de las organizadoras de la marcha: \u00abLa respuesta a la violencia econ\u00f3mica, a la persecuci\u00f3n pol\u00edtica y la represi\u00f3n sexual del Gobierno de Javier Milei, tiene los colores de nuestra comunidad. Juntes y en alianza a lo largo de todo el pa\u00eds, articulando todas nuestras diferencias, nos necesitamos ahora\u00bb. <br><br>Hoy, m\u00e1s que nunca, es imperativo salir a las calles y demostrar que no permitiremos que el odio y la intolerancia definan el rumbo de nuestra naci\u00f3n. La diversidad es nuestra fortaleza, y juntos podemos construir una sociedad m\u00e1s justa y equitativa para todos.<\/p>\n\n\n\n<p><\/p>\n\n\n\n<p><br><\/p>\n\n\n\n<div class=\"wp-block-jetpack-related-posts\">\n<h2 class=\"wp-block-heading\"><\/h2>\n<\/div>\n","protected":false},"excerpt":{"rendered":"<p>La Marcha Federal del Orgullo Antifascista y Antirracista LGBTQI+ se moviliza en todo el pa\u00eds contra el discurso de odio del gobierno de Javier Milei. Ante el intento de borrar derechos conquistados, la comunidad y aliados salen a las calles para gritar: \u00a1Al cl\u00f3set no volvemos nunca m\u00e1s!<\/p>\n","protected":false},"author":2,"featured_media":475,"comment_status":"open","ping_status":"open","sticky":false,"template":"","format":"standard","meta":{"_monsterinsights_skip_tracking":false,"_monsterinsights_sitenote_active":false,"_monsterinsights_sitenote_note":"","_monsterinsights_sitenote_category":0,"footnotes":"","jetpack_publicize_message":"","jetpack_publicize_feature_enabled":true,"jetpack_social_post_already_shared":true,"jetpack_social_options":{"image_generator_settings":{"template":"highway","default_image_id":0,"font":"","enabled":false},"version":2}},"categories":[17,2,4],"tags":[69,136,137],"class_list":["post-468","post","type-post","status-publish","format-standard","has-post-thumbnail","hentry","category-opinion","category-politica","category-sociedad","tag-derechos","tag-fascismo","tag-resistencia"],"jetpack_publicize_connections":[],"_links":{"self":[{"href":"https:\/\/www.enorsai.com\/noticias\/wp-json\/wp\/v2\/posts\/468","targetHints":{"allow":["GET"]}}],"collection":[{"href":"https:\/\/www.enorsai.com\/noticias\/wp-json\/wp\/v2\/posts"}],"about":[{"href":"https:\/\/www.enorsai.com\/noticias\/wp-json\/wp\/v2\/types\/post"}],"author":[{"embeddable":true,"href":"https:\/\/www.enorsai.com\/noticias\/wp-json\/wp\/v2\/users\/2"}],"replies":[{"embeddable":true,"href":"https:\/\/www.enorsai.com\/noticias\/wp-json\/wp\/v2\/comments?post=468"}],"version-history":[{"count":5,"href":"https:\/\/www.enorsai.com\/noticias\/wp-json\/wp\/v2\/posts\/468\/revisions"}],"predecessor-version":[{"id":479,"href":"https:\/\/www.enorsai.com\/noticias\/wp-json\/wp\/v2\/posts\/468\/revisions\/479"}],"wp:featuredmedia":[{"embeddable":true,"href":"https:\/\/www.enorsai.com\/noticias\/wp-json\/wp\/v2\/media\/475"}],"wp:attachment":[{"href":"https:\/\/www.enorsai.com\/noticias\/wp-json\/wp\/v2\/media?parent=468"}],"wp:term":[{"taxonomy":"category","embeddable":true,"href":"https:\/\/www.enorsai.com\/noticias\/wp-json\/wp\/v2\/categories?post=468"},{"taxonomy":"post_tag","embeddable":true,"href":"https:\/\/www.enorsai.com\/noticias\/wp-json\/wp\/v2\/tags?post=468"}],"curies":[{"name":"wp","href":"https:\/\/api.w.org\/{rel}","templated":true}]}}