{"id":4674,"date":"2025-05-30T10:33:06","date_gmt":"2025-05-30T13:33:06","guid":{"rendered":"http:\/\/www.enorsai.com\/noticias\/?p=4674"},"modified":"2025-05-30T20:06:00","modified_gmt":"2025-05-30T23:06:00","slug":"el-ajuste-de-milei-el-garrahan-se-desangra-entre-salarios-de-miseria-desercion-profesional-y-abandono-institucional","status":"publish","type":"post","link":"https:\/\/www.enorsai.com\/noticias\/sociedad\/el-ajuste-de-milei-el-garrahan-se-desangra-entre-salarios-de-miseria-desercion-profesional-y-abandono-institucional\/","title":{"rendered":"El ajuste de Milei: El Garrahan se desangra entre salarios de miseria, deserci\u00f3n profesional y abandono institucional"},"content":{"rendered":"\n<p><strong><em>Mientras el Gobierno minimiza la crisis y apunta contra gremios, el hospital pedi\u00e1trico m\u00e1s importante del pa\u00eds se desangra entre salarios de miseria, deserci\u00f3n profesional y abandono institucional. La protesta de m\u00e9dicos y residentes del Garrahan visibiliza la descomposici\u00f3n acelerada del sistema de salud p\u00fablica bajo el brutal ajuste de Javier Milei. Sin propuestas salariales serias, con discursos que relativizan el colapso y una gesti\u00f3n que prioriza el recorte fiscal por encima de la vida de ni\u00f1os y ni\u00f1as, el Gobierno profundiza una tragedia que ya no puede disimular.<\/em><\/strong><\/p>\n\n\n\n<p>El grito desesperado de m\u00e9dicos y residentes del Hospital Garrahan no puede seguir siendo ignorado. Este jueves, en pleno centro porte\u00f1o, se realiz\u00f3 una nueva jornada de paro y movilizaci\u00f3n que reuni\u00f3 a trabajadores de la salud que vienen soportando, desde hace meses, el peso asfixiante de una pol\u00edtica de ajuste despiadado. El reclamo es claro: salarios dignos, condiciones laborales humanas y respeto por una tarea que no admite improvisaciones ni desprecio. Pero el Gobierno de Javier Milei, fiel a su manual de cinismo neoliberal, responde con desd\u00e9n, negacionismo y falsas promesas.<\/p>\n\n\n\n<p>El Garrahan no es un hospital m\u00e1s. Es la columna vertebral de la pediatr\u00eda argentina y uno de los centros de salud infantil m\u00e1s importantes de Am\u00e9rica Latina. All\u00ed se realizan cerca de 600 mil consultas anuales, se atienden casos de alt\u00edsima complejidad, se realizan trasplantes y se llevan a cabo intervenciones quir\u00fargicas que requieren de una experticia que no abunda. Sin embargo, la situaci\u00f3n interna hoy es de colapso: m\u00e9dicos agotados, residentes en fuga, salarios por debajo de la l\u00ednea de pobreza y una estructura cada vez m\u00e1s sostenida por voluntades individuales que ya no dan abasto.<\/p>\n\n\n\n<p>A pesar de las m\u00faltiples se\u00f1ales de alarma, el Gobierno responde como si nada pasara. La vocer\u00eda presidencial, encarnada por Manuel Adorni, minimiz\u00f3 el conflicto y apel\u00f3 a la ret\u00f3rica vac\u00eda de \u201cordenar los recursos\u201d y \u201cromper privilegios\u201d. Seg\u00fan Adorni, el Garrahan \u201cno est\u00e1 desfinanciado\u201d sino que atraviesa un proceso de \u201creorganizaci\u00f3n\u201d que incluye la implementaci\u00f3n de un sistema biom\u00e9trico para controlar el ingreso del personal. La respuesta suena insultante, no solo porque evita el tema central \u2013el deterioro salarial y estructural del hospital\u2013 sino porque lanza un manto de sospecha sobre los trabajadores que, d\u00eda a d\u00eda, sostienen el sistema con su esfuerzo sobrehumano.<\/p>\n\n\n\n<p>La realidad es otra, y es dram\u00e1tica. \u201cLa p\u00e9rdida del poder adquisitivo fue brutal, estimamos una ca\u00edda de entre el 40 y el 60 por ciento en el \u00faltimo a\u00f1o\u201d, denunci\u00f3 una m\u00e9dica del hospital, quien prefiri\u00f3 resguardar su identidad por temor a represalias. La profesional tambi\u00e9n advirti\u00f3 que, con sueldos de hambre, el pluriempleo se volvi\u00f3 regla y no excepci\u00f3n. Muchos trabajadores deben tomar hasta tres empleos para sobrevivir, lo que impacta directamente en la calidad de atenci\u00f3n y pone en riesgo la salud de los pacientes. \u201cEstamos todos muy desgastados f\u00edsica y emocionalmente. Esta situaci\u00f3n es insoportable y frustrante\u201d, confes\u00f3.<\/p>\n\n\n\n<p>El ajuste que Milei califica con orgullo como \u201cel m\u00e1s grande de la historia\u201d est\u00e1 desmantelando el Garrahan pieza por pieza. El Gobierno intenta disfrazar la demolici\u00f3n con cifras manipuladas: aseguran que el presupuesto aument\u00f3 un 241% durante 2025. Pero esa cifra, tomada sin contexto, solo muestra la inflaci\u00f3n desbocada del propio modelo libertario. Mientras tanto, los salarios siguen estancados y los incrementos otorgados apenas alcanzan un 1 a 3 por ciento, aplicables \u00fanicamente a \u00edtems remunerativos m\u00ednimos, mientras el resto del ingreso \u2013bonificaciones, plus de guardia o especialidad\u2013 permanece congelado.<\/p>\n\n\n\n<p>Por si esto fuera poco, la respuesta del Ministerio de Salud a las demandas es una burla. Este jueves, funcionarios de la cartera recibieron a tres delegados de los residentes, pero no ofrecieron una mejora salarial concreta. En cambio, deslizaron la posibilidad de crear un plus por productividad, una propuesta difusa, precarizadora y condicionada. Para colmo, se pidi\u00f3 el levantamiento de la medida de fuerza como requisito para avanzar en el di\u00e1logo. El chantaje fue rechazado, y con raz\u00f3n. No se negocia con el cuchillo en la garganta ni con la dignidad hipotecada.<\/p>\n\n\n\n<p>El deterioro no es solo econ\u00f3mico. Es tambi\u00e9n simb\u00f3lico e institucional. La falta de reconocimiento, la desvalorizaci\u00f3n del trabajo sanitario y el hostigamiento constante a los sindicatos forman parte de un entramado sistem\u00e1tico para desarticular la salud p\u00fablica. El Gobierno incluso ha sugerido que los reclamos est\u00e1n \u201cfogoneados\u201d por los gremios, como si la miseria no fuera suficiente motivo para salir a la calle. La estrategia es clara: demonizar a los trabajadores organizados para deslegitimar su lucha. Pero el conflicto crece y ya es imposible ocultarlo bajo la alfombra del marketing libertario.<\/p>\n\n\n\n<p>La asamblea de residentes, lejos de amedrentarse, convoc\u00f3 a una nueva conferencia de prensa para visibilizar la situaci\u00f3n. Las caras de cansancio, las voces quebradas por el esfuerzo y la firmeza en las convicciones muestran que esta no es una protesta m\u00e1s. Es una defensa encarnizada de un bien com\u00fan que est\u00e1n intentando arrebatar: el derecho de cada ni\u00f1o y ni\u00f1a a recibir atenci\u00f3n m\u00e9dica de calidad, sin importar su origen ni condici\u00f3n econ\u00f3mica. Y es tambi\u00e9n la denuncia de un modelo que desprecia la vida, que cree que todo puede reducirse a planillas de Excel y balances fiscales.<\/p>\n\n\n\n<p>No es casual que un grupo de diputados de Uni\u00f3n por la Patria, encabezados por Pablo Yedlin, se haya reunido con los trabajadores para expresar su respaldo. \u201cLa destrucci\u00f3n del Garrahan es responsabilidad del presidente Javier Milei\u201d, sentenci\u00f3 Yedlin sin rodeos. La afirmaci\u00f3n no es ret\u00f3rica. Es una constataci\u00f3n documentada del abandono sistem\u00e1tico al que est\u00e1 siendo sometido el hospital m\u00e1s emblem\u00e1tico del pa\u00eds.<\/p>\n\n\n\n<p>Y es que lo que est\u00e1 en juego no es solo el futuro del Garrahan, sino el modelo de salud p\u00fablica como derecho y no como mercanc\u00eda. La gesti\u00f3n de Milei est\u00e1 ensayando con el hospital pedi\u00e1trico lo que pretende extender al resto del sistema: desfinanciar, precarizar, culpar a los trabajadores, generar caos y luego justificar privatizaciones. Es un libreto conocido y peligroso, que ya fracas\u00f3 en otros pa\u00edses y que aqu\u00ed amenaza con dejar un tendal de v\u00edctimas.<\/p>\n\n\n\n<p>En este contexto, resulta imprescindible visibilizar y apoyar la lucha de los m\u00e9dicos, residentes y trabajadores del Garrahan. No solo porque pelean por lo suyo, sino porque defienden una idea de pa\u00eds donde los derechos b\u00e1sicos no se negocian. Mientras Milei juega al libertador de occidente, miles de ni\u00f1os argentinos quedan atrapados en un hospital que se cae a pedazos, no por falta de compromiso de su personal, sino por el desprecio de un Gobierno que confunde la motosierra con gesti\u00f3n.<\/p>\n\n\n\n<p>Fuentes:<\/p>\n\n\n\n<ul class=\"wp-block-list\">\n<li><a href=\"https:\/\/www.pagina12.com.ar\/829829-los-trabajadores-del-garrahan-siguen-el-pie-de-lucha-contra-\">https:\/\/www.pagina12.com.ar\/829829-los-trabajadores-del-garrahan-siguen-el-pie-de-lucha-contra-<\/a><\/li>\n\n\n\n<li><a href=\"https:\/\/www.infobae.com\/politica\/2025\/05\/29\/el-gobierno-se-reunio-con-residentes-del-garrahan-no-hubo-propuesta-salarial-y-evalua-un-plus-por-productividad\/\">https:\/\/www.infobae.com\/politica\/2025\/05\/29\/el-gobierno-se-reunio-con-residentes-del-garrahan-no-hubo-propuesta-salarial-y-evalua-un-plus-por-productividad\/<\/a><\/li>\n\n\n\n<li><a href=\"https:\/\/chequeado.com\/el-explicador\/hospital-garrahan-en-lo-que-va-de-2025-la-nacion-le-giro-un-72-menos-de-recursos-a-este-centro-pediatrico-de-referencia\/\">https:\/\/chequeado.com\/el-explicador\/hospital-garrahan-en-lo-que-va-de-2025-la-nacion-le-giro-un-72-menos-de-recursos-a-este-centro-pediatrico-de-referencia\/<\/a><\/li>\n<\/ul>\n","protected":false},"excerpt":{"rendered":"<p>El Garrahan se desangra mientras el Gobierno niega lo evidente: salarios por debajo de la pobreza, m\u00e9dicos agotados y un hospital de referencia internacional al borde del colapso. La respuesta oficial: cinismo, ajuste brutal y acusaciones a los gremios. La salud p\u00fablica infantil, una v\u00edctima m\u00e1s del modelo Milei.<\/p>\n","protected":false},"author":12,"featured_media":4675,"comment_status":"open","ping_status":"open","sticky":false,"template":"","format":"standard","meta":{"_monsterinsights_skip_tracking":false,"_monsterinsights_sitenote_active":false,"_monsterinsights_sitenote_note":"","_monsterinsights_sitenote_category":0,"footnotes":"","jetpack_publicize_message":"\ud83d\udea8 \u00a1La salud p\u00fablica no se vende, se defiende! El Garrahan se est\u00e1 cayendo a pedazos y el Gobierno solo atina a negar lo evidente. M\u00e9dicos en lucha, residentes precarizados y ni\u00f1os en riesgo. Le\u00e9 y compart\u00ed esta nota urgente sobre el desmantelamiento del hospital m\u00e1s importante del pa\u00eds.","jetpack_publicize_feature_enabled":true,"jetpack_social_post_already_shared":false,"jetpack_social_options":{"image_generator_settings":{"template":"highway","default_image_id":0,"enabled":false},"version":2}},"categories":[4],"tags":[58,43,1414,1569,794,45,1562,371,1561,263,249],"class_list":["post-4674","post","type-post","status-publish","format-standard","has-post-thumbnail","hentry","category-sociedad","tag-ajuste","tag-crisis","tag-garrahan","tag-hospital-garrahan","tag-hospitales","tag-milei","tag-pediatria","tag-protesta","tag-residentes","tag-salarios","tag-salud"],"jetpack_publicize_connections":[],"_links":{"self":[{"href":"https:\/\/www.enorsai.com\/noticias\/wp-json\/wp\/v2\/posts\/4674","targetHints":{"allow":["GET"]}}],"collection":[{"href":"https:\/\/www.enorsai.com\/noticias\/wp-json\/wp\/v2\/posts"}],"about":[{"href":"https:\/\/www.enorsai.com\/noticias\/wp-json\/wp\/v2\/types\/post"}],"author":[{"embeddable":true,"href":"https:\/\/www.enorsai.com\/noticias\/wp-json\/wp\/v2\/users\/12"}],"replies":[{"embeddable":true,"href":"https:\/\/www.enorsai.com\/noticias\/wp-json\/wp\/v2\/comments?post=4674"}],"version-history":[{"count":1,"href":"https:\/\/www.enorsai.com\/noticias\/wp-json\/wp\/v2\/posts\/4674\/revisions"}],"predecessor-version":[{"id":4676,"href":"https:\/\/www.enorsai.com\/noticias\/wp-json\/wp\/v2\/posts\/4674\/revisions\/4676"}],"wp:featuredmedia":[{"embeddable":true,"href":"https:\/\/www.enorsai.com\/noticias\/wp-json\/wp\/v2\/media\/4675"}],"wp:attachment":[{"href":"https:\/\/www.enorsai.com\/noticias\/wp-json\/wp\/v2\/media?parent=4674"}],"wp:term":[{"taxonomy":"category","embeddable":true,"href":"https:\/\/www.enorsai.com\/noticias\/wp-json\/wp\/v2\/categories?post=4674"},{"taxonomy":"post_tag","embeddable":true,"href":"https:\/\/www.enorsai.com\/noticias\/wp-json\/wp\/v2\/tags?post=4674"}],"curies":[{"name":"wp","href":"https:\/\/api.w.org\/{rel}","templated":true}]}}