{"id":4654,"date":"2025-05-29T08:25:08","date_gmt":"2025-05-29T11:25:08","guid":{"rendered":"https:\/\/www.enorsai.com\/noticias\/?p=4654"},"modified":"2025-05-29T08:25:08","modified_gmt":"2025-05-29T11:25:08","slug":"con-la-tuya-milei-y-caputo-aumentaron-los-gastos-reservados-de-side-un-254","status":"publish","type":"post","link":"https:\/\/www.enorsai.com\/noticias\/politica\/con-la-tuya-milei-y-caputo-aumentaron-los-gastos-reservados-de-side-un-254\/","title":{"rendered":"Con la tuya: Milei y Caputo aumentaron los gastos reservados de SIDE un 254%"},"content":{"rendered":"\n<p><strong><em>En un marco de permanente ajuste sobre la mayor parte de las \u00e1reas del Estado nacional, la SIDE tuvo un incremento presupuestario m\u00e1s que significativo en los \u00faltimos meses.<\/em><\/strong><\/p>\n\n\n\n<p>En un contexto de permanente ajuste sobre distintas \u00e1reas del Estado nacional, en los primeros cinco meses del a\u00f1o, el presupuesto global de la Secretar\u00eda de Inteligencia del Estado (SIDE), se increment\u00f3 en un 68%, al pasar de $48.253 millones a $80.872 millones, de enero a esta parte.<\/p>\n\n\n\n<p>Sin embargo, el fondeo que m\u00e1s creci\u00f3 en proporci\u00f3n dentro de la SIDE, fue el de los gastos reservados para los esp\u00edas y sus operativos: un 254%. El dato se deprende de la informaci\u00f3n oficial que brind\u00f3 el ministerio de Econom\u00eda: en enero pasado los gastos reservados de la SIDE totalizaban $3794 millones y cinco meses despu\u00e9s treparon a los $13.436 millones actuales.<\/p>\n\n\n\n<p>Se trata de una partida que acapara el 17% del presupuesto del organismo de inteligencia, y al ser \u00abreservados\u00bb, no se puede dar a conocer cu\u00e1l fue el destino de dichos fondos. Existe en el Congreso nacional, una Comisi\u00f3n Bicameral de Fiscalizaci\u00f3n de los Organismos y Actividades de Inteligencia que controla estos gastos.<\/p>\n\n\n\n<p>El aumento presupuestario de la SIDE y sus gastos reservados se ejecutaron por a trav\u00e9s de dos medidas tomadas por la administraci\u00f3n de Javier Milei: el primero fue el DNU 186\/25 de marzo pasado, por el cual se autoriz\u00f3 una suba de $1625 millones para gastos reservados dentro de un incremento global de $7366 millones para toda la SIDE. El segundo aumento fue m\u00e1s pol\u00e9mico: por medio de la decisi\u00f3n administrativa publicada el 5 de este mes, el Gobierno aument\u00f3 en $25.000 millones el presupuesto de la SIDE, de los cuales poco m\u00e1s de $8000 millones ten\u00edan como destino los gastos reservados.<\/p>\n\n\n\n<p>Asimismo aument\u00f3 de manera m\u00e1s que considerable la partida destinada a bienes de uso: alcanz\u00f3 los $7.685 millones de pesos, lo que representa un incremento del 1560% en s\u00f3lo cinco meses.<\/p>\n\n\n\n<p>Actualmente el titular de la SIDE es Santiago Nieffert, un hombre de confianza del asesor presidencial Santiago Caputo, quien acapara el control de distintas \u00e1reas clave del Estado nacional.<\/p>\n\n\n\n<p>Por Data Diario<\/p>\n","protected":false},"excerpt":{"rendered":"<p>En un marco de permanente ajuste sobre la mayor parte de las \u00e1reas del Estado nacional, la SIDE tuvo un incremento presupuestario m\u00e1s que significativo en los \u00faltimos meses. En un contexto de permanente ajuste sobre distintas \u00e1reas del Estado nacional, en los primeros cinco meses del a\u00f1o, el presupuesto global de la Secretar\u00eda de&#8230;<\/p>\n","protected":false},"author":5,"featured_media":4655,"comment_status":"open","ping_status":"open","sticky":false,"template":"","format":"standard","meta":{"_monsterinsights_skip_tracking":false,"_monsterinsights_sitenote_active":false,"_monsterinsights_sitenote_note":"","_monsterinsights_sitenote_category":0,"footnotes":"","jetpack_publicize_message":"","jetpack_publicize_feature_enabled":true,"jetpack_social_post_already_shared":true,"jetpack_social_options":{"image_generator_settings":{"template":"highway","default_image_id":0,"font":"","enabled":false},"version":2}},"categories":[2],"tags":[58,75,45],"class_list":["post-4654","post","type-post","status-publish","format-standard","has-post-thumbnail","hentry","category-politica","tag-ajuste","tag-corrupcion","tag-milei"],"jetpack_publicize_connections":[],"_links":{"self":[{"href":"https:\/\/www.enorsai.com\/noticias\/wp-json\/wp\/v2\/posts\/4654","targetHints":{"allow":["GET"]}}],"collection":[{"href":"https:\/\/www.enorsai.com\/noticias\/wp-json\/wp\/v2\/posts"}],"about":[{"href":"https:\/\/www.enorsai.com\/noticias\/wp-json\/wp\/v2\/types\/post"}],"author":[{"embeddable":true,"href":"https:\/\/www.enorsai.com\/noticias\/wp-json\/wp\/v2\/users\/5"}],"replies":[{"embeddable":true,"href":"https:\/\/www.enorsai.com\/noticias\/wp-json\/wp\/v2\/comments?post=4654"}],"version-history":[{"count":1,"href":"https:\/\/www.enorsai.com\/noticias\/wp-json\/wp\/v2\/posts\/4654\/revisions"}],"predecessor-version":[{"id":4656,"href":"https:\/\/www.enorsai.com\/noticias\/wp-json\/wp\/v2\/posts\/4654\/revisions\/4656"}],"wp:featuredmedia":[{"embeddable":true,"href":"https:\/\/www.enorsai.com\/noticias\/wp-json\/wp\/v2\/media\/4655"}],"wp:attachment":[{"href":"https:\/\/www.enorsai.com\/noticias\/wp-json\/wp\/v2\/media?parent=4654"}],"wp:term":[{"taxonomy":"category","embeddable":true,"href":"https:\/\/www.enorsai.com\/noticias\/wp-json\/wp\/v2\/categories?post=4654"},{"taxonomy":"post_tag","embeddable":true,"href":"https:\/\/www.enorsai.com\/noticias\/wp-json\/wp\/v2\/tags?post=4654"}],"curies":[{"name":"wp","href":"https:\/\/api.w.org\/{rel}","templated":true}]}}