{"id":464,"date":"2025-02-01T10:00:00","date_gmt":"2025-02-01T10:00:00","guid":{"rendered":"https:\/\/www.enorsai.com\/noticias\/?p=464"},"modified":"2025-02-01T11:17:53","modified_gmt":"2025-02-01T11:17:53","slug":"repugnante-milei-usando-politicamente-la-muerte-de-un-repartidor-cuando-es-el-responsable-del-vaciamiento-de-la-seguridad","status":"publish","type":"post","link":"https:\/\/www.enorsai.com\/noticias\/politica\/repugnante-milei-usando-politicamente-la-muerte-de-un-repartidor-cuando-es-el-responsable-del-vaciamiento-de-la-seguridad\/","title":{"rendered":"Repugnante: Milei usando pol\u00edticamente la muerte de un repartidor cuando es el responsable del vaciamiento de la seguridad"},"content":{"rendered":"\n<p><strong><em>El presidente utiliz\u00f3 la muerte del repartidor para atacar a Axel Kicillof y esconder su propio vaciamiento de la seguridad en la provincia de Buenos Aires. La brutalidad del crimen sirvi\u00f3 de excusa para discursos incendiarios mientras se niega a devolver los fondos que garantizar\u00edan una respuesta estatal efectiva.<br><\/em><\/strong><br>La tragedia de Lucas Aguilar, el joven repartidor asesinado en Moreno, se convirti\u00f3 en un nuevo episodio del cinismo pol\u00edtico que caracteriza al gobierno de Javier Milei. Desde su trinchera en redes sociales, el presidente se apresur\u00f3 a convertir el crimen en una herramienta de ataque contra el gobernador de Buenos Aires, Axel Kicillof, con un discurso plagado de oportunismo y desinformaci\u00f3n. Sin embargo, detr\u00e1s de las acusaciones y las frases altisonantes, el libertario oculta su propia responsabilidad en la falta de seguridad en la provincia m\u00e1s populosa del pa\u00eds.<br><br>Mientras Milei levantaba la figura de Aguilar como \u00abun h\u00e9roe\u00bb y anunciaba la creaci\u00f3n de la \u00abCondecoraci\u00f3n al Valor del Hombre Com\u00fan\u00bb, arremet\u00eda con furia contra la gesti\u00f3n de Kicillof, a quien responsabiliz\u00f3 directamente por la inseguridad en el conurbano bonaerense. \u00abLa desidia, la inoperancia y el garantismo del gobernador Kicillof est\u00e1n causando una catastr\u00f3fica ola de inseguridad\u00bb, sentenci\u00f3 el presidente en una publicaci\u00f3n en X (ex Twitter). Pero en su cruzada medi\u00e1tica olvid\u00f3 mencionar un peque\u00f1o detalle: desde su llegada al poder, el gobierno nacional retuvo ilegalmente 749 mil millones de pesos del Fondo de Seguridad que corresponden a la provincia de Buenos Aires. Es decir, mientras Milei exige mayor acci\u00f3n contra el delito, se niega a liberar los recursos que har\u00edan posible esa acci\u00f3n.<\/p>\n\n\n\n<figure class=\"wp-block-embed is-type-rich is-provider-twitter wp-block-embed-twitter\"><div class=\"wp-block-embed__wrapper\">\n<blockquote class=\"twitter-tweet\" data-width=\"550\" data-dnt=\"true\"><p lang=\"es\" dir=\"ltr\">Presidente: <br>Usted tiene derecho a hacer campa\u00f1a electoral pero no a hacer marketing con el dolor y la tragedia. Desde que asumi\u00f3 como primer mandatario, decidi\u00f3 desertar de las obligaciones que le impone nuestra Constituci\u00f3n. En nombre del ajuste salvaje que est\u00e1 realizando,\u2026<\/p>&mdash; Axel Kicillof (@Kicillofok) <a href=\"https:\/\/twitter.com\/Kicillofok\/status\/1885512823100366999?ref_src=twsrc%5Etfw\">February 1, 2025<\/a><\/blockquote><script async src=\"https:\/\/platform.twitter.com\/widgets.js\" charset=\"utf-8\"><\/script>\n<\/div><\/figure>\n\n\n\n<p><br><br>Axel Kicillof, en una respuesta que no tard\u00f3 en llegar, lo puso en evidencia: \u00abSi realmente quiere colaborar con nuestra provincia, podr\u00eda empezar por devolver los fondos de seguridad de los que se apropi\u00f3 ilegalmente. La motosierra no lleva paz a los hogares\u00bb. Y es que, al margen del show medi\u00e1tico, la administraci\u00f3n libertaria ha profundizado el vaciamiento de las estructuras estatales encargadas de garantizar la seguridad de los ciudadanos. El ajuste feroz llevado adelante por Milei tambi\u00e9n impacta en las fuerzas de seguridad, que ven recortadas sus partidas mientras el discurso oficialista exige una mayor represi\u00f3n.<br><br>La paradoja del relato mile\u00edsta es evidente: se presenta como el \u00fanico l\u00edder capaz de \u00abterminar con el caos\u00bb, mientras siembra el caos con su gesti\u00f3n. La l\u00f3gica de la destrucci\u00f3n estatal, bandera de su gobierno, es incompatible con la seguridad que dice promover. En lugar de reforzar las pol\u00edticas de seguridad con medidas concretas, Milei se dedica a generar esc\u00e1ndalos en redes sociales, desviando la atenci\u00f3n sobre sus propias responsabilidades.<br><br>La ministra de Seguridad, Patricia Bullrich, no se qued\u00f3 atr\u00e1s en la operaci\u00f3n pol\u00edtica y utiliz\u00f3 el caso para su propia cruzada ideol\u00f3gica. Con su habitual tono beligerante, acus\u00f3 a Kicillof de \u00abbancar a los criminales con su garantismo asesino\u00bb y de ser \u00abc\u00f3mplice del ba\u00f1o de sangre\u00bb. Su estrategia es clara: instalar la idea de que el gobierno provincial protege a los delincuentes, mientras la administraci\u00f3n nacional es la \u00fanica que defiende a \u00ablos argentinos de bien\u00bb. Un mensaje simplista, funcional al relato oficialista, pero incapaz de ocultar las contradicciones de un gobierno que recorta recursos esenciales y luego exige resultados.<\/p>\n\n\n\n<div class=\"wp-block-jetpack-related-posts\">\n<h3 class=\"wp-block-heading\">Te puede interesar<\/h3>\n<\/div>\n\n\n\n<p><br>El crimen de Lucas Aguilar es, efectivamente, una tragedia que duele. Pero el dolor de su familia y de la sociedad no puede ser usado como carne de ca\u00f1\u00f3n en una guerra pol\u00edtica c\u00ednica y deshonesta. La seguridad de la provincia de Buenos Aires no se soluciona con discursos incendiarios ni con condecoraciones p\u00f3stumas, sino con pol\u00edticas serias, presupuesto adecuado y una estrategia integral.<br><br>Milei prefiere victimizarse y acusar a terceros antes que asumir su responsabilidad en el deterioro del Estado. Su gobierno ha elegido el camino del ajuste brutal, afectando a \u00e1reas cr\u00edticas como la educaci\u00f3n, la salud y, por supuesto, la seguridad. No hay voluntad de construir soluciones reales, solo de profundizar el conflicto como herramienta de manipulaci\u00f3n electoral.<br><br>La pregunta que deber\u00eda responder Milei no es cu\u00e1ntas medallas va a repartir para ocultar su inoperancia, sino cu\u00e1ndo va a devolver los recursos que por derecho corresponden a los bonaerenses. Porque si su verdadero inter\u00e9s fuera mejorar la seguridad, no estar\u00eda lucrando con la muerte de un joven para atacar a la oposici\u00f3n. Estar\u00eda haciendo lo que cualquier presidente responsable deber\u00eda hacer: gobernar.<br><br><strong>Fuentes:<\/strong><\/p>\n\n\n\n<ul class=\"wp-block-list\">\n<li><a href=\"https:\/\/www.tiempoar.com.ar\/ta_article\/kicillof-milei-muerte\/\">https:\/\/www.tiempoar.com.ar\/ta_article\/kicillof-milei-muerte\/<\/a><\/li>\n\n\n\n<li><a href=\"https:\/\/www.infobae.com\/politica\/2025\/02\/01\/el-mensaje-axel-kicillof-sobre-el-delivery-asesinado-en-moreno-es-una-tragedia-que-nos-duele\/\">https:\/\/www.infobae.com\/politica\/2025\/02\/01\/el-mensaje-axel-kicillof-sobre-el-delivery-asesinado-en-moreno-es-una-tragedia-que-nos-duele\/<\/a><\/li>\n<\/ul>\n\n\n\n<p><\/p>\n\n\n","protected":false},"excerpt":{"rendered":"<p>El crimen de Lucas Aguilar expuso el cinismo de Milei, que usa la tragedia para atacar a Kicillof mientras retiene ilegalmente fondos de seguridad. Su gobierno recorta recursos clave y promueve discursos incendiarios en lugar de soluciones reales. La inseguridad no se combate con Twitter, sino con pol\u00edticas serias.<\/p>\n","protected":false},"author":2,"featured_media":469,"comment_status":"open","ping_status":"open","sticky":false,"template":"","format":"standard","meta":{"_monsterinsights_skip_tracking":false,"_monsterinsights_sitenote_active":false,"_monsterinsights_sitenote_note":"","_monsterinsights_sitenote_category":0,"footnotes":"","jetpack_publicize_message":"","jetpack_publicize_feature_enabled":true,"jetpack_social_post_already_shared":true,"jetpack_social_options":{"image_generator_settings":{"template":"highway","default_image_id":0,"font":"","enabled":false},"version":2}},"categories":[2,4],"tags":[58,133,132,104,45],"class_list":["post-464","post","type-post","status-publish","format-standard","has-post-thumbnail","hentry","category-politica","category-sociedad","tag-ajuste","tag-buenosaires","tag-inseguridad","tag-kicillof","tag-milei"],"jetpack_publicize_connections":[],"_links":{"self":[{"href":"https:\/\/www.enorsai.com\/noticias\/wp-json\/wp\/v2\/posts\/464","targetHints":{"allow":["GET"]}}],"collection":[{"href":"https:\/\/www.enorsai.com\/noticias\/wp-json\/wp\/v2\/posts"}],"about":[{"href":"https:\/\/www.enorsai.com\/noticias\/wp-json\/wp\/v2\/types\/post"}],"author":[{"embeddable":true,"href":"https:\/\/www.enorsai.com\/noticias\/wp-json\/wp\/v2\/users\/2"}],"replies":[{"embeddable":true,"href":"https:\/\/www.enorsai.com\/noticias\/wp-json\/wp\/v2\/comments?post=464"}],"version-history":[{"count":2,"href":"https:\/\/www.enorsai.com\/noticias\/wp-json\/wp\/v2\/posts\/464\/revisions"}],"predecessor-version":[{"id":470,"href":"https:\/\/www.enorsai.com\/noticias\/wp-json\/wp\/v2\/posts\/464\/revisions\/470"}],"wp:featuredmedia":[{"embeddable":true,"href":"https:\/\/www.enorsai.com\/noticias\/wp-json\/wp\/v2\/media\/469"}],"wp:attachment":[{"href":"https:\/\/www.enorsai.com\/noticias\/wp-json\/wp\/v2\/media?parent=464"}],"wp:term":[{"taxonomy":"category","embeddable":true,"href":"https:\/\/www.enorsai.com\/noticias\/wp-json\/wp\/v2\/categories?post=464"},{"taxonomy":"post_tag","embeddable":true,"href":"https:\/\/www.enorsai.com\/noticias\/wp-json\/wp\/v2\/tags?post=464"}],"curies":[{"name":"wp","href":"https:\/\/api.w.org\/{rel}","templated":true}]}}