{"id":4618,"date":"2025-05-28T14:40:38","date_gmt":"2025-05-28T17:40:38","guid":{"rendered":"http:\/\/www.enorsai.com\/noticias\/?p=4618"},"modified":"2025-05-28T14:40:38","modified_gmt":"2025-05-28T17:40:38","slug":"neuquen-ceramistas-resisten-en-la-ruta-7-tras-el-corte-de-luz-y-gas-rodeados-por-un-fuerte-operativo-policial","status":"publish","type":"post","link":"https:\/\/www.enorsai.com\/noticias\/sociedad\/neuquen-ceramistas-resisten-en-la-ruta-7-tras-el-corte-de-luz-y-gas-rodeados-por-un-fuerte-operativo-policial\/","title":{"rendered":"Neuqu\u00e9n: Ceramistas resisten en la Ruta 7 tras el corte de luz y gas, rodeados por un fuerte operativo policial"},"content":{"rendered":"\n<h3 class=\"wp-block-heading\">Trabajadores de las cer\u00e1micas recuperadas reclaman la restituci\u00f3n de los servicios de luz y gas cortados por deuda, mientras denuncian un fuerte operativo policial ordenado por el gobierno provincial. Exigen soluciones urgentes para garantizar la continuidad laboral de m\u00e1s de 200 familias.<\/h3>\n\n\n\n<p>Los trabajadores y trabajadoras de las cer\u00e1micas recuperadas de Neuqu\u00e9n volvieron a manifestarse este mi\u00e9rcoles en la Ruta 7, a la altura de las f\u00e1bricas, luego de que se les cortara el suministro de luz y gas. La protesta se desarroll\u00f3 sin corte de tr\u00e1nsito, con permanencia pac\u00edfica al costado del camino, en reclamo por la continuidad laboral de m\u00e1s de 200 familias que dependen de estas f\u00e1bricas autogestionadas.<\/p>\n\n\n\n<p>Pese al car\u00e1cter pac\u00edfico de la medida, los ceramistas denunciaron un fuerte operativo de seguridad desplegado por el Gobierno provincial, encabezado por Rolando Figueroa. Andr\u00e9s Blanco, obrero de Fa.Sin.Pat y diputado del FIT, advirti\u00f3 sobre la presencia de efectivos policiales y de Gendarmer\u00eda desde temprano en la zona, y denunci\u00f3 que los trabajadores estaban siendo identificados y retenidos para controles documentales.<\/p>\n\n\n\n<figure class=\"wp-block-image\"><a href=\"https:\/\/www.infogremiales.com.ar\/wp-content\/uploads\/2025\/05\/Ceramistas-Neuquen-policia-scaled.jpg\"><img decoding=\"async\" src=\"https:\/\/www.infogremiales.com.ar\/wp-content\/uploads\/2025\/05\/Ceramistas-Neuquen-policia-1024x473.jpg\" alt=\"\" class=\"wp-image-154374\"\/><\/a><\/figure>\n\n\n\n<p>El conflicto se remonta al verano de 2025, cuando la cooperativa Calf interrumpi\u00f3 el servicio de energ\u00eda el\u00e9ctrica por una deuda acumulada. Esta semana, la situaci\u00f3n se agrav\u00f3 con el corte del gas natural por parte de la empresa Camuzzi, generando una paralizaci\u00f3n total de las actividades en las plantas productivas gestionadas por sus propios obreros.<\/p>\n\n\n\n<p>Los ceramistas sostienen que han presentado numerosos proyectos para resolver la crisis, y exigen que se restablezcan las mesas de di\u00e1logo con el gobierno provincial y las empresas prestadoras. \u00abEst\u00e1 en juego la subsistencia de m\u00e1s de 200 familias\u00bb, se\u00f1alaron, y advirtieron que no permitir\u00e1n el cierre de sus fuentes de trabajo.<\/p>\n\n\n\n<p>Fuente;<\/p>\n\n\n\n<ul class=\"wp-block-list\">\n<li><a href=\"https:\/\/www.infogremiales.com.ar\/ceramistas-movilizados-a-la-vera-de-la-ruta-7-ante-corte-de-servicios-de-luz-y-gas-frente-a-un-fuerte-operativo-policial\/\">https:\/\/www.infogremiales.com.ar\/ceramistas-movilizados-a-la-vera-de-la-ruta-7-ante-corte-de-servicios-de-luz-y-gas-frente-a-un-fuerte-operativo-policial\/<\/a><\/li>\n<\/ul>\n","protected":false},"excerpt":{"rendered":"<p>Trabajadores de las cer\u00e1micas recuperadas reclaman la restituci\u00f3n de los servicios de luz y gas cortados por deuda, mientras denuncian un fuerte operativo policial ordenado por el gobierno provincial. Exigen soluciones urgentes para garantizar la continuidad laboral de m\u00e1s de 200 familias. Los trabajadores y trabajadoras de las cer\u00e1micas recuperadas de Neuqu\u00e9n volvieron a manifestarse&#8230;<\/p>\n","protected":false},"author":1,"featured_media":4619,"comment_status":"open","ping_status":"open","sticky":false,"template":"","format":"standard","meta":{"_monsterinsights_skip_tracking":false,"_monsterinsights_sitenote_active":false,"_monsterinsights_sitenote_note":"","_monsterinsights_sitenote_category":0,"footnotes":"","jetpack_publicize_message":"","jetpack_publicize_feature_enabled":true,"jetpack_social_post_already_shared":true,"jetpack_social_options":{"image_generator_settings":{"template":"highway","default_image_id":0,"font":"","enabled":false},"version":2}},"categories":[4],"tags":[],"class_list":["post-4618","post","type-post","status-publish","format-standard","has-post-thumbnail","hentry","category-sociedad"],"jetpack_publicize_connections":[],"_links":{"self":[{"href":"https:\/\/www.enorsai.com\/noticias\/wp-json\/wp\/v2\/posts\/4618","targetHints":{"allow":["GET"]}}],"collection":[{"href":"https:\/\/www.enorsai.com\/noticias\/wp-json\/wp\/v2\/posts"}],"about":[{"href":"https:\/\/www.enorsai.com\/noticias\/wp-json\/wp\/v2\/types\/post"}],"author":[{"embeddable":true,"href":"https:\/\/www.enorsai.com\/noticias\/wp-json\/wp\/v2\/users\/1"}],"replies":[{"embeddable":true,"href":"https:\/\/www.enorsai.com\/noticias\/wp-json\/wp\/v2\/comments?post=4618"}],"version-history":[{"count":1,"href":"https:\/\/www.enorsai.com\/noticias\/wp-json\/wp\/v2\/posts\/4618\/revisions"}],"predecessor-version":[{"id":4620,"href":"https:\/\/www.enorsai.com\/noticias\/wp-json\/wp\/v2\/posts\/4618\/revisions\/4620"}],"wp:featuredmedia":[{"embeddable":true,"href":"https:\/\/www.enorsai.com\/noticias\/wp-json\/wp\/v2\/media\/4619"}],"wp:attachment":[{"href":"https:\/\/www.enorsai.com\/noticias\/wp-json\/wp\/v2\/media?parent=4618"}],"wp:term":[{"taxonomy":"category","embeddable":true,"href":"https:\/\/www.enorsai.com\/noticias\/wp-json\/wp\/v2\/categories?post=4618"},{"taxonomy":"post_tag","embeddable":true,"href":"https:\/\/www.enorsai.com\/noticias\/wp-json\/wp\/v2\/tags?post=4618"}],"curies":[{"name":"wp","href":"https:\/\/api.w.org\/{rel}","templated":true}]}}