{"id":4615,"date":"2025-05-28T08:26:31","date_gmt":"2025-05-28T11:26:31","guid":{"rendered":"https:\/\/www.enorsai.com\/noticias\/?p=4615"},"modified":"2025-05-28T08:26:31","modified_gmt":"2025-05-28T11:26:31","slug":"medicos-denunciaran-a-las-autoridades-del-hospital-garrahan-es-una-situacion-limite","status":"publish","type":"post","link":"https:\/\/www.enorsai.com\/noticias\/politica\/medicos-denunciaran-a-las-autoridades-del-hospital-garrahan-es-una-situacion-limite\/","title":{"rendered":"M\u00e9dicos denunciar\u00e1n a las autoridades del Hospital Garrahan: \u201cEs una situaci\u00f3n l\u00edmite\u201d"},"content":{"rendered":"\n<p><strong><em>M\u00e9dicos del Garrahan denunciar\u00e1n penalmente a las autoridades del Hospital por la falta de respuestas ante la grave crisis que presenta el centro de salud.<\/em><\/strong><\/p>\n\n\n\n<p>M\u00e9dicos y t\u00e9cnicos del Garrahan adelantaron este martes que denunciar\u00e1n penalmente a las autoridades del Hospital por la falta de respuestas ante la grave crisis que presenta el centro de salud.<\/p>\n\n\n\n<p>Es que, la secretar\u00eda general de la Asociaci\u00f3n de Profesionales y T\u00e9cnicos del Hospital Garrahan (APyT), Norma Lezana, revel\u00f3 que las autoridades no est\u00e1n resolviendo la crisis del Hospital Garrahan, producto de la situaci\u00f3n salarial.<\/p>\n\n\n\n<p>\u201cYa se fueron 200 m\u00e9dicos y los residentes est\u00e1n con un paro por tiempo indeterminado y sin guardia\u201d, advirti\u00f3 Lezana y agreg\u00f3: \u201cLos m\u00e9dicos de planta no llegan a cumplir la demanda, son m\u00e1s de 500 camas y no hay respuesta de la Direcci\u00f3n ni del ministro (Mario) Lugones\u201c.<\/p>\n\n\n\n<p>Frente a la falta de respuestas por parte de las autoridades del Hospital Garrahan, la dirigente gremial se\u00f1al\u00f3 que los trabajadores presentar\u00e1n una denuncia penal, ya que el personal atiende pacientes que de no ser atendidos en tiempo y forma corren riesgo de muerte.<\/p>\n\n\n\n<p>Adem\u00e1s, la secretaria gremial anunci\u00f3 que habr\u00e1 una asamblea de todos los sectores en el aula magna del nosocomio. \u201cEs necesario resolver el tema salarial, no se puede pretender que un m\u00e9dico viva por $700 mil. Nos est\u00e1n llevando a una situaci\u00f3n l\u00edmite. No se puede trabajar as\u00ed y la direcci\u00f3n no hace nada. No deriva pacientes\u201c, explic\u00f3.<\/p>\n\n\n\n<p>Cabe destacar que, de la asamblea participar\u00e1n no solo m\u00e9dicos sino residentes, becarios, personal de planta, t\u00e9cnicos, administrativos y jer\u00e1rquicos, donde se definir\u00e1 cu\u00e1les son las medidas que se tomar\u00e1n, con la posibilidad de realizar nuevamente un paro el jueves 29 de mayo, manteniendo s\u00f3lo las guardias.<\/p>\n\n\n\n<p>En esa l\u00ednea, para el viernes 30 de mayo est\u00e1 previsto que se efect\u00fae una audiencia p\u00fablica en el Congreso de la Naci\u00f3n \u201cpara interpelar a diputados y senadores de todos los espacios pol\u00edticos\u201d.<\/p>\n\n\n\n<p>El objetivo de la audiencia en el Parlamento es \u201cexigir un compromiso legislativo que garantice el funcionamiento y financiamiento estable\u201d del Hospital Garrahan, a trav\u00e9s de una \u201cley espec\u00edfica\u201c.<\/p>\n\n\n\n<p>Desde la APyT advierten que la situaci\u00f3n \u201ces el resultado directo de la desatenci\u00f3n sistem\u00e1tica por parte de las autoridades\u201d y aseguran que seguir\u00e1n visibilizando el conflicto hasta obtener respuestas concretas.<\/p>\n\n\n\n<p>Tambi\u00e9n, desde el gremio que preside Lezama recordaron que recientemente presentaron otra denuncia ante la Justicia laboral contra el decreto de necesidad y urgencia (DNU) del Ejecutivo nacional que, seg\u00fan afirman, \u201cintenta suprimir el derecho constitucional a huelga\u201d.<\/p>\n\n\n\n<p>Es que, a trav\u00e9s del decreto publicado en el Bolet\u00edn Oficial d\u00edas atr\u00e1s, el Gobierno nacional limit\u00f3 el derecho a huelga y ampli\u00f3 las actividades consideradas esenciales, es decir, las \u00e1reas de servicios que deber\u00e1n garantizar de manera obligatoria un funcionamiento de entre 50 y 75% en caso de estar en conflicto.<\/p>\n\n\n\n<p>Entre dichas actividades figuran la educaci\u00f3n de niveles guarder\u00eda, preescolar, primario y secundario; la aeron\u00e1utica comercial y el control de tr\u00e1fico portuario; el transporte mar\u00edtimo y fluvial de personas y\/o mercader\u00edas y\/o carga, servicios conexos y operaciones costa afuera y la producci\u00f3n, transporte y distribuci\u00f3n de gas y otros combustibles.<\/p>\n\n\n\n<p>Por Diputados Bonaerenses<\/p>\n","protected":false},"excerpt":{"rendered":"<p>M\u00e9dicos del Garrahan denunciar\u00e1n penalmente a las autoridades del Hospital por la falta de respuestas ante la grave crisis que presenta el centro de salud. M\u00e9dicos y t\u00e9cnicos del Garrahan adelantaron este martes que denunciar\u00e1n penalmente a las autoridades del Hospital por la falta de respuestas ante la grave crisis que presenta el centro de&#8230;<\/p>\n","protected":false},"author":5,"featured_media":4616,"comment_status":"open","ping_status":"open","sticky":false,"template":"","format":"standard","meta":{"_monsterinsights_skip_tracking":false,"_monsterinsights_sitenote_active":false,"_monsterinsights_sitenote_note":"","_monsterinsights_sitenote_category":0,"footnotes":"","jetpack_publicize_message":"","jetpack_publicize_feature_enabled":true,"jetpack_social_post_already_shared":true,"jetpack_social_options":{"image_generator_settings":{"template":"highway","default_image_id":0,"font":"","enabled":false},"version":2}},"categories":[2],"tags":[58,43,45],"class_list":["post-4615","post","type-post","status-publish","format-standard","has-post-thumbnail","hentry","category-politica","tag-ajuste","tag-crisis","tag-milei"],"jetpack_publicize_connections":[],"_links":{"self":[{"href":"https:\/\/www.enorsai.com\/noticias\/wp-json\/wp\/v2\/posts\/4615","targetHints":{"allow":["GET"]}}],"collection":[{"href":"https:\/\/www.enorsai.com\/noticias\/wp-json\/wp\/v2\/posts"}],"about":[{"href":"https:\/\/www.enorsai.com\/noticias\/wp-json\/wp\/v2\/types\/post"}],"author":[{"embeddable":true,"href":"https:\/\/www.enorsai.com\/noticias\/wp-json\/wp\/v2\/users\/5"}],"replies":[{"embeddable":true,"href":"https:\/\/www.enorsai.com\/noticias\/wp-json\/wp\/v2\/comments?post=4615"}],"version-history":[{"count":1,"href":"https:\/\/www.enorsai.com\/noticias\/wp-json\/wp\/v2\/posts\/4615\/revisions"}],"predecessor-version":[{"id":4617,"href":"https:\/\/www.enorsai.com\/noticias\/wp-json\/wp\/v2\/posts\/4615\/revisions\/4617"}],"wp:featuredmedia":[{"embeddable":true,"href":"https:\/\/www.enorsai.com\/noticias\/wp-json\/wp\/v2\/media\/4616"}],"wp:attachment":[{"href":"https:\/\/www.enorsai.com\/noticias\/wp-json\/wp\/v2\/media?parent=4615"}],"wp:term":[{"taxonomy":"category","embeddable":true,"href":"https:\/\/www.enorsai.com\/noticias\/wp-json\/wp\/v2\/categories?post=4615"},{"taxonomy":"post_tag","embeddable":true,"href":"https:\/\/www.enorsai.com\/noticias\/wp-json\/wp\/v2\/tags?post=4615"}],"curies":[{"name":"wp","href":"https:\/\/api.w.org\/{rel}","templated":true}]}}