{"id":4596,"date":"2025-05-27T16:42:59","date_gmt":"2025-05-27T19:42:59","guid":{"rendered":"http:\/\/www.enorsai.com\/noticias\/?p=4596"},"modified":"2025-05-27T16:56:22","modified_gmt":"2025-05-27T19:56:22","slug":"catamarca-en-pie-de-lucha-la-rebelion-docente-autoconvocada-que-desbordo-a-jalil-y-expone-el-ajuste-de-milei","status":"publish","type":"post","link":"https:\/\/www.enorsai.com\/noticias\/politica\/catamarca-en-pie-de-lucha-la-rebelion-docente-autoconvocada-que-desbordo-a-jalil-y-expone-el-ajuste-de-milei\/","title":{"rendered":"Catamarca en pie de lucha: La rebeli\u00f3n docente autoconvocada que desbord\u00f3 a Jalil y expone el ajuste de Milei"},"content":{"rendered":"\n<p><em><strong>La masiva protesta de docentes autoconvocados tumb\u00f3 un decreto regresivo y amenaza con convertirse en una ola de reclamos de todo el sector p\u00fablico. Jalil, atrapado entre el desfinanciamiento nacional y su propia obediencia a Milei, enfrenta el l\u00edmite de la paciencia social.<\/strong><\/em><\/p>\n\n\n\n<p>Una manifestaci\u00f3n hist\u00f3rica en Catamarca forz\u00f3 al gobernador Ra\u00fal Jalil a derogar un pol\u00e9mico decreto que pretend\u00eda regular arbitrariamente la actividad docente. La revuelta no se detiene: ahora el reclamo se centra en los salarios, y podr\u00eda arrastrar a otros gremios estatales. La crisis expone los efectos concretos del brutal ajuste del gobierno nacional.<\/p>\n\n\n\n<p>La postal de Catamarca del \u00faltimo fin de semana fue elocuente: m\u00e1s de veinte mil personas copando las calles de la capital y ciudades del interior, pancartas improvisadas, aplausos, meg\u00e1fonos y una consigna central: \u201cCon los derechos no se negocia\u201d. La movilizaci\u00f3n no fue organizada por los gremios tradicionales ni convocada por partidos pol\u00edticos. Fueron los docentes autoconvocados quienes, hartos de sueldos de miseria y medidas arbitrarias, dijeron basta.<\/p>\n\n\n<div class=\"wp-block-image\">\n<figure class=\"alignleft size-full is-resized\"><img loading=\"lazy\" decoding=\"async\" width=\"418\" height=\"602\" src=\"https:\/\/www.enorsai.com\/noticias\/wp-content\/uploads\/2025\/05\/image-35.png\" alt=\"\" class=\"wp-image-4597\" style=\"width:312px;height:auto\" srcset=\"https:\/\/www.enorsai.com\/noticias\/wp-content\/uploads\/2025\/05\/image-35.png 418w, https:\/\/www.enorsai.com\/noticias\/wp-content\/uploads\/2025\/05\/image-35-208x300.png 208w\" sizes=\"auto, (max-width: 418px) 100vw, 418px\" \/><\/figure>\n<\/div>\n\n\n<p>La chispa que encendi\u00f3 la mecha fue el decreto 884 del gobernador Ra\u00fal Jalil. Con el eufemismo de un \u201cR\u00e9gimen de Cobertura de Cargos Docentes\u201d, el texto legal habilitaba una verdadera motosierra en el sistema educativo provincial: cierre de cursos, eliminaci\u00f3n de horas c\u00e1tedra y disponibilidades masivas. Es decir, m\u00e1s ajuste. M\u00e1s precarizaci\u00f3n. M\u00e1s castigo para quienes sostienen la educaci\u00f3n p\u00fablica con esfuerzo cotidiano.<\/p>\n\n\n\n<p>Desde el gobierno intentaron una jugada cl\u00e1sica: negar, minimizar, esconder detr\u00e1s de la burocracia el verdadero alcance del decreto. Pero esta vez no funcion\u00f3. Porque cuando el salario no alcanza ni para llenar el changuito y la palabra \u201causteridad\u201d se transforma en una amenaza permanente, el enojo ya no puede esconderse bajo la alfombra. La movilizaci\u00f3n del viernes fue contundente. En n\u00fameros, pero tambi\u00e9n en convicci\u00f3n. Jalil, desbordado, no tuvo otra salida que retroceder.<\/p>\n\n\n\n<p>Derog\u00f3 el decreto, pero no calm\u00f3 la bronca. Porque la revuelta no era solo contra una norma puntual, sino contra un modelo de gesti\u00f3n que reproduce la l\u00f3gica del desguace estatal que propone Javier Milei desde la Casa Rosada. Una l\u00f3gica en la que el ajuste siempre cae sobre los trabajadores, mientras los gobernadores como Jalil repiten el libreto sin chistar en el Congreso.<\/p>\n\n\n\n<figure class=\"wp-block-embed is-type-video is-provider-youtube wp-block-embed-youtube wp-embed-aspect-16-9 wp-has-aspect-ratio\"><div class=\"wp-block-embed__wrapper\">\n<iframe loading=\"lazy\" title=\"Multitudinaria marcha en Catamarca de los docentes en contra del decreto 884\/25\" width=\"640\" height=\"360\" src=\"https:\/\/www.youtube.com\/embed\/lHmcNwzRv6k?feature=oembed\" frameborder=\"0\" allow=\"accelerometer; autoplay; clipboard-write; encrypted-media; gyroscope; picture-in-picture; web-share\" referrerpolicy=\"strict-origin-when-cross-origin\" allowfullscreen><\/iframe>\n<\/div><\/figure>\n\n\n\n<p>Resulta grotesco, por no decir obsceno, escuchar al gobernador justificar sus decisiones apelando a la falta de recursos que la Naci\u00f3n ya no transfiere. Como si sus propios legisladores no hubieran sido funcionales al modelo libertario. Como si el ajuste fuera una tormenta natural y no una decisi\u00f3n pol\u00edtica sostenida por complicidades locales. \u00bfO acaso no fue Jalil uno de los primeros en alinear sus votos con el oficialismo libertario en el Congreso?<\/p>\n\n\n\n<p>La contradicci\u00f3n no puede sostenerse por mucho tiempo. Porque mientras en las tribunas legislativas los representantes oficialistas levantan la mano al ritmo del recorte, en las calles los trabajadores ya no tienen margen para seguir esperando. El salario docente en Catamarca es, seg\u00fan los propios manifestantes, el m\u00e1s bajo del pa\u00eds. No hay relato que tape esa realidad. Ni promesa vac\u00eda que contenga esa indignaci\u00f3n.<\/p>\n\n\n\n<figure class=\"wp-block-image size-full\"><img loading=\"lazy\" decoding=\"async\" width=\"752\" height=\"423\" src=\"https:\/\/www.enorsai.com\/noticias\/wp-content\/uploads\/2025\/05\/image-38.png\" alt=\"\" class=\"wp-image-4601\" srcset=\"https:\/\/www.enorsai.com\/noticias\/wp-content\/uploads\/2025\/05\/image-38.png 752w, https:\/\/www.enorsai.com\/noticias\/wp-content\/uploads\/2025\/05\/image-38-300x169.png 300w\" sizes=\"auto, (max-width: 752px) 100vw, 752px\" \/><\/figure>\n\n\n\n<p>Ahora la exigencia es clara: un aumento del 30%. Y no hay margen para dilaciones. Jalil prometi\u00f3 abrir una mesa de negociaci\u00f3n a mediados de mayo, pero \u2014como tantas otras veces\u2014 la promesa se la llev\u00f3 el viento. La convocatoria reci\u00e9n llegar\u00eda en junio, aseguran desde el gobierno provincial, una vez que se garantice el pago del aguinaldo. Pero el hambre no espera cronogramas administrativos. Y el hartazgo tampoco.<\/p>\n\n\n\n<p>La pr\u00f3xima marcha est\u00e1 convocada para este s\u00e1bado, y esta vez el llamado es m\u00e1s amplio: invitan a sumarse a todos los trabajadores estatales, incluso a las fuerzas de seguridad. Si ese frente se unifica, Jalil podr\u00eda enfrentar una crisis institucional de dimensiones in\u00e9ditas. La protesta, que comenz\u00f3 como una rebeli\u00f3n educativa, puede convertirse en el inicio de un verdadero estallido provincial.<\/p>\n\n\n\n<figure class=\"wp-block-image size-full\"><img loading=\"lazy\" decoding=\"async\" width=\"940\" height=\"620\" src=\"https:\/\/www.enorsai.com\/noticias\/wp-content\/uploads\/2025\/05\/image-37.png\" alt=\"\" class=\"wp-image-4600\" srcset=\"https:\/\/www.enorsai.com\/noticias\/wp-content\/uploads\/2025\/05\/image-37.png 940w, https:\/\/www.enorsai.com\/noticias\/wp-content\/uploads\/2025\/05\/image-37-300x198.png 300w, https:\/\/www.enorsai.com\/noticias\/wp-content\/uploads\/2025\/05\/image-37-768x507.png 768w\" sizes=\"auto, (max-width: 940px) 100vw, 940px\" \/><\/figure>\n\n\n\n<p>No hay que perder de vista el contexto. El brutal ajuste del gobierno de Milei no es una entelequia abstracta. Tiene consecuencias materiales, territoriales, humanas. El FONID, por ejemplo, ese fondo que complementaba el salario docente, desapareci\u00f3 por decisi\u00f3n del presidente. Y la frase \u201cla Naci\u00f3n ya no nos manda esos recursos\u201d, repetida como excusa por gobernadores oficialistas y opositores funcionales, se convierte en una confesi\u00f3n de impotencia o complicidad.<\/p>\n\n\n\n<p>En este escenario, la educaci\u00f3n p\u00fablica aparece como una de las primeras v\u00edctimas del modelo libertario. Pero tambi\u00e9n como uno de sus principales focos de resistencia. Porque cuando las condiciones laborales se degradan al punto de la indigencia, cuando las escuelas se caen a pedazos y la comida de los comedores no alcanza, los docentes no solo educan: tambi\u00e9n luchan. Tambi\u00e9n gritan. Tambi\u00e9n ense\u00f1an con el cuerpo que no se rinden.<\/p>\n\n\n\n<p>Ra\u00fal Jalil crey\u00f3 que pod\u00eda aplicar el ajuste sin pagar el costo pol\u00edtico. Que el silencio de los gremios mayoritarios lo blindaba. Que con decretos y promesas huecas alcanzaba para contener el descontento. Se equivoc\u00f3. La calle le dio una lecci\u00f3n de pol\u00edtica que no olvidar\u00e1 tan f\u00e1cil. Pero la pregunta que queda flotando es m\u00e1s amplia: \u00bfcu\u00e1ntos gobernadores m\u00e1s est\u00e1n caminando por la misma cornisa?<\/p>\n\n\n\n<figure class=\"wp-block-image size-large\"><img loading=\"lazy\" decoding=\"async\" width=\"1024\" height=\"743\" src=\"https:\/\/www.enorsai.com\/noticias\/wp-content\/uploads\/2025\/05\/image-36-1024x743.png\" alt=\"\" class=\"wp-image-4599\" srcset=\"https:\/\/www.enorsai.com\/noticias\/wp-content\/uploads\/2025\/05\/image-36-1024x743.png 1024w, https:\/\/www.enorsai.com\/noticias\/wp-content\/uploads\/2025\/05\/image-36-300x218.png 300w, https:\/\/www.enorsai.com\/noticias\/wp-content\/uploads\/2025\/05\/image-36-768x557.png 768w, https:\/\/www.enorsai.com\/noticias\/wp-content\/uploads\/2025\/05\/image-36.png 1068w\" sizes=\"auto, (max-width: 1024px) 100vw, 1024px\" \/><\/figure>\n\n\n\n<p>Porque el modelo Milei no ofrece gobernabilidad. Ofrece sometimiento, precariedad, caos social y represi\u00f3n. Y si la rebeli\u00f3n que estall\u00f3 en Catamarca se multiplica \u2014como todo indica que podr\u00eda suceder\u2014, el relato del \u201csacrificio necesario\u201d quedar\u00e1 desnudo. Porque no hay \u00e9pica en el hambre. Ni m\u00e9rito en la miseria. Ni libertad en la deserci\u00f3n del Estado.<\/p>\n\n\n\n<p>Hoy, los docentes catamarque\u00f1os marcan un camino. Con dignidad, con valent\u00eda, con bronca. Desenmascaran el ajuste con nombre y apellido. Y con cada marcha, con cada cartel hecho a mano, con cada clase que no se da porque no se puede, nos recuerdan que la educaci\u00f3n p\u00fablica es un derecho, no un gasto. Que sin docentes no hay futuro. Que el silencio ya no es una opci\u00f3n.<\/p>\n\n\n\n<p>Fuente:<\/p>\n\n\n\n<ul class=\"wp-block-list\">\n<li><a href=\"https:\/\/www.lapoliticaonline.com\/politica\/jalil-enfrenta-una-rebelion-docente-que-amenaza-con-extenderse-a-todos-los-estatales\/\">https:\/\/www.lapoliticaonline.com\/politica\/jalil-enfrenta-una-rebelion-docente-que-amenaza-con-extenderse-a-todos-los-estatales\/<\/a><\/li>\n\n\n\n<li><a href=\"https:\/\/inforama.com.ar\/actualidad\/2025\/05\/24\/protesta-docente-el-decreto-884-viene-a-empobrecernos-a-dejarnos-en-la-miseria\/\">https:\/\/inforama.com.ar\/actualidad\/2025\/05\/24\/protesta-docente-el-decreto-884-viene-a-empobrecernos-a-dejarnos-en-la-miseria\/<\/a><\/li>\n\n\n\n<li><a href=\"https:\/\/www.launion.digital\/politica\/tras-fuerte-marcha-docente-gobierno-derogara-decreto-n-884-n212856\">https:\/\/www.launion.digital\/politica\/tras-fuerte-marcha-docente-gobierno-derogara-decreto-n-884-n212856<\/a><\/li>\n\n\n\n<li><a href=\"https:\/\/extracatamarca.com\/multitudinaria-rebelion-docente-en-catamarca-logro-la-derogacion-del-decreto-884\/\">https:\/\/extracatamarca.com\/multitudinaria-rebelion-docente-en-catamarca-logro-la-derogacion-del-decreto-884\/<\/a><\/li>\n<\/ul>\n","protected":false},"excerpt":{"rendered":"<p>La rebeli\u00f3n docente en Catamarca tumb\u00f3 un decreto regresivo de Jalil y amenaza con encender una ola de protestas estatales. El ajuste libertario de Milei golpea a los trabajadores mientras los gobernadores aliados intentan lavarse las manos. La dignidad en las calles marca un l\u00edmite que la pol\u00edtica no puede ignorar.<\/p>\n","protected":false},"author":1,"featured_media":4598,"comment_status":"open","ping_status":"open","sticky":false,"template":"","format":"standard","meta":{"_monsterinsights_skip_tracking":false,"_monsterinsights_sitenote_active":false,"_monsterinsights_sitenote_note":"","_monsterinsights_sitenote_category":0,"footnotes":"","jetpack_publicize_message":"\ud83d\udce2\ud83d\udd25 Catamarca se planta contra el ajuste: docentes autoconvocados tiraron abajo un decreto regresivo y ahora exigen salarios dignos. \u00bfEl gobernador Jalil? Atado al modelo Milei, pero sin respuestas. La rebeli\u00f3n no para.","jetpack_publicize_feature_enabled":true,"jetpack_social_post_already_shared":false,"jetpack_social_options":{"image_generator_settings":{"template":"highway","default_image_id":0,"enabled":false},"version":2}},"categories":[2],"tags":[58,1544,43,513,276,1545,1543,45,371,263],"class_list":["post-4596","post","type-post","status-publish","format-standard","has-post-thumbnail","hentry","category-politica","tag-ajuste","tag-catamarca","tag-crisis","tag-docentes","tag-educacion","tag-estatales","tag-jalil","tag-milei","tag-protesta","tag-salarios"],"jetpack_publicize_connections":[],"_links":{"self":[{"href":"https:\/\/www.enorsai.com\/noticias\/wp-json\/wp\/v2\/posts\/4596","targetHints":{"allow":["GET"]}}],"collection":[{"href":"https:\/\/www.enorsai.com\/noticias\/wp-json\/wp\/v2\/posts"}],"about":[{"href":"https:\/\/www.enorsai.com\/noticias\/wp-json\/wp\/v2\/types\/post"}],"author":[{"embeddable":true,"href":"https:\/\/www.enorsai.com\/noticias\/wp-json\/wp\/v2\/users\/1"}],"replies":[{"embeddable":true,"href":"https:\/\/www.enorsai.com\/noticias\/wp-json\/wp\/v2\/comments?post=4596"}],"version-history":[{"count":2,"href":"https:\/\/www.enorsai.com\/noticias\/wp-json\/wp\/v2\/posts\/4596\/revisions"}],"predecessor-version":[{"id":4603,"href":"https:\/\/www.enorsai.com\/noticias\/wp-json\/wp\/v2\/posts\/4596\/revisions\/4603"}],"wp:featuredmedia":[{"embeddable":true,"href":"https:\/\/www.enorsai.com\/noticias\/wp-json\/wp\/v2\/media\/4598"}],"wp:attachment":[{"href":"https:\/\/www.enorsai.com\/noticias\/wp-json\/wp\/v2\/media?parent=4596"}],"wp:term":[{"taxonomy":"category","embeddable":true,"href":"https:\/\/www.enorsai.com\/noticias\/wp-json\/wp\/v2\/categories?post=4596"},{"taxonomy":"post_tag","embeddable":true,"href":"https:\/\/www.enorsai.com\/noticias\/wp-json\/wp\/v2\/tags?post=4596"}],"curies":[{"name":"wp","href":"https:\/\/api.w.org\/{rel}","templated":true}]}}