{"id":4588,"date":"2025-05-27T08:38:36","date_gmt":"2025-05-27T11:38:36","guid":{"rendered":"http:\/\/www.enorsai.com\/noticias\/?p=4588"},"modified":"2025-05-27T08:38:36","modified_gmt":"2025-05-27T11:38:36","slug":"caranchear-con-el-miedo-la-doble-vara-del-gobierno-de-milei-en-materia-de-seguridad","status":"publish","type":"post","link":"https:\/\/www.enorsai.com\/noticias\/politica\/caranchear-con-el-miedo-la-doble-vara-del-gobierno-de-milei-en-materia-de-seguridad\/","title":{"rendered":"Caranchear con el miedo: La doble vara del Gobierno de Milei en materia de seguridad"},"content":{"rendered":"\n<h3 class=\"wp-block-heading\"><strong><em>Kicillof denuncia la hipocres\u00eda del relato libertario: menos homicidios, m\u00e1s manipulaci\u00f3n pol\u00edtica<\/em><\/strong><\/h3>\n\n\n\n<p>El Ministerio de Seguridad de la Naci\u00f3n difundi\u00f3 un dato que, en otro contexto, merecer\u00eda una reflexi\u00f3n colectiva y responsable: la tasa de homicidios dolosos en Argentina se encuentra en su nivel m\u00e1s bajo en d\u00e9cadas. En lo que va de 2025, los homicidios descendieron un 9,6% respecto al a\u00f1o anterior. En la provincia de Buenos Aires, ese descenso fue a\u00fan mayor: 10,2%. Sin embargo, la noticia fue r\u00e1pidamente intervenida por la maquinaria discursiva del Gobierno Nacional, que transform\u00f3 un dato esperanzador en una oportunidad para el cinismo y la manipulaci\u00f3n.<\/p>\n\n\n\n<p>Axel Kicillof, gobernador bonaerense, sali\u00f3 al cruce con un hilo en X (ex Twitter) que desnud\u00f3 las flagrantes contradicciones del oficialismo libertario. Mientras el Ejecutivo celebra la baja en los homicidios como un logro propio, cuando ocurre un hecho violento en la Provincia se desentiende de toda responsabilidad y acusa a los gobernadores. \u201c\u00bfEn qu\u00e9 quedamos?\u201d, se pregunta con raz\u00f3n el mandatario bonaerense. \u00bfLa seguridad es nacional cuando hay buenas noticias y provincial cuando estalla el dolor?<\/p>\n\n\n\n<figure class=\"wp-block-embed is-type-rich is-provider-twitter wp-block-embed-twitter\"><div class=\"wp-block-embed__wrapper\">\n<blockquote class=\"twitter-tweet\" data-width=\"550\" data-dnt=\"true\"><p lang=\"es\" dir=\"ltr\">Hace unas horas el Ministerio de Seguridad nacional comunic\u00f3 que la tasa de homicidios dolosos est\u00e1 en su nivel m\u00e1s bajo en d\u00e9cadas: en lo que va de 2025, el propio Gobierno Nacional celebra una baja en los homicidios del 9,6% con respecto al a\u00f1o anterior. En la Provincia, ese\u2026<\/p>&mdash; Axel Kicillof (@Kicillofok) <a href=\"https:\/\/twitter.com\/Kicillofok\/status\/1927096183517749370?ref_src=twsrc%5Etfw\">May 26, 2025<\/a><\/blockquote><script async src=\"https:\/\/platform.twitter.com\/widgets.js\" charset=\"utf-8\"><\/script>\n<\/div><\/figure>\n\n\n\n<h3 class=\"wp-block-heading\">Un presidente ausente en las malas y oportunista en las buenas<\/h3>\n\n\n\n<p>La cr\u00edtica de Kicillof no es s\u00f3lo sem\u00e1ntica: apunta al n\u00facleo de un problema pol\u00edtico profundo. Javier Milei ha construido su narrativa sobre la inseguridad en base a frases efectistas como \u00abla provincia es un ba\u00f1o de sangre\u00bb. Pero si esto fuera cierto \u2014si Buenos Aires fuera efectivamente una tierra arrasada por el crimen\u2014, ser\u00eda matem\u00e1ticamente imposible que la tasa nacional de homicidios haya bajado. La aritm\u00e9tica, tan valorada por los libertarios cuando se trata de recortar derechos, parece ser descartada cuando desmiente el show.<\/p>\n\n\n\n<p>Este doble discurso es una herramienta recurrente de La Libertad Avanza: se fugan de los temas estructurales, pero reclaman laureles cuando la estad\u00edstica se acomoda a su conveniencia. El propio Milei, que ha rechazado sistem\u00e1ticamente reunirse con Kicillof para coordinar pol\u00edticas de seguridad, se niega a construir el federalismo cooperativo que demanda una problem\u00e1tica tan compleja como el delito.<\/p>\n\n\n\n<p>La motosierra, s\u00edmbolo del relato libertario, podr\u00e1 recortar presupuestos, pero no construye ni patrulleros ni v\u00ednculos comunitarios. Mucho menos produce justicia ni reduce el crimen. Lo que s\u00ed genera es un Estado ausente y desarticulado, que luego se disfraza de exitoso gracias a los datos que otros \u2014los gobiernos provinciales, las fuerzas locales, las pol\u00edticas p\u00fablicas sostenidas\u2014 han contribuido a mejorar.<\/p>\n\n\n\n<h3 class=\"wp-block-heading\">El marketing no salva vidas<\/h3>\n\n\n\n<p>\u201cLa seguridad no se construye con marketing o frases efectistas\u201d, advierte Kicillof, y no le falta raz\u00f3n. La baja de homicidios no puede ser celebrada con liviandad: detr\u00e1s de cada estad\u00edstica hay v\u00edctimas, familias rotas y comunidades heridas. Sin embargo, la derecha libertaria no duda en usar esos datos como insumos para la campa\u00f1a, mientras convierte cada hecho tr\u00e1gico en una pieza de propaganda. No se trata de prevenci\u00f3n, ni de justicia, ni de paz: se trata de votos.<\/p>\n\n\n\n<p>Kicillof lo dice sin rodeos: <em>\u00abEspero que los funcionarios y candidatos de La Libertad Avanza se abstengan de hacer una explotaci\u00f3n pol\u00edtica del miedo y del dolor\u00bb<\/em>. Pero el pedido suena m\u00e1s a advertencia que a deseo. La estructura comunicacional de Milei ha demostrado que no tiene l\u00edmites a la hora de construir enemigos, dividir a la sociedad y usar el sufrimiento como trampol\u00edn electoral.<\/p>\n\n\n\n<h3 class=\"wp-block-heading\">Un Estado necesario que Milei se empe\u00f1a en destruir<\/h3>\n\n\n\n<p>Mientras Javier Milei se vanagloria de \u201cachicar el Estado\u201d, la provincia de Buenos Aires denuncia que todav\u00eda no recibi\u00f3 los recursos que le fueron quitados arbitrariamente por el Gobierno Nacional. Kicillof estima que esos fondos permitir\u00edan la compra de <strong>10.000 patrulleros<\/strong>. No se trata de una cifra simb\u00f3lica: se trata de una pol\u00edtica de seguridad concreta, cercenada por el fundamentalismo libertario.<\/p>\n\n\n\n<p>\u00abEn estos tiempos tan fr\u00e1giles, como dec\u00eda el Papa Francisco, los Estados son m\u00e1s necesarios que nunca\u00bb, concluye el gobernador. Frente al caos programado por Milei, que deja sin fondos a las provincias mientras exige resultados, el modelo bonaerense apuesta por una construcci\u00f3n paciente y responsable de un Estado presente, protector y sensible.<\/p>\n\n\n\n<p>El problema no es s\u00f3lo la hipocres\u00eda del discurso libertario, sino las consecuencias reales de sus decisiones: cuando el Estado se ausenta, no queda libertad, sino miedo. No queda m\u00e9rito, sino desprotecci\u00f3n. Y no queda seguridad, sino relato.<\/p>\n\n\n\n<p><\/p>\n","protected":false},"excerpt":{"rendered":"<p>Kicillof denuncia la hipocres\u00eda del relato libertario: menos homicidios, m\u00e1s manipulaci\u00f3n pol\u00edtica El Ministerio de Seguridad de la Naci\u00f3n difundi\u00f3 un dato que, en otro contexto, merecer\u00eda una reflexi\u00f3n colectiva y responsable: la tasa de homicidios dolosos en Argentina se encuentra en su nivel m\u00e1s bajo en d\u00e9cadas. En lo que va de 2025, los&#8230;<\/p>\n","protected":false},"author":9,"featured_media":4589,"comment_status":"open","ping_status":"open","sticky":false,"template":"","format":"standard","meta":{"_monsterinsights_skip_tracking":false,"_monsterinsights_sitenote_active":false,"_monsterinsights_sitenote_note":"","_monsterinsights_sitenote_category":0,"footnotes":"","jetpack_publicize_message":"","jetpack_publicize_feature_enabled":true,"jetpack_social_post_already_shared":true,"jetpack_social_options":{"image_generator_settings":{"template":"highway","default_image_id":0,"font":"","enabled":false},"version":2}},"categories":[2],"tags":[],"class_list":["post-4588","post","type-post","status-publish","format-standard","has-post-thumbnail","hentry","category-politica"],"jetpack_publicize_connections":[],"_links":{"self":[{"href":"https:\/\/www.enorsai.com\/noticias\/wp-json\/wp\/v2\/posts\/4588","targetHints":{"allow":["GET"]}}],"collection":[{"href":"https:\/\/www.enorsai.com\/noticias\/wp-json\/wp\/v2\/posts"}],"about":[{"href":"https:\/\/www.enorsai.com\/noticias\/wp-json\/wp\/v2\/types\/post"}],"author":[{"embeddable":true,"href":"https:\/\/www.enorsai.com\/noticias\/wp-json\/wp\/v2\/users\/9"}],"replies":[{"embeddable":true,"href":"https:\/\/www.enorsai.com\/noticias\/wp-json\/wp\/v2\/comments?post=4588"}],"version-history":[{"count":1,"href":"https:\/\/www.enorsai.com\/noticias\/wp-json\/wp\/v2\/posts\/4588\/revisions"}],"predecessor-version":[{"id":4590,"href":"https:\/\/www.enorsai.com\/noticias\/wp-json\/wp\/v2\/posts\/4588\/revisions\/4590"}],"wp:featuredmedia":[{"embeddable":true,"href":"https:\/\/www.enorsai.com\/noticias\/wp-json\/wp\/v2\/media\/4589"}],"wp:attachment":[{"href":"https:\/\/www.enorsai.com\/noticias\/wp-json\/wp\/v2\/media?parent=4588"}],"wp:term":[{"taxonomy":"category","embeddable":true,"href":"https:\/\/www.enorsai.com\/noticias\/wp-json\/wp\/v2\/categories?post=4588"},{"taxonomy":"post_tag","embeddable":true,"href":"https:\/\/www.enorsai.com\/noticias\/wp-json\/wp\/v2\/tags?post=4588"}],"curies":[{"name":"wp","href":"https:\/\/api.w.org\/{rel}","templated":true}]}}