{"id":4585,"date":"2025-05-27T08:24:07","date_gmt":"2025-05-27T11:24:07","guid":{"rendered":"http:\/\/www.enorsai.com\/noticias\/?p=4585"},"modified":"2025-06-03T16:42:32","modified_gmt":"2025-06-03T19:42:32","slug":"raymundo-gleyzer-cuando-el-arte-se-vuelve-subversivo-para-el-poder-real","status":"publish","type":"post","link":"https:\/\/www.enorsai.com\/noticias\/cultura\/raymundo-gleyzer-cuando-el-arte-se-vuelve-subversivo-para-el-poder-real\/","title":{"rendered":"Raymundo Gleyzer: Cuando el arte se vuelve subversivo para el poder real"},"content":{"rendered":"\n<p><strong><em>A 49 a\u00f1os de su secuestro y desaparici\u00f3n forzada, la figura de Raymundo Gleyzer sigue encendiendo pantallas, conciencias y voluntades. Su vida y su obra son una advertencia: hacer cine pol\u00edtico en Am\u00e9rica Latina puede costar la vida.<\/em><\/strong><\/p>\n\n\n\n<p>Raymundo Gleyzer no s\u00f3lo film\u00f3 con la c\u00e1mara, tambi\u00e9n con la historia. No s\u00f3lo rod\u00f3 pel\u00edculas, sino que dej\u00f3 trazado un camino. A 49 a\u00f1os de su desaparici\u00f3n, su nombre resurge cada 27 de mayo, D\u00eda del Documentalista, para recordarnos que el cine puede ser tan poderoso como un panfleto, una huelga o una barricada.<\/p>\n\n\n\n<p>El 27 de mayo de 1976, un grupo de tareas de la dictadura c\u00edvico-militar lo secuestr\u00f3 a plena luz del d\u00eda en la puerta del Sindicato Cinematogr\u00e1fico Argentino. Desde entonces, permanece desaparecido. Ten\u00eda 34 a\u00f1os. Era padre, compa\u00f1ero, militante y uno de los realizadores m\u00e1s l\u00facidos y combativos que dio Am\u00e9rica Latina.<\/p>\n\n\n\n<p><\/p>\n\n\n\n<h3 class=\"wp-block-heading\"><strong>Un cine de combate<\/strong><\/h3>\n\n\n\n<p>Raymundo hab\u00eda nacido en Buenos Aires en 1941, hijo de Jacobo Gleyzer y Sara Aijemboin, fundadora del Teatro Popular Jud\u00edo. Su formaci\u00f3n fue tan diversa como intensa: estudi\u00f3 Ciencias Econ\u00f3micas en la UBA, pero abandon\u00f3 para estudiar cine en la Universidad Nacional de La Plata. Fue disc\u00edpulo de Jos\u00e9 Mart\u00ednez Su\u00e1rez y admirador de Fernando Birri.<\/p>\n\n\n\n<p>Su cine naci\u00f3 en la calle, en los barrios, en las f\u00e1bricas, en los sindicatos. Su lenguaje era el del pueblo organizado. Form\u00f3 parte de la Asociaci\u00f3n de Cine Experimental y del grupo <strong>Cine de la Base<\/strong>, junto a Juana Sapire, \u00c1lvaro Meli\u00e1n, Nerio Barberis y otros. El objetivo era claro: \u201ccolectivizar la inteligencia\u201d, crear un cine que fuera \u00fatil a la lucha de clases. No entretenimiento: <strong>herramienta de combate<\/strong>.<\/p>\n\n\n\n<p>Film\u00f3 14 obras, entre ellas documentales fundamentales como <em>La tierra quema<\/em> (1964), <em>M\u00e9xico, la revoluci\u00f3n congelada<\/em> (1971), y <em>Ni olvido ni perd\u00f3n: la masacre de Trelew<\/em> (1972). Tambi\u00e9n realiz\u00f3 una de las m\u00e1s agudas ficciones pol\u00edticas del cine latinoamericano: <em>Los traidores<\/em> (1973), que cuenta la historia de un sindicalista peronista que traiciona a sus bases. Filmada en la clandestinidad, fue exhibida en comedores, sindicatos y villas, desafiando a los aparatos burocr\u00e1ticos y represivos.<\/p>\n\n\n\n<figure class=\"wp-block-embed is-type-rich is-provider-twitter wp-block-embed-twitter\"><div class=\"wp-block-embed__wrapper\">\n<blockquote class=\"twitter-tweet\" data-width=\"550\" data-dnt=\"true\"><p lang=\"es\" dir=\"ltr\">Raymundo Gleyzer fue el primer cineasta argentino en filmar las Islas Malvinas. Ten\u00eda 24 a\u00f1os. Viajo s\u00f3lo, con una c\u00e1mara de cine, de foto y sonido. Realiz\u00f3 un film para Telenoche llamado &quot;Nuestras Islas Malvinas&quot;. Su madre Sara nos contaba, que por toda la tensi\u00f3n, <a href=\"https:\/\/t.co\/rNaznd8al2\">pic.twitter.com\/rNaznd8al2<\/a><\/p>&mdash; roberto taboada (@robertotaboada5) <a href=\"https:\/\/twitter.com\/robertotaboada5\/status\/1907544800943034526?ref_src=twsrc%5Etfw\">April 2, 2025<\/a><\/blockquote><script async src=\"https:\/\/platform.twitter.com\/widgets.js\" charset=\"utf-8\"><\/script>\n<\/div><\/figure>\n\n\n\n<h3 class=\"wp-block-heading\"><strong>Del lente a la lucha<\/strong><\/h3>\n\n\n\n<p>Raymundo fue m\u00e1s que un cineasta. Fue un militante revolucionario. Su paso del Partido Comunista al Partido Revolucionario de los Trabajadores (PRT), brazo pol\u00edtico del ERP, refleja la radicalizaci\u00f3n de una generaci\u00f3n que buscaba transformar el mundo, no representarlo. Sab\u00eda que su arte era peligroso. Lo sab\u00eda y no se detuvo.<\/p>\n\n\n\n<p>Fue camar\u00f3grafo en Canal 7 y Canal 13, donde document\u00f3 la vida en las Islas Malvinas. Viaj\u00f3 por Europa del Este, Cuba y M\u00e9xico con Juana Sapire, su compa\u00f1era de vida y sonidista. En 1971 film\u00f3 <em>M\u00e9xico, la revoluci\u00f3n congelada<\/em>, una denuncia demoledora sobre la traici\u00f3n a los ideales revolucionarios. Censurada en Argentina, fue premiada en Locarno, Mannheim, Adelaide y proyectada en festivales como Cannes y Berl\u00edn.<\/p>\n\n\n\n<p>Tambi\u00e9n retrat\u00f3 la brutalidad empresarial en <em>Me matan si no trabajo y si trabajo me matan<\/em>, un cortometraje sobre el saturnismo sufrido por obreros metal\u00fargicos. Siempre en tensi\u00f3n con el poder. Siempre desde abajo.<\/p>\n\n\n\n<figure class=\"wp-block-embed is-type-rich is-provider-twitter wp-block-embed-twitter\"><div class=\"wp-block-embed__wrapper\">\n<blockquote class=\"twitter-tweet\" data-width=\"550\" data-dnt=\"true\"><p lang=\"es\" dir=\"ltr\">Gracias se\u00f1ora <a href=\"https:\/\/twitter.com\/Claudiashein?ref_src=twsrc%5Etfw\">@Claudiashein<\/a> <br>Por el homenaje que su ministerio de cultura le har\u00e1 hoy al compa\u00f1ero raymundo gleyzer ,secuestrado, desaparecido y asesinado por la dictadura argentina <br>Aqu\u00ed hoy no se puede<br>Un abrazo <a href=\"https:\/\/t.co\/Pl695HNFAh\">pic.twitter.com\/Pl695HNFAh<\/a><\/p>&mdash; roberto taboada (@robertotaboada5) <a href=\"https:\/\/twitter.com\/robertotaboada5\/status\/1927118768649486523?ref_src=twsrc%5Etfw\">May 26, 2025<\/a><\/blockquote><script async src=\"https:\/\/platform.twitter.com\/widgets.js\" charset=\"utf-8\"><\/script>\n<\/div><\/figure>\n\n\n\n<h3 class=\"wp-block-heading\"><strong>Una desaparici\u00f3n que sigue hablando<\/strong><\/h3>\n\n\n\n<p>Su secuestro fue un mensaje mafioso: el poder teme a quienes piensan y organizan desde el arte. Pero el mensaje no logr\u00f3 su objetivo. Lejos de acallar su obra, su desaparici\u00f3n convirti\u00f3 a Raymundo en emblema. Su legado creci\u00f3. Se multiplic\u00f3. Se proyect\u00f3. Se convirti\u00f3 en memoria activa.<\/p>\n\n\n\n<p>Desde el exilio, sus compa\u00f1eros realizaron en 1979 el cortometraje <em>La Triple A son las tres armas<\/em>, basado en la \u201cCarta Abierta a la Junta Militar\u201d de Rodolfo Walsh. Juana Sapire, su compa\u00f1era, se convirti\u00f3 en guardiana de su memoria. Junto a la periodista Cynthia Sabat, escribi\u00f3 <em>Compa\u00f1ero Raymundo<\/em>, un libro fundamental para comprender no s\u00f3lo al artista sino al ser humano que vivi\u00f3 para transformar.<\/p>\n\n\n\n<p><\/p>\n\n\n\n<h3 class=\"wp-block-heading\"><strong>El cine como revuelta<\/strong><\/h3>\n\n\n\n<p>El cine documental argentino es hoy uno de los m\u00e1s valorados del mundo. Diverso, experimental, h\u00edbrido. Pero su ra\u00edz sigue siendo la misma: denunciar, visibilizar, contar lo que los grandes medios ocultan. Gleyzer fue pionero. Su est\u00e9tica no fue academicista, sino popular. Su narrativa no fue complaciente, sino provocadora.<\/p>\n\n\n\n<p>Su obra no envejece porque sus temas siguen vigentes: la traici\u00f3n pol\u00edtica, la represi\u00f3n estatal, el rol de los medios, la lucha obrera, el imperialismo. Lo que denunci\u00f3 en los \u201870 puede leerse hoy en clave contempor\u00e1nea, en un pa\u00eds donde la represi\u00f3n se recicla, la pobreza crece y las democracias tambalean bajo el peso del ajuste.<\/p>\n\n\n\n<p>En un contexto donde muchos artistas callan o pactan, Raymundo sigue siendo el ejemplo inc\u00f3modo de lo que significa <strong>comprometerse hasta las \u00faltimas consecuencias<\/strong>. Su frase resuena con fuerza en cada proyecci\u00f3n: <em>\u201cNosotros no hacemos films para morir, sino para vivir mejor. Y si se nos va la vida en ello, vendr\u00e1n otros que continuar\u00e1n\u201d<\/em>.<\/p>\n\n\n\n<figure class=\"wp-block-embed is-type-rich is-provider-twitter wp-block-embed-twitter\"><div class=\"wp-block-embed__wrapper\">\n<blockquote class=\"twitter-tweet\" data-width=\"550\" data-dnt=\"true\"><p lang=\"en\" dir=\"ltr\">Los traidores (1973), Raymundo Gleyzer. \ud83c\udfa5 <a href=\"https:\/\/t.co\/McGzOyde1A\">pic.twitter.com\/McGzOyde1A<\/a><\/p>&mdash; Juan (@juankyjurado) <a href=\"https:\/\/twitter.com\/juankyjurado\/status\/1925694690621321615?ref_src=twsrc%5Etfw\">May 22, 2025<\/a><\/blockquote><script async src=\"https:\/\/platform.twitter.com\/widgets.js\" charset=\"utf-8\"><\/script>\n<\/div><\/figure>\n\n\n\n<h3 class=\"wp-block-heading\"><strong>Un legado de fuego<\/strong><\/h3>\n\n\n\n<p>Raymundo Gleyzer no desapareci\u00f3. Su rostro est\u00e1 en cada pantalla que se enciende para proyectar verdades. Su voz resuena en cada documental que pone el cuerpo a la historia. Su \u00e9tica es un faro para las nuevas generaciones que se animan a mirar al poder a los ojos y filmar sin permiso.<\/p>\n\n\n\n<p>En tiempos de negacionismo, persecuci\u00f3n y censura, reivindicar su figura es un acto de resistencia. Porque Raymundo no fue una v\u00edctima pasiva: fue un combatiente. Uno de los mejores. Y como todo revolucionario aut\u00e9ntico, su huella no se borra. Se multiplica.<\/p>\n\n\n\n<p>Fuentes:<\/p>\n\n\n\n<ul class=\"wp-block-list\">\n<li><a href=\"https:\/\/www.pagina12.com.ar\/828991-efemerides-de-hoy-que-paso-un-27-de-mayo\">https:\/\/www.pagina12.com.ar\/828991-efemerides-de-hoy-que-paso-un-27-de-mayo<\/a><\/li>\n\n\n\n<li><a href=\"https:\/\/www.cultura.gob.ar\/raymundo-gleyzer-documentalista-militante-9055\/\">https:\/\/www.cultura.gob.ar\/raymundo-gleyzer-documentalista-militante-9055\/<\/a><\/li>\n<\/ul>\n","protected":false},"excerpt":{"rendered":"<p>A 49 a\u00f1os de su secuestro y desaparici\u00f3n forzada, la figura de Raymundo Gleyzer sigue encendiendo pantallas, conciencias y voluntades. Su vida y su obra son una advertencia: hacer cine pol\u00edtico en Am\u00e9rica Latina puede costar la vida. Raymundo Gleyzer no s\u00f3lo film\u00f3 con la c\u00e1mara, tambi\u00e9n con la historia. No s\u00f3lo rod\u00f3 pel\u00edculas, sino&#8230;<\/p>\n","protected":false},"author":1,"featured_media":4586,"comment_status":"open","ping_status":"open","sticky":false,"template":"","format":"standard","meta":{"_monsterinsights_skip_tracking":false,"_monsterinsights_sitenote_active":false,"_monsterinsights_sitenote_note":"","_monsterinsights_sitenote_category":0,"footnotes":"","jetpack_publicize_message":"\ud83c\udfac Raymundo Gleyzer no filmaba para entretener, filmaba para cambiar el mundo.\n\ud83c\udfa5 A 49 a\u00f1os de su secuestro por la dictadura, su obra sigue latiendo en cada documental que denuncia, incomoda y moviliza.\n\ud83d\udcfd\ufe0f Militante, cineasta y combatiente: su legado es un acto de resistencia.","jetpack_publicize_feature_enabled":true,"jetpack_social_post_already_shared":false,"jetpack_social_options":{"image_generator_settings":{"template":"highway","default_image_id":0,"enabled":false},"version":2}},"categories":[1587,5],"tags":[1539,1541,1540,1542,1538],"class_list":["post-4585","post","type-post","status-publish","format-standard","has-post-thumbnail","hentry","category-cultura-cine-tv-series","category-cultura","tag-cine-militante","tag-desaparecidos","tag-dictadura-argentina","tag-documental-politico","tag-raymundo-gleyzer"],"jetpack_publicize_connections":[],"_links":{"self":[{"href":"https:\/\/www.enorsai.com\/noticias\/wp-json\/wp\/v2\/posts\/4585","targetHints":{"allow":["GET"]}}],"collection":[{"href":"https:\/\/www.enorsai.com\/noticias\/wp-json\/wp\/v2\/posts"}],"about":[{"href":"https:\/\/www.enorsai.com\/noticias\/wp-json\/wp\/v2\/types\/post"}],"author":[{"embeddable":true,"href":"https:\/\/www.enorsai.com\/noticias\/wp-json\/wp\/v2\/users\/1"}],"replies":[{"embeddable":true,"href":"https:\/\/www.enorsai.com\/noticias\/wp-json\/wp\/v2\/comments?post=4585"}],"version-history":[{"count":1,"href":"https:\/\/www.enorsai.com\/noticias\/wp-json\/wp\/v2\/posts\/4585\/revisions"}],"predecessor-version":[{"id":4587,"href":"https:\/\/www.enorsai.com\/noticias\/wp-json\/wp\/v2\/posts\/4585\/revisions\/4587"}],"wp:featuredmedia":[{"embeddable":true,"href":"https:\/\/www.enorsai.com\/noticias\/wp-json\/wp\/v2\/media\/4586"}],"wp:attachment":[{"href":"https:\/\/www.enorsai.com\/noticias\/wp-json\/wp\/v2\/media?parent=4585"}],"wp:term":[{"taxonomy":"category","embeddable":true,"href":"https:\/\/www.enorsai.com\/noticias\/wp-json\/wp\/v2\/categories?post=4585"},{"taxonomy":"post_tag","embeddable":true,"href":"https:\/\/www.enorsai.com\/noticias\/wp-json\/wp\/v2\/tags?post=4585"}],"curies":[{"name":"wp","href":"https:\/\/api.w.org\/{rel}","templated":true}]}}