{"id":4571,"date":"2025-05-26T15:52:17","date_gmt":"2025-05-26T18:52:17","guid":{"rendered":"https:\/\/www.enorsai.com\/noticias\/?p=4571"},"modified":"2025-05-26T15:52:17","modified_gmt":"2025-05-26T18:52:17","slug":"kicillof-denuncio-el-uso-electoralista-de-las-inundaciones-por-parte-de-bullrich-y-espert-y-acuso-a-milei-de-paralizar-obras-y-retener-fondos","status":"publish","type":"post","link":"https:\/\/www.enorsai.com\/noticias\/politica\/kicillof-denuncio-el-uso-electoralista-de-las-inundaciones-por-parte-de-bullrich-y-espert-y-acuso-a-milei-de-paralizar-obras-y-retener-fondos\/","title":{"rendered":"Kicillof denunci\u00f3 el uso electoralista de las inundaciones por parte de Bullrich y Espert, y acus\u00f3 a Milei de paralizar obras y retener fondos"},"content":{"rendered":"\n<p><strong><em>Con el 7 de septiembre en el horizonte electoral bonaerense, el gobernador Axel Kicillof encendi\u00f3 las alarmas ante lo que considera una campa\u00f1a sucia \u2014o m\u00e1s bien, \u201cro\u00f1osa\u201d\u2014 encabezada por el oficialismo nacional. Bajo la figura de Javier Milei, y con los micr\u00f3fonos amplificados por figuras como Patricia Bullrich y Jos\u00e9 Luis Espert, La Libertad Avanza despliega una estrategia que, lejos de nutrirse de propuestas, se nutre del oportunismo, la mentira y la manipulaci\u00f3n del dolor ajeno.<\/em><\/strong><\/p>\n\n\n\n<p>Las cr\u00edticas de Kicillof no nacen del aire. Durante los \u00faltimos d\u00edas, tanto Bullrich como Espert intentaron explotar electoralmente la tragedia que significaron las inundaciones en distintas zonas de la provincia de Buenos Aires. Lo hicieron echando culpas a la administraci\u00f3n provincial y diseminando datos distorsionados sobre la inseguridad, con una narrativa que el gobernador calific\u00f3 como \u201cirresponsable\u201d, \u201cprovocadora\u201d y cargada de cinismo pol\u00edtico.<\/p>\n\n\n\n<h3 class=\"wp-block-heading\">\u201cParen de mentir, paren de caranchear\u201d<\/h3>\n\n\n\n<p>En una conferencia de prensa sostenida, no s\u00f3lo con palabras, sino con datos y acciones concretas, Kicillof desmont\u00f3 las afirmaciones de la ministra de Seguridad, Patricia Bullrich, quien celebr\u00f3 p\u00fablicamente las supuestas \u201cmejores estad\u00edsticas de homicidios\u201d en la historia argentina. Kicillof respondi\u00f3 con una clase de estad\u00edstica b\u00e1sica: \u201cLos homicidios se toman cada 100.000 habitantes, y la provincia de Buenos Aires representa el 40% del pa\u00eds. Si ac\u00e1 hubiera un ba\u00f1o de sangre, no podr\u00edan mejorar las cifras nacionales\u201d.<\/p>\n\n\n\n<p>La l\u00f3gica es ineludible: no se puede tapar el sol con un dedo, ni mucho menos manipular los n\u00fameros sin que el enga\u00f1o sea evidente. Kicillof advirti\u00f3 que esta forma de \u201ccaranchear\u201d con la tragedia \u2014en clara alusi\u00f3n al uso de las inundaciones como arma electoral\u2014 no s\u00f3lo desinforma, sino que desmoraliza a quienes enfrentan emergencias reales, y da\u00f1a la institucionalidad misma.<\/p>\n\n\n\n<h3 class=\"wp-block-heading\">La obra p\u00fablica: el gran ausente del plan libertario<\/h3>\n\n\n\n<p>Una de las cr\u00edticas m\u00e1s contundentes se dirigi\u00f3 hacia el freno total de la obra p\u00fablica por parte del Gobierno nacional. Kicillof calific\u00f3 este accionar como una muestra de \u201cignorancia absoluta\u201d, advirtiendo que muchas de las obras paralizadas por la Casa Rosada fueron retomadas y concluidas por la gesti\u00f3n bonaerense, a trav\u00e9s de financiamiento internacional y recursos propios.<\/p>\n\n\n\n<p>\u201cNo s\u00e9 cu\u00e1l perro tiene el presidente Milei, pero es el del hortelano: no hace ni deja hacer\u201d, ironiz\u00f3 el mandatario, resumiendo en una sola frase el bloqueo sistem\u00e1tico que enfrenta su administraci\u00f3n por parte de la Naci\u00f3n.<\/p>\n\n\n\n<p>Desde diciembre de 2023, la provincia de Buenos Aires s\u00f3lo recibi\u00f3 10.000 millones de pesos de los 400.000 millones que le corresponder\u00edan proporcionalmente. Esa \u00ednfima suma fue transferida de urgencia tras la tragedia de Bah\u00eda Blanca, y destinada directamente al municipio. Desde entonces, los fondos para emergencias, mantenimiento de infraestructura y asistencia social han sido absorbidos por la Naci\u00f3n y nunca restituidos.<\/p>\n\n\n\n<h3 class=\"wp-block-heading\">Emergencia sin asistencia<\/h3>\n\n\n\n<p>Lejos de quedarse en la denuncia, Kicillof present\u00f3 un informe detallado de todas las acciones llevadas adelante por su gobierno frente a las inundaciones. Desde la distribuci\u00f3n de ayuda humanitaria y vacunaci\u00f3n en zonas afectadas, hasta el despliegue de infraestructura financiada sin la colaboraci\u00f3n del Ejecutivo nacional.<\/p>\n\n\n\n<p>Adem\u00e1s, anunci\u00f3 un reclamo formal por 100.000 millones de pesos \u2014una cifra significativamente menor a lo que le corresponde\u2014 con el objetivo de cubrir gastos ya realizados por la administraci\u00f3n provincial en contexto de emergencia. \u201cEs obligaci\u00f3n legal del Gobierno Nacional cubrir esos fondos cuando se declara una emergencia. No lo hacen porque no les interesa la gente\u201d, dispar\u00f3 el gobernador.<\/p>\n\n\n\n<p>El desinter\u00e9s se traduce en burocracia inerte y en un sistema que, seg\u00fan Kicillof, depende de la autorizaci\u00f3n informal de un \u201ctr\u00edo\u201d de poder conformado por Karina Milei, Santiago Caputo y el propio ministro de Econom\u00eda, Luis \u201cToto\u201d Caputo. \u201cEstamos hartos de que nos digan \u2018te lo transfiero hoy\u2019 y despu\u00e9s echen al funcionario que lo dijo. Ya van 140 echados\u201d, apunt\u00f3 con indignaci\u00f3n.<\/p>\n\n\n\n<h3 class=\"wp-block-heading\">Un Estado provincial contra la corriente<\/h3>\n\n\n\n<p>Mientras la Naci\u00f3n se atrinchera en su dogmatismo antiestatal, la Provincia refuerza la presencia del Estado donde m\u00e1s se lo necesita. El ministro de Gobierno, Carlos Bianco, y el presidente del Banco Provincia, Juan Cuattromo, detallaron programas espec\u00edficos de asistencia econ\u00f3mica y social, incluyendo l\u00edneas de cr\u00e9dito a tasa cero para familias damnificadas, y pr\u00e9stamos accesibles para PyMEs y microemprendedores.<\/p>\n\n\n\n<p>Frente al desprecio de Milei por la obra p\u00fablica y la solidaridad institucional, Buenos Aires eligi\u00f3 redoblar esfuerzos. En palabras de Kicillof: \u201cSi no quieren gobernar, que no lo hagan. Pero no se metan a sabotear. Nosotros vamos a seguir estando donde el pueblo nos necesita\u201d.<\/p>\n\n\n\n<h3 class=\"wp-block-heading\">La campa\u00f1a ro\u00f1osa<\/h3>\n\n\n\n<p>La denuncia de Kicillof sobre el tono y contenido de la campa\u00f1a de La Libertad Avanza no es menor. A su juicio, no se trata simplemente de una estrategia electoral agresiva, sino de una campa\u00f1a deliberadamente destructiva que recurre a la manipulaci\u00f3n del dolor, la desinformaci\u00f3n sistem\u00e1tica y el abandono programado del Estado como pol\u00edtica de ajuste encubierta.<\/p>\n\n\n\n<p>\u201cNo es sucia, es ro\u00f1osa\u201d, sentenci\u00f3 el mandatario, visiblemente indignado por la liviandad con la que se utilizan tragedias humanas para sembrar miedo y desinformaci\u00f3n.<\/p>\n\n\n\n<p>El contexto electoral no puede ser una excusa para que desde el poder se siembre el caos. Y mucho menos cuando se omite cumplir funciones b\u00e1sicas, como transferir fondos para emergencias o garantizar derechos esenciales como el acceso a la vivienda, la salud y la seguridad p\u00fablica.<\/p>\n\n\n\n<p>Fuentes:<\/p>\n\n\n\n<ul class=\"wp-block-list\">\n<li><a href=\"https:\/\/noticiasargentinas.com\/politica\/axel-kicillof---la-campana-electoral-no-es-sucia--es-ronosa-_a6834661d939b18a70054a161\">https:\/\/noticiasargentinas.com\/politica\/axel-kicillof&#8212;la-campana-electoral-no-es-sucia&#8211;es-ronosa-_a6834661d939b18a70054a161<\/a><\/li>\n\n\n\n<li><a href=\"https:\/\/www.pagina12.com.ar\/828841-axel-kicillof-critico-la-campana-electoral-de-lla-en-provinc\">https:\/\/www.pagina12.com.ar\/828841-axel-kicillof-critico-la-campana-electoral-de-lla-en-provinc<\/a><\/li>\n<\/ul>\n","protected":false},"excerpt":{"rendered":"<p>Axel Kicillof denunci\u00f3 el uso electoralista de las inundaciones por parte de Bullrich y Espert, y acus\u00f3 al Gobierno de Milei de paralizar obras y retener fondos. Afirm\u00f3 que Buenos Aires se sostiene con recursos propios y que la campa\u00f1a de La Libertad Avanza es \u201cro\u00f1osa, mentirosa e irresponsable\u201d.<\/p>\n","protected":false},"author":1,"featured_media":4572,"comment_status":"open","ping_status":"open","sticky":false,"template":"","format":"standard","meta":{"_monsterinsights_skip_tracking":false,"_monsterinsights_sitenote_active":false,"_monsterinsights_sitenote_note":"","_monsterinsights_sitenote_category":0,"footnotes":"","jetpack_publicize_message":"\ud83d\udd25 Axel Kicillof enfrenta la campa\u00f1a \u201cro\u00f1osa\u201d de Milei, Bullrich y Espert. Denuncia abandono, manipulaci\u00f3n y uso pol\u00edtico de la tragedia. \u201cNo hacen ni dejan hacer\u201d, lanz\u00f3 contra el presidente. Enterate c\u00f3mo la provincia resiste sola ","jetpack_publicize_feature_enabled":true,"jetpack_social_post_already_shared":false,"jetpack_social_options":{"image_generator_settings":{"template":"highway","default_image_id":0,"enabled":false},"version":2}},"categories":[2],"tags":[262,1438,854,923,838,104,45,1482,859,86],"class_list":["post-4571","post","type-post","status-publish","format-standard","has-post-thumbnail","hentry","category-politica","tag-bullrich","tag-campana","tag-emergencia","tag-espert","tag-inundaciones","tag-kicillof","tag-milei","tag-obras","tag-provincia","tag-seguridad"],"jetpack_publicize_connections":[],"_links":{"self":[{"href":"https:\/\/www.enorsai.com\/noticias\/wp-json\/wp\/v2\/posts\/4571","targetHints":{"allow":["GET"]}}],"collection":[{"href":"https:\/\/www.enorsai.com\/noticias\/wp-json\/wp\/v2\/posts"}],"about":[{"href":"https:\/\/www.enorsai.com\/noticias\/wp-json\/wp\/v2\/types\/post"}],"author":[{"embeddable":true,"href":"https:\/\/www.enorsai.com\/noticias\/wp-json\/wp\/v2\/users\/1"}],"replies":[{"embeddable":true,"href":"https:\/\/www.enorsai.com\/noticias\/wp-json\/wp\/v2\/comments?post=4571"}],"version-history":[{"count":1,"href":"https:\/\/www.enorsai.com\/noticias\/wp-json\/wp\/v2\/posts\/4571\/revisions"}],"predecessor-version":[{"id":4573,"href":"https:\/\/www.enorsai.com\/noticias\/wp-json\/wp\/v2\/posts\/4571\/revisions\/4573"}],"wp:featuredmedia":[{"embeddable":true,"href":"https:\/\/www.enorsai.com\/noticias\/wp-json\/wp\/v2\/media\/4572"}],"wp:attachment":[{"href":"https:\/\/www.enorsai.com\/noticias\/wp-json\/wp\/v2\/media?parent=4571"}],"wp:term":[{"taxonomy":"category","embeddable":true,"href":"https:\/\/www.enorsai.com\/noticias\/wp-json\/wp\/v2\/categories?post=4571"},{"taxonomy":"post_tag","embeddable":true,"href":"https:\/\/www.enorsai.com\/noticias\/wp-json\/wp\/v2\/tags?post=4571"}],"curies":[{"name":"wp","href":"https:\/\/api.w.org\/{rel}","templated":true}]}}