{"id":4566,"date":"2025-05-26T11:51:58","date_gmt":"2025-05-26T14:51:58","guid":{"rendered":"https:\/\/www.enorsai.com\/noticias\/politica\/alberto-banos-seguira-a-cargo-de-la-destruccion-planificada-de-las-politicas-de-derechos-humanos\/"},"modified":"2025-07-04T18:50:18","modified_gmt":"2025-07-04T21:50:18","slug":"alberto-banos-seguira-a-cargo-de-la-destruccion-planificada-de-las-politicas-de-derechos-humanos","status":"publish","type":"post","link":"https:\/\/www.enorsai.com\/noticias\/derechos-humanos\/alberto-banos-seguira-a-cargo-de-la-destruccion-planificada-de-las-politicas-de-derechos-humanos\/","title":{"rendered":"Alberto Ba\u00f1os seguir\u00e1 a cargo de la destrucci\u00f3n planificada de las pol\u00edticas de derechos humanos"},"content":{"rendered":"\n<p>La degradaci\u00f3n no es solo simb\u00f3lica. Con Alberto Ba\u00f1os confirmado como subsecretario ad honorem de Derechos Humanos \u2014sin sueldo pero con plena obediencia al dogma negacionista del gobierno de Javier Milei\u2014, el Estado argentino consagra un nuevo cap\u00edtulo en el desmantelamiento de la pol\u00edtica de memoria, verdad y justicia. <\/p>\n\n\n\n<p>La exSecretar\u00eda es ahora un cascar\u00f3n institucional, mutilado por despidos masivos, vaciado de funciones y subordinado a un aparato estatal que ve en los derechos humanos un obst\u00e1culo ideol\u00f3gico.<br><br>Por decisi\u00f3n del propio Milei, y a trav\u00e9s del decreto 357, la Secretar\u00eda de Derechos Humanos qued\u00f3 reducida a una subsecretar\u00eda. Pero no solo se trata de un cambio administrativo. El plan es otro: borrar, diluir, reinterpretar, reemplazar memoria por relato, justicia por impunidad, verdad por revisionismo. Y Ba\u00f1os es el ejecutor ideal.<br><br>De rugbier a juez, de juez a censor<br><br>Alberto Ba\u00f1os no lleg\u00f3 por m\u00e9rito t\u00e9cnico ni por compromiso con los derechos humanos. Fue nombrado por su amistad con el ministro de Justicia, Mariano C\u00faneo Libarona, con quien comparte m\u00e1s afinidades ideol\u00f3gicas que principios democr\u00e1ticos. Ingres\u00f3 al Poder Judicial en 1977, en plena dictadura militar, y ascendi\u00f3 durante los \u201890 menemistas. En 2010, firm\u00f3 un h\u00e1beas corpus para beneficiar al represor y exministro de Econom\u00eda de la dictadura, Jos\u00e9 Alfredo Mart\u00ednez de Hoz.<br><br>En tribunales lo recuerdan como \u201cun duro entre los duros\u201d, aficionado al tiro y cercano a personajes como el exjuez Juan Jos\u00e9 Galeano, condenado por encubrir la causa AMIA. Hoy es la cara visible de una pol\u00edtica que pretende igualar cr\u00edmenes del terrorismo de Estado con los cometidos por organizaciones armadas, en un intento burdo de reescribir la historia con l\u00f3gica de \u201cguerra sucia\u201d.<br><br>Tierra arrasada<br><br>Desde su llegada en diciembre de 2023, Ba\u00f1os comand\u00f3 la ofensiva contra los organismos, trabajadores y espacios que sostienen el legado de memoria construido en las \u00faltimas d\u00e9cadas. Hasta marzo de este a\u00f1o se despidieron 405 empleados. Y si se concreta el recorte adicional del 30% anunciado por el vocero presidencial Manuel Adorni, se sumar\u00e1n al menos 170 cesant\u00edas m\u00e1s. En total, quedar\u00eda en pie apenas un tercio de la estructura original.<br><br>El impacto es devastador:<br><br>El Archivo Nacional de la Memoria qued\u00f3 virtualmente paralizado.<br><br>Se disolvi\u00f3 el cuerpo de peritos que trabajaba en causas de lesa humanidad.<br><br>Hay provincias sin querellantes.<br><br>Solo queda un abogado para atender estas causas en CABA y PBA.<br><br>La Direcci\u00f3n de Sitios de Memoria fue diezmada.<br><br>El Centro Cultural Haroldo Conti fue censurado y luego cerrado.<br><br><br>Todo esto mientras el acceso a la exESMA \u2014espacio de memoria y patrimonio de la humanidad seg\u00fan la UNESCO\u2014 se militariza. Los trabajadores deben pasar controles de la Polic\u00eda Federal para entrar a su lugar de trabajo. La pedagog\u00eda del miedo reemplaza a la educaci\u00f3n por la memoria.<br><br>El vaciamiento como pol\u00edtica<br><br>La estrategia de destrucci\u00f3n no se limita a la exSecretar\u00eda. El Gobierno tambi\u00e9n desarticul\u00f3 el Banco Nacional de Datos Gen\u00e9ticos (BNDG), creado por las Abuelas de Plaza de Mayo para identificar a los nietos apropiados durante la dictadura. El objetivo no es econ\u00f3mico. Es ideol\u00f3gico. Se busca borrar todo rastro de una pol\u00edtica de Estado orientada a reparar el terror sistem\u00e1tico perpetrado entre 1976 y 1983.<br><br>El ANM y el Museo Sitio de Memoria ESMA fueron absorbidos como simples \u201cunidades operativas\u201d del Centro Internacional para la Promoci\u00f3n de los Derechos Humanos (CIPDH), que se encuentra ac\u00e9falo. En su lugar suena el nombre de Ana Bel\u00e9n M\u00e1rmora, periodista ultracat\u00f3lica y esposa de un funcionario de la Secretar\u00eda de Culto. La memoria como bot\u00edn ideol\u00f3gico de los sectores m\u00e1s reaccionarios.<br><br>Derechos humanos, solo para algunos<br><br>Con Ba\u00f1os como subsecretario ad honorem, el negacionismo del Gobierno se institucionaliza. Se honra al represor, se despide al querellante, se premia al censor, se margina a las Abuelas. Se construye una narrativa en la que los cr\u00edmenes del Estado ya no son delitos de lesa humanidad sino \u201cexcesos de una guerra\u201d. Y se instala, desde el poder, la idea de que la memoria estorba.<br><br>Mientras tanto, los juicios por delitos de lesa humanidad se debilitan. El rol del Estado como querellante se desintegra. El silencio comienza a ocupar el lugar que durante a\u00f1os tuvo la b\u00fasqueda de justicia. Y en nombre del ajuste, se perpet\u00faa la impunidad.<br><br>\u00bfHasta d\u00f3nde llega el desmantelamiento?<br><br>El caso de Alberto Ba\u00f1os no es anecd\u00f3tico. Es sintom\u00e1tico. Representa un modelo de gesti\u00f3n autoritaria, patriarcal, represiva. Su continuidad al frente de Derechos Humanos es un mensaje: el gobierno de Javier Milei no solo desfinancia el Estado, sino que busca redefinirlo. Y en esa redefinici\u00f3n no hay lugar para la memoria colectiva, ni para las luchas de los organismos, ni para los derechos conquistados.<br><br>Estamos ante una ofensiva ideol\u00f3gica feroz que no solo persigue la eficiencia del ajuste, sino tambi\u00e9n la revancha hist\u00f3rica de quienes nunca creyeron en la justicia por los cr\u00edmenes de la dictadura. La continuidad de Ba\u00f1os no es una an\u00e9cdota burocr\u00e1tica. Es el s\u00edntoma de una restauraci\u00f3n autoritaria en curso.<\/p>\n\n\n\n<p>Fuente:<\/p>\n\n\n\n<ul class=\"wp-block-list\">\n<li>https:\/\/www.pagina12.com.ar\/828792-alberto-banos-seguira-a-cargo-de-la-destruccion-de-las-polit<\/li>\n<\/ul>\n","protected":false},"excerpt":{"rendered":"<p>La degradaci\u00f3n no es solo simb\u00f3lica. Con Alberto Ba\u00f1os confirmado como subsecretario ad honorem de Derechos Humanos \u2014sin sueldo pero con plena obediencia al dogma negacionista del gobierno de Javier Milei\u2014, el Estado argentino consagra un nuevo cap\u00edtulo en el desmantelamiento de la pol\u00edtica de memoria, verdad y justicia. La exSecretar\u00eda es ahora un cascar\u00f3n&#8230;<\/p>\n","protected":false},"author":1,"featured_media":4565,"comment_status":"open","ping_status":"open","sticky":false,"template":"","format":"standard","meta":{"_monsterinsights_skip_tracking":false,"_monsterinsights_sitenote_active":false,"_monsterinsights_sitenote_note":"","_monsterinsights_sitenote_category":0,"footnotes":"","jetpack_publicize_message":"","jetpack_publicize_feature_enabled":true,"jetpack_social_post_already_shared":true,"jetpack_social_options":{"image_generator_settings":{"template":"highway","default_image_id":0,"font":"","enabled":false},"version":2}},"categories":[1908],"tags":[],"class_list":["post-4566","post","type-post","status-publish","format-standard","has-post-thumbnail","hentry","category-derechos-humanos"],"jetpack_publicize_connections":[],"_links":{"self":[{"href":"https:\/\/www.enorsai.com\/noticias\/wp-json\/wp\/v2\/posts\/4566","targetHints":{"allow":["GET"]}}],"collection":[{"href":"https:\/\/www.enorsai.com\/noticias\/wp-json\/wp\/v2\/posts"}],"about":[{"href":"https:\/\/www.enorsai.com\/noticias\/wp-json\/wp\/v2\/types\/post"}],"author":[{"embeddable":true,"href":"https:\/\/www.enorsai.com\/noticias\/wp-json\/wp\/v2\/users\/1"}],"replies":[{"embeddable":true,"href":"https:\/\/www.enorsai.com\/noticias\/wp-json\/wp\/v2\/comments?post=4566"}],"version-history":[{"count":1,"href":"https:\/\/www.enorsai.com\/noticias\/wp-json\/wp\/v2\/posts\/4566\/revisions"}],"predecessor-version":[{"id":5955,"href":"https:\/\/www.enorsai.com\/noticias\/wp-json\/wp\/v2\/posts\/4566\/revisions\/5955"}],"wp:featuredmedia":[{"embeddable":true,"href":"https:\/\/www.enorsai.com\/noticias\/wp-json\/wp\/v2\/media\/4565"}],"wp:attachment":[{"href":"https:\/\/www.enorsai.com\/noticias\/wp-json\/wp\/v2\/media?parent=4566"}],"wp:term":[{"taxonomy":"category","embeddable":true,"href":"https:\/\/www.enorsai.com\/noticias\/wp-json\/wp\/v2\/categories?post=4566"},{"taxonomy":"post_tag","embeddable":true,"href":"https:\/\/www.enorsai.com\/noticias\/wp-json\/wp\/v2\/tags?post=4566"}],"curies":[{"name":"wp","href":"https:\/\/api.w.org\/{rel}","templated":true}]}}