{"id":4545,"date":"2025-05-26T06:07:28","date_gmt":"2025-05-26T09:07:28","guid":{"rendered":"http:\/\/www.enorsai.com\/noticias\/?p=4545"},"modified":"2025-05-26T06:07:28","modified_gmt":"2025-05-26T09:07:28","slug":"confirmado-un-grupo-neonazi-bahiense-fue-el-responsable-del-atentado-al-local-de-la-campora-en-2021","status":"publish","type":"post","link":"https:\/\/www.enorsai.com\/noticias\/politica\/confirmado-un-grupo-neonazi-bahiense-fue-el-responsable-del-atentado-al-local-de-la-campora-en-2021\/","title":{"rendered":"\u00a1Confirmado! Un Grupo neonazi bahiense fue el responsable del atentado al local de La Campora en 2021"},"content":{"rendered":"\n<p><strong><em>A cuatro a\u00f1os del ataque al Ateneo N\u00e9stor Kirchner, una investigaci\u00f3n por homicidio desnud\u00f3 la trama oscura de Nueva Soberan\u00eda, una c\u00e9lula neonazi bahiense con planes de expansi\u00f3n, apoyo log\u00edstico, discurso de odio y un brazo armado en construcci\u00f3n.<\/em><\/strong><\/p>\n\n\n\n<p>Una explosi\u00f3n en la madrugada del 25 de mayo de 2021 estremeci\u00f3 a Bah\u00eda Blanca. Durante a\u00f1os fue un crimen impune, oculto tras el desinter\u00e9s judicial y la desidia estatal. Pero un asesinato fortuito destap\u00f3 una red de terrorismo ultraderechista que creci\u00f3 en silencio bajo un clima pol\u00edtico que desprecia la democracia. \u00bfCu\u00e1ntos m\u00e1s hay agazapados?<\/p>\n\n\n\n<p>El 25 de mayo de 2021 no fue solo un aniversario patrio en Bah\u00eda Blanca. Esa madrugada, a las 3:00, una explosi\u00f3n sacudi\u00f3 el coraz\u00f3n del peronismo local. El Ateneo N\u00e9stor Kirchner vol\u00f3 por los aires con una carga explosiva que no dej\u00f3 v\u00edctimas solo por azar: porque era de noche, porque no hab\u00eda nadie adentro, porque el destino decidi\u00f3 no sumar nombres a la lista de m\u00e1rtires.<\/p>\n\n\n\n<p>Aquel atentado fue un grito de odio, una se\u00f1al clara del accionar de un sector que desprecia la pol\u00edtica, la memoria y los valores democr\u00e1ticos. Pero durante m\u00e1s de tres a\u00f1os, no hubo respuestas. La justicia federal mir\u00f3 hacia otro lado, las c\u00e1maras de seguridad m\u00e1gicamente fallaron y el expediente fue derivado a la nada con una frase lapidaria: \u201cHay poco y nada\u201d. Esa frase, que deber\u00eda indignar a cualquier dem\u00f3crata, no solo reflejaba ineptitud, sino una complicidad pasiva, esa que permite que la violencia crezca en las sombras.<\/p>\n\n\n\n<p>Fue necesario un crimen brutal, el asesinato de Emanuel Alarc\u00f3n, para que el velo de la impunidad se corriera. Pablo Dahua, hasta entonces un actor marginal en el tablero pol\u00edtico local, result\u00f3 ser mucho m\u00e1s que un homicida. El allanamiento en su casa destap\u00f3 un arsenal: explosivos listos para detonar, armas de guerra, propaganda neonazi. Una escenograf\u00eda que no desentonar\u00eda en una serie sobre extremismo terrorista, pero que era bien real, bien cercana.<\/p>\n\n\n\n<p>Lo que parec\u00eda una disputa por tierras termin\u00f3 siendo la puerta de entrada al subsuelo de la pol\u00edtica argentina, donde se mueven grupos como \u201cNueva Soberan\u00eda\u201d. No estamos hablando de fan\u00e1ticos aislados ni de loquitos sueltos. Estamos hablando de una organizaci\u00f3n estructurada, jer\u00e1rquica, con roles definidos, entrenamiento militar, planificaci\u00f3n log\u00edstica y objetivos estrat\u00e9gicos. Una agrupaci\u00f3n que coqueteaba con la pol\u00edtica mientras preparaba atentados, que reclutaba j\u00f3venes con entrevistas ideol\u00f3gicas y dise\u00f1aba panfletos con est\u00e9tica nazi.<\/p>\n\n\n\n<p>La justicia tard\u00f3, pero lleg\u00f3. En octubre de 2024, la jueza federal Mar\u00eda Gabriela Marr\u00f3n proces\u00f3 a Dahua por su participaci\u00f3n directa en el atentado al Ateneo, lo describi\u00f3 como \u201cmiembro de un colectivo antidemocr\u00e1tico, de ultraderecha y extremista\u201d, y confirm\u00f3 lo que muchos sospechaban: no fue un hecho aislado, fue parte de un plan.<\/p>\n\n\n<div class=\"wp-block-image\">\n<figure class=\"alignleft size-large is-resized\"><img loading=\"lazy\" decoding=\"async\" width=\"576\" height=\"1024\" src=\"https:\/\/www.enorsai.com\/noticias\/wp-content\/uploads\/2025\/05\/image-33-576x1024.png\" alt=\"\" class=\"wp-image-4547\" style=\"width:342px;height:auto\" srcset=\"https:\/\/www.enorsai.com\/noticias\/wp-content\/uploads\/2025\/05\/image-33-576x1024.png 576w, https:\/\/www.enorsai.com\/noticias\/wp-content\/uploads\/2025\/05\/image-33-169x300.png 169w, https:\/\/www.enorsai.com\/noticias\/wp-content\/uploads\/2025\/05\/image-33-768x1366.png 768w, https:\/\/www.enorsai.com\/noticias\/wp-content\/uploads\/2025\/05\/image-33-864x1536.png 864w, https:\/\/www.enorsai.com\/noticias\/wp-content\/uploads\/2025\/05\/image-33.png 992w\" sizes=\"auto, (max-width: 576px) 100vw, 576px\" \/><\/figure>\n<\/div>\n\n\n<p>Ese plan inclu\u00eda fusionarse con otro grupo radical, Faro Austral, para dividir tareas entre un ala pol\u00edtica y un brazo armado. Quer\u00edan m\u00e1s que panfletos: buscaban \u201ccontrol territorial\u201d, discut\u00edan \u201cvoladuras de puentes\u201d, analizaban t\u00e1cticas militares. La evidencia es contundente, los audios son escalofriantes. Y lo m\u00e1s perturbador es que todo esto se estaba gestando en democracia, mientras se gritaban consignas de libertad y se banalizaba la pol\u00edtica como \u201ccasta\u201d.<\/p>\n\n\n\n<p>Porque ese es el caldo de cultivo de estos monstruos. La demonizaci\u00f3n constante de la pol\u00edtica, la burla a los derechos humanos, la naturalizaci\u00f3n del odio. Cuando un gobierno como el de Javier Milei, con ministros que reivindican a la dictadura, con funcionarios que niegan el terrorismo de Estado, con discursos que estigmatizan a la militancia, instala ese clima de desprecio, no sorprende que los grupos antidemocr\u00e1ticos se sientan habilitados para actuar.<\/p>\n\n\n\n<p>Y mientras el gobierno cierra el Ministerio de Mujeres, recorta el financiamiento a la educaci\u00f3n p\u00fablica y reprime las protestas sociales, la ultraderecha crece en las sombras. Como lo hizo Nueva Soberan\u00eda, que incluso se infiltr\u00f3 en sindicatos y organizaciones pol\u00edticas. Dahua trabajaba en el \u00e1rea de prensa de ATE y participaba en movilizaciones del PJ y la izquierda. No era un marginal: era un topo, un infiltrado, un estratega del odio.<\/p>\n\n\n\n<p>La impunidad fue su aliada. Durante tres a\u00f1os, la fiscal\u00eda minimiz\u00f3 el atentado. El fiscal Santiago Ulpiano Mart\u00ednez lleg\u00f3 a decir que era \u201cuna sede de La C\u00e1mpora\u201d, como si eso lo hiciera menos grave. Como si la filiaci\u00f3n pol\u00edtica de una v\u00edctima justificara un atentado con explosivos. Esa l\u00f3gica es peligrosa. Porque abre la puerta al terrorismo selectivo, a la persecuci\u00f3n ideol\u00f3gica, al \u201calgo habr\u00e1n hecho\u201d.<\/p>\n\n\n\n<p>Las pruebas reunidas tras el asesinato de Alarc\u00f3n tambi\u00e9n vinculan el accionar de Nueva Soberan\u00eda con otros ataques: al centro cultural mapuche \u201cRuka Kimun\u201d, al domicilio de un funcionario de salud, y a pintadas antisemitas previas al atentado al Ateneo. Todo con la misma firma, el mismo estilo, la misma ideolog\u00eda de exterminio.<\/p>\n\n\n\n<figure class=\"wp-block-gallery has-nested-images columns-default is-cropped wp-block-gallery-1 is-layout-flex wp-block-gallery-is-layout-flex\">\n<figure class=\"wp-block-image size-large\"><img loading=\"lazy\" decoding=\"async\" width=\"992\" height=\"1323\" data-id=\"4549\" src=\"https:\/\/www.enorsai.com\/noticias\/wp-content\/uploads\/2025\/05\/4OMWW7E6C5B7HMQ67SZCJ2GNIM.avif\" alt=\"\" class=\"wp-image-4549\"\/><figcaption class=\"wp-element-caption\">As\u00ed qued\u00f3 el local de La C\u00e1mpora el 25 de mayo de 2021<\/figcaption><\/figure>\n\n\n\n<figure class=\"wp-block-image size-large\"><img loading=\"lazy\" decoding=\"async\" width=\"992\" height=\"558\" data-id=\"4550\" src=\"https:\/\/www.enorsai.com\/noticias\/wp-content\/uploads\/2025\/05\/4IKLCQXP4NEULE53RDRWDFXHLQ.avif\" alt=\"\" class=\"wp-image-4550\"\/><figcaption class=\"wp-element-caption\">As\u00ed qued\u00f3 el local de La C\u00e1mpora el 25 de mayo de 2021<\/figcaption><\/figure>\n<\/figure>\n\n\n\n<p>Pero la historia no termina ah\u00ed. Porque si algo qued\u00f3 claro es que los planes de estos grupos siguen vigentes. El arsenal encontrado no era de museo. Estaba listo para usarse. Hab\u00eda objetivos, hab\u00eda log\u00edstica, hab\u00eda nombres. Solo el azar \u2013y un crimen com\u00fan\u2013 evit\u00f3 una nueva masacre.<\/p>\n\n\n\n<p>En un pa\u00eds donde la memoria colectiva sostiene que \u201cNunca M\u00e1s\u201d es un compromiso inquebrantable, este caso deber\u00eda encender todas las alarmas. \u00bfQu\u00e9 m\u00e1s tiene que pasar para que el Estado act\u00fae? \u00bfQu\u00e9 otra explosi\u00f3n necesita la justicia para salir del letargo? \u00bfCu\u00e1ntos grupos como Nueva Soberan\u00eda siguen activos bajo el radar?<\/p>\n\n\n\n<p>No se trata solo de condenar a Dahua o Rosales. Se trata de entender que hay un proyecto pol\u00edtico que desprecia la democracia, que busca instalar el miedo, que no cree en las reglas del juego. Y ese proyecto encuentra su mejor h\u00e1bitat cuando el poder institucional lo subestima, lo niega o, peor a\u00fan, lo avala con silencios c\u00f3mplices.<\/p>\n\n\n\n<p>Hoy, a cuatro a\u00f1os del atentado al Ateneo N\u00e9stor Kirchner, es tiempo de decirlo sin rodeos: la ultraderecha crece cuando la democracia retrocede. Y mientras el gobierno de Milei le declare la guerra a la pol\u00edtica, a la militancia y a la organizaci\u00f3n popular, estos grupos seguir\u00e1n creciendo. Porque el odio no necesita mayor\u00eda, solo impunidad.<\/p>\n\n\n\n<p>Fuentes:<\/p>\n\n\n\n<ul class=\"wp-block-list\">\n<li><a href=\"https:\/\/www.pagina12.com.ar\/828520-como-la-investigacion-de-un-asesinato-desbarato-los-planes-d\">https:\/\/www.pagina12.com.ar\/828520-como-la-investigacion-de-un-asesinato-desbarato-los-planes-d<\/a><\/li>\n\n\n\n<li><a href=\"https:\/\/www.infobae.com\/politica\/2024\/10\/24\/procesaron-con-prision-preventiva-al-hombre-que-hizo-explotar-una-bomba-en-una-unidad-basica-de-la-campora\/\">https:\/\/www.infobae.com\/politica\/2024\/10\/24\/procesaron-con-prision-preventiva-al-hombre-que-hizo-explotar-una-bomba-en-una-unidad-basica-de-la-campora\/<\/a><\/li>\n\n\n\n<li><a href=\"https:\/\/www.facebook.com\/APEPEBAHIA\/posts\/atentados-en-bah%C3%ADa-aprehenden-a-otro-sospechoso-por-tenencia-ilegal-de-armas-de-\/1068888367934248\/\">https:\/\/www.facebook.com\/APEPEBAHIA\/posts\/atentados-en-bah%C3%ADa-aprehenden-a-otro-sospechoso-por-tenencia-ilegal-de-armas-de-\/1068888367934248\/<\/a><\/li>\n<\/ul>\n\n\n\n<p><\/p>\n","protected":false},"excerpt":{"rendered":"<p>A cuatro a\u00f1os del atentado al Ateneo N\u00e9stor Kirchner en Bah\u00eda Blanca, un asesinato fortuito revel\u00f3 la existencia de una c\u00e9lula neonazi estructurada con explosivos listos para detonar. La impunidad judicial y el clima pol\u00edtico actual permiten que la ultraderecha avance en la sombra, con apoyo log\u00edstico e ideol\u00f3gico.<\/p>\n","protected":false},"author":1,"featured_media":4546,"comment_status":"open","ping_status":"open","sticky":false,"template":"","format":"standard","meta":{"_monsterinsights_skip_tracking":false,"_monsterinsights_sitenote_active":false,"_monsterinsights_sitenote_note":"","_monsterinsights_sitenote_category":0,"footnotes":"","jetpack_publicize_message":"\ud83d\udca3 A 4 a\u00f1os del atentado al Ateneo N\u00e9stor Kirchner, un crimen revel\u00f3 lo impensado: una red neonazi crec\u00eda en Bah\u00eda Blanca \u00bfHasta cu\u00e1ndo se deja avanzar al odio con total impunidad?","jetpack_publicize_feature_enabled":true,"jetpack_social_post_already_shared":false,"jetpack_social_options":{"image_generator_settings":{"template":"highway","enabled":false},"version":2}},"categories":[2],"tags":[1355,833,209,98,1532,363,72,800,323,711],"class_list":["post-4545","post","type-post","status-publish","format-standard","has-post-thumbnail","hentry","category-politica","tag-atentado","tag-bahiablanca","tag-democracia","tag-impunidad","tag-neonazismo","tag-peronismo","tag-politica","tag-terrorismo","tag-ultraderecha","tag-violencia"],"jetpack_publicize_connections":[],"_links":{"self":[{"href":"https:\/\/www.enorsai.com\/noticias\/wp-json\/wp\/v2\/posts\/4545","targetHints":{"allow":["GET"]}}],"collection":[{"href":"https:\/\/www.enorsai.com\/noticias\/wp-json\/wp\/v2\/posts"}],"about":[{"href":"https:\/\/www.enorsai.com\/noticias\/wp-json\/wp\/v2\/types\/post"}],"author":[{"embeddable":true,"href":"https:\/\/www.enorsai.com\/noticias\/wp-json\/wp\/v2\/users\/1"}],"replies":[{"embeddable":true,"href":"https:\/\/www.enorsai.com\/noticias\/wp-json\/wp\/v2\/comments?post=4545"}],"version-history":[{"count":1,"href":"https:\/\/www.enorsai.com\/noticias\/wp-json\/wp\/v2\/posts\/4545\/revisions"}],"predecessor-version":[{"id":4551,"href":"https:\/\/www.enorsai.com\/noticias\/wp-json\/wp\/v2\/posts\/4545\/revisions\/4551"}],"wp:featuredmedia":[{"embeddable":true,"href":"https:\/\/www.enorsai.com\/noticias\/wp-json\/wp\/v2\/media\/4546"}],"wp:attachment":[{"href":"https:\/\/www.enorsai.com\/noticias\/wp-json\/wp\/v2\/media?parent=4545"}],"wp:term":[{"taxonomy":"category","embeddable":true,"href":"https:\/\/www.enorsai.com\/noticias\/wp-json\/wp\/v2\/categories?post=4545"},{"taxonomy":"post_tag","embeddable":true,"href":"https:\/\/www.enorsai.com\/noticias\/wp-json\/wp\/v2\/tags?post=4545"}],"curies":[{"name":"wp","href":"https:\/\/api.w.org\/{rel}","templated":true}]}}