{"id":4541,"date":"2025-05-26T05:34:59","date_gmt":"2025-05-26T08:34:59","guid":{"rendered":"http:\/\/www.enorsai.com\/noticias\/?p=4541"},"modified":"2025-05-26T05:34:59","modified_gmt":"2025-05-26T08:34:59","slug":"axel-inauguro-el-viaducto-papa-francisco-en-almirante-brown-y-aseguro-que-es-mentira-que-no-hay-plata","status":"publish","type":"post","link":"https:\/\/www.enorsai.com\/noticias\/politica\/axel-inauguro-el-viaducto-papa-francisco-en-almirante-brown-y-aseguro-que-es-mentira-que-no-hay-plata\/","title":{"rendered":"Axel inaugur\u00f3 el viaducto \u00abPapa Francisco\u00bb en Almirante Brown y asegur\u00f3 que \u00abes mentira que no hay plata\u00bb"},"content":{"rendered":"\n<p><strong>Mientras Javier Milei clama que \u201cno hay plata\u201d para salud, educaci\u00f3n ni vivienda, el gobernador de la provincia m\u00e1s poblada del pa\u00eds lo desmiente con hechos: obra p\u00fablica terminada, reclamo de justicia fiscal y una defensa encendida del rol del Estado. Una narrativa alternativa al relato libertario.<\/strong><\/p>\n\n\n\n<p>Este 25 de Mayo, fecha emblema de la soberan\u00eda y la construcci\u00f3n de lo com\u00fan, la escena pol\u00edtica se carg\u00f3 de s\u00edmbolos y gestos. Mientras el presidente Javier Milei eligi\u00f3 el atril virtual y la ret\u00f3rica incendiaria, Axel Kicillof se calz\u00f3 el casco de obra, camin\u00f3 sobre el concreto reci\u00e9n terminado del Viaducto Papa Francisco y con micr\u00f3fono en mano desmont\u00f3, punto por punto, el discurso oficial que intenta convencer a la ciudadan\u00eda de que no hay recursos.<\/p>\n\n\n\n<p>Burzaco no fue solo el escenario de una inauguraci\u00f3n vial. Fue, tambi\u00e9n, una tribuna popular desde la que se plante\u00f3 un contrapunto pol\u00edtico y filos\u00f3fico con el gobierno nacional. \u201cEs mentira que no hay plata\u201d, lanz\u00f3 el gobernador bonaerense, como quien le prende fuego a la mentira m\u00e1s repetida de la gesti\u00f3n libertaria. Lo hizo ante un p\u00fablico diverso, entre obreros de la construcci\u00f3n, vecinos, intendentes, funcionarios y empresarios de la producci\u00f3n, todos beneficiarios concretos de una obra p\u00fablica que no solo conecta barrios, sino que simboliza otra forma de gobernar.<\/p>\n\n\n\n<p>El Viaducto Papa Francisco se extiende por m\u00e1s de 1.200 metros sobre la Ruta 4 y mejora dr\u00e1sticamente la conectividad en una de las zonas productivas m\u00e1s activas del sur del conurbano bonaerense. Para Kicillof, esta infraestructura no es un lujo, sino una necesidad. \u201cEsto transforma la seguridad vial, agiliza el transporte y facilita la log\u00edstica para empresas y trabajadores. Es calidad de vida, es desarrollo\u201d, dijo. Un mensaje con olor a cemento fresco y cifras concretas, frente al humo especulativo del gobierno nacional.<\/p>\n\n\n\n<p>Pero la obra fue, sobre todo, la excusa perfecta para desnudar la injusticia estructural que atraviesa la relaci\u00f3n entre Naci\u00f3n y Provincia. Kicillof no se guard\u00f3 nada: \u201cDe cada 100 pesos que se recaudan, 40 los aporta la provincia de Buenos Aires, pero solo vuelven 7. \u00bfD\u00f3nde est\u00e1n los otros 33? \u00bfA qu\u00e9 timba los mandaron?\u201d. La denuncia es demoledora. No se trata de una diferencia t\u00e9cnica en el reparto de recursos, sino de una verdadera expoliaci\u00f3n fiscal que deja a millones de bonaerenses sin lo que les corresponde por derecho. El gobernador puso el dedo en la llaga: la Naci\u00f3n capta fondos que no redistribuye de forma justa, y los destina \u2014sin tapujos\u2014 a \u201cun esquema que solo favorece a la especulaci\u00f3n financiera y la fuga\u201d.<\/p>\n\n\n\n<figure class=\"wp-block-embed is-type-rich is-provider-twitter wp-block-embed-twitter\"><div class=\"wp-block-embed__wrapper\">\n<blockquote class=\"twitter-tweet\" data-width=\"550\" data-dnt=\"true\"><p lang=\"es\" dir=\"ltr\">La libertad es una palabra vac\u00eda si no est\u00e1 acompa\u00f1ada de la igualdad, de un proyecto federal y soberano, de un futuro que incluya a todos y a todas.<br><br>Ese es el pa\u00eds que so\u00f1aron nuestros patriotas y por el que luchamos cada d\u00eda desde la provincia de Buenos Aires \ud83c\udde6\ud83c\uddf7 <a href=\"https:\/\/t.co\/sHEgPYJl5Q\">pic.twitter.com\/sHEgPYJl5Q<\/a><\/p>&mdash; Axel Kicillof (@Kicillofok) <a href=\"https:\/\/twitter.com\/Kicillofok\/status\/1926768724947726634?ref_src=twsrc%5Etfw\">May 25, 2025<\/a><\/blockquote><script async src=\"https:\/\/platform.twitter.com\/widgets.js\" charset=\"utf-8\"><\/script>\n<\/div><\/figure>\n\n\n\n<p>En ese contexto, la frase \u201cno hay plata\u201d se vuelve no solo una excusa, sino una forma de maltrato institucional. \u201cLe acaban de pedir 20 mil millones de d\u00f3lares al Fondo Monetario Internacional, \u00bfy ni un solo d\u00f3lar va para viviendas, ni para educaci\u00f3n, ni para salud?\u201d, pregunt\u00f3 Kicillof, dejando flotando en el aire una certeza inc\u00f3moda: los recursos existen, pero Milei elige destinarlos al altar de la ortodoxia econ\u00f3mica y el dogma libertario.<\/p>\n\n\n\n<p>Como si el relato oficial ya no pudiera sostenerse por su propio peso, el gobernador cit\u00f3 incluso la Constituci\u00f3n Nacional. Con tono de advertencia y un dejo de indignaci\u00f3n, record\u00f3 que el presidente jur\u00f3 cumplirla, y que la misma obliga al Estado a garantizar derechos esenciales como la salud, la educaci\u00f3n y la vivienda. \u201cEl Estado est\u00e1 para garantizar derechos, no para reprimir sue\u00f1os\u201d, dijo. Una frase que cal\u00f3 hondo en un pa\u00eds donde las im\u00e1genes de gendarmes persiguiendo manifestantes o reprimiendo a trabajadores vuelven a repetirse como postales de otros tiempos que cre\u00edamos superados.<\/p>\n\n\n\n<p>El nombre elegido para la obra tambi\u00e9n fue un mensaje en s\u00ed mismo. Llamar \u201cPapa Francisco\u201d al viaducto no fue un capricho ni una decisi\u00f3n aislada. Representa, en palabras del propio Kicillof, \u201cla cultura del encuentro\u201d. Un puente que une localidades, pero tambi\u00e9n proyectos de pa\u00eds. De un lado, la Argentina de la producci\u00f3n, el trabajo y el Estado presente. Del otro, la Argentina del ajuste perpetuo, el d\u00f3lar como dios, y la pol\u00edtica como plan de negocios.<\/p>\n\n\n\n<figure class=\"wp-block-embed is-type-rich is-provider-twitter wp-block-embed-twitter\"><div class=\"wp-block-embed__wrapper\">\n<blockquote class=\"twitter-tweet\" data-width=\"550\" data-dnt=\"true\"><p lang=\"es\" dir=\"ltr\">No hay mejor manera de celebrar un 25 de Mayo que garantizando derechos con obras estructurales como la del viaducto &quot;Papa Francisco&quot; que inauguramos en la RP N\u00b04 en <a href=\"https:\/\/twitter.com\/hashtag\/AlmiranteBrown?src=hash&amp;ref_src=twsrc%5Etfw\">#AlmiranteBrown<\/a>.<br><br>Una obra hist\u00f3rica que beneficia a 12 municipios, fortalece la conectividad y la integraci\u00f3n en\u2026 <a href=\"https:\/\/t.co\/v0yfbcwAEU\">pic.twitter.com\/v0yfbcwAEU<\/a><\/p>&mdash; Axel Kicillof (@Kicillofok) <a href=\"https:\/\/twitter.com\/Kicillofok\/status\/1926723527979250138?ref_src=twsrc%5Etfw\">May 25, 2025<\/a><\/blockquote><script async src=\"https:\/\/platform.twitter.com\/widgets.js\" charset=\"utf-8\"><\/script>\n<\/div><\/figure>\n\n\n\n<p>El discurso de cierre fue, m\u00e1s que un acto de gesti\u00f3n, un acto de resistencia. \u201cViva la patria, viva la soberan\u00eda, viva la educaci\u00f3n p\u00fablica, viva el trabajo nacional, viva la producci\u00f3n argentina, viva el pueblo de la Naci\u00f3n\u201d, exclam\u00f3 el gobernador. No era un slogan, era una toma de posici\u00f3n. Porque en un pa\u00eds donde el gobierno nacional parece decidido a dinamitar todo lo que huela a lo colectivo, cada viaducto, cada aula, cada centro de salud inaugurado es tambi\u00e9n una trinchera.<\/p>\n\n\n\n<p>Y as\u00ed como el viaducto se eleva sobre la Ruta 4, el conflicto pol\u00edtico se eleva sobre el relato oficial. Milei insiste en que no hay alternativa. Kicillof demuestra que s\u00ed la hay. Que se puede gobernar pensando en la gente, invirtiendo en el presente para tener un futuro.<\/p>\n\n\n\n<p>La pregunta ya no es si hay plata. La pregunta es qui\u00e9n decide a d\u00f3nde va. Y mientras en la Rosada se recortan partidas esenciales con frialdad contable, en Burzaco se tienden puentes que hablan de otro pa\u00eds posible. Uno donde la obra p\u00fablica no es gasto, sino inversi\u00f3n. Donde la pol\u00edtica no es mercado, sino justicia. Donde el Estado no reprime, sino construye. Literalmente.<\/p>\n\n\n\n<p>Fuente:<\/p>\n\n\n\n<ul class=\"wp-block-list\">\n<li><a href=\"https:\/\/noticiasargentinas.com\/politica\/-no-es-verdad-que-no-hay-plata---axel-kicillof-critico-a-javier-milei-al-inaugurar-un-viaducto-en-burzaco_a683361e32fa04f6c5fc894c7\">https:\/\/noticiasargentinas.com\/politica\/-no-es-verdad-que-no-hay-plata&#8212;axel-kicillof-critico-a-javier-milei-al-inaugurar-un-viaducto-en-burzaco_a683361e32fa04f6c5fc894c7<\/a><\/li>\n<\/ul>\n","protected":false},"excerpt":{"rendered":"<p>Axel Kicillof inaugur\u00f3 un viaducto en Burzaco y desminti\u00f3 el relato oficial de Milei: \u00abNo es verdad que no hay plata\u00bb. Con cifras, denuncias y obra concreta, el gobernador expuso el ajuste y la injusticia fiscal que sufre la provincia. Una obra p\u00fablica convertida en acto de resistencia pol\u00edtica.<\/p>\n","protected":false},"author":1,"featured_media":4542,"comment_status":"open","ping_status":"open","sticky":false,"template":"","format":"standard","meta":{"_monsterinsights_skip_tracking":false,"_monsterinsights_sitenote_active":false,"_monsterinsights_sitenote_note":"","_monsterinsights_sitenote_category":0,"footnotes":"","jetpack_publicize_message":"\ud83d\udea7 Mientras Milei dice que \"no hay plata\", Axel Kicillof inaugura obras que cambian vidas. En Burzaco, el gobernador puso los puntos sobre las \u00edes: hay recursos, pero se fugan. \ud83d\udcb8 Devolv\u00e9 lo que le corresponde al pueblo, presidente.","jetpack_publicize_feature_enabled":true,"jetpack_social_post_already_shared":false,"jetpack_social_options":{"image_generator_settings":{"template":"highway","enabled":false},"version":2}},"categories":[2],"tags":[58,776,669,1530,90,104,45,1531,365,1529],"class_list":["post-4541","post","type-post","status-publish","format-standard","has-post-thumbnail","hentry","category-politica","tag-ajuste","tag-buenos-aires","tag-constitucion","tag-coparticipacion","tag-fmi","tag-kicillof","tag-milei","tag-obra-publica","tag-represion","tag-viaducto"],"jetpack_publicize_connections":[],"_links":{"self":[{"href":"https:\/\/www.enorsai.com\/noticias\/wp-json\/wp\/v2\/posts\/4541","targetHints":{"allow":["GET"]}}],"collection":[{"href":"https:\/\/www.enorsai.com\/noticias\/wp-json\/wp\/v2\/posts"}],"about":[{"href":"https:\/\/www.enorsai.com\/noticias\/wp-json\/wp\/v2\/types\/post"}],"author":[{"embeddable":true,"href":"https:\/\/www.enorsai.com\/noticias\/wp-json\/wp\/v2\/users\/1"}],"replies":[{"embeddable":true,"href":"https:\/\/www.enorsai.com\/noticias\/wp-json\/wp\/v2\/comments?post=4541"}],"version-history":[{"count":1,"href":"https:\/\/www.enorsai.com\/noticias\/wp-json\/wp\/v2\/posts\/4541\/revisions"}],"predecessor-version":[{"id":4543,"href":"https:\/\/www.enorsai.com\/noticias\/wp-json\/wp\/v2\/posts\/4541\/revisions\/4543"}],"wp:featuredmedia":[{"embeddable":true,"href":"https:\/\/www.enorsai.com\/noticias\/wp-json\/wp\/v2\/media\/4542"}],"wp:attachment":[{"href":"https:\/\/www.enorsai.com\/noticias\/wp-json\/wp\/v2\/media?parent=4541"}],"wp:term":[{"taxonomy":"category","embeddable":true,"href":"https:\/\/www.enorsai.com\/noticias\/wp-json\/wp\/v2\/categories?post=4541"},{"taxonomy":"post_tag","embeddable":true,"href":"https:\/\/www.enorsai.com\/noticias\/wp-json\/wp\/v2\/tags?post=4541"}],"curies":[{"name":"wp","href":"https:\/\/api.w.org\/{rel}","templated":true}]}}