{"id":4539,"date":"2025-05-25T21:42:05","date_gmt":"2025-05-26T00:42:05","guid":{"rendered":"https:\/\/www.enorsai.com\/noticias\/politica\/no-construyeron-nada-cristina-desarma-el-relato-del-mileismo-en-el-dia-de-la-patria\/"},"modified":"2025-05-25T21:42:05","modified_gmt":"2025-05-26T00:42:05","slug":"no-construyeron-nada-cristina-desarma-el-relato-del-mileismo-en-el-dia-de-la-patria","status":"publish","type":"post","link":"https:\/\/www.enorsai.com\/noticias\/politica\/no-construyeron-nada-cristina-desarma-el-relato-del-mileismo-en-el-dia-de-la-patria\/","title":{"rendered":"\u201cNo construyeron nada\u201d: Cristina desarma el relato del mile\u00edsmo en el D\u00eda de la Patria"},"content":{"rendered":"\n<p>Desde el Polo Sald\u00edas, la expresidenta lanz\u00f3 un discurso demoledor contra el gobierno de Javier Milei, al que calific\u00f3 como un \u00abdesgobierno\u00bb sin proyecto de pa\u00eds. Homenaje a N\u00e9stor, cr\u00edtica al RIGI y llamado a la militancia pol\u00edtica real.<\/p>\n\n\n\n<p>Mientras Buenos Aires amanec\u00eda nublada y fresca, el term\u00f3metro marcaba 15,8\u00b0C y el pron\u00f3stico extendido anticipaba una semana fr\u00eda. Pero en el Polo Cultural y Deportivo Sald\u00edas, el clima pol\u00edtico era todo menos templado. Cristina Fern\u00e1ndez de Kirchner volvi\u00f3 a ocupar el centro de la escena con un discurso encendido que busc\u00f3 desmontar lo que defini\u00f3 como \u201cel relato de la derrota\u201d, en clara alusi\u00f3n al oficialismo libertario que encabeza Javier Milei.<\/p>\n\n\n\n<p>La fecha elegida no fue casual: un 25 de mayo cargado de simbolismo patrio y a 22 a\u00f1os de la asunci\u00f3n presidencial de N\u00e9stor Kirchner, su compa\u00f1ero de vida y proyecto. Organizado por el Instituto Patria y la Comisi\u00f3n de Cultura, el \u00abEncuentro de la Cultura Popular\u00bb fue mucho m\u00e1s que un acto conmemorativo: se trat\u00f3 de una interpelaci\u00f3n directa al presente, con tono urgente y definiciones pol\u00edticas de alto voltaje.<\/p>\n\n\n\n<p>Cristina no ahorr\u00f3 en calificativos. Llam\u00f3 a la gesti\u00f3n de Milei un \u00abdesgobierno\u00bb que, seg\u00fan su diagn\u00f3stico, repite los errores de los \u201990 con la receta del \u201cd\u00f3lar barato\u201d y promesas vac\u00edas. \u201cNos quieren hacer creer que encontraron la f\u00f3rmula de la Coca Cola, pero eso ya lo vivimos con la convertibilidad\u201d, dispar\u00f3.<\/p>\n\n\n\n<figure class=\"wp-block-embed is-type-video is-provider-youtube wp-block-embed-youtube wp-embed-aspect-16-9 wp-has-aspect-ratio\"><div class=\"wp-block-embed__wrapper\">\n<iframe loading=\"lazy\" title=\"En el d\u00eda de la Patria, participamos del Encuentro de la Cultura Popular \ud83c\udde6\ud83c\uddf7\" width=\"640\" height=\"360\" src=\"https:\/\/www.youtube.com\/embed\/NKv479iwDb0?feature=oembed\" frameborder=\"0\" allow=\"accelerometer; autoplay; clipboard-write; encrypted-media; gyroscope; picture-in-picture; web-share\" referrerpolicy=\"strict-origin-when-cross-origin\" allowfullscreen><\/iframe>\n<\/div><\/figure>\n\n\n\n<p>Pero el ataque m\u00e1s profundo fue contra el modelo de pa\u00eds que propone el gobierno. En palabras directas, advirti\u00f3 que \u201cde seguir este endeudamiento, el d\u00e9cimo default no es una fantas\u00eda lejana\u201d y denunci\u00f3 que el R\u00e9gimen de Incentivo para Grandes Inversiones (RIGI) podr\u00eda llevar al pa\u00eds a no percibir un solo d\u00f3lar de exportaci\u00f3n. \u201c\u00bfTerritorio, tal vez? \u00bfLes dar\u00e1n un pedazo de Ushuaia para hacer alguna base, como Zelenski le dio al otro payaso?\u201d, ironiz\u00f3 con crudeza.<\/p>\n\n\n\n<p>Como era de esperarse, el denominado Pacto de Mayo no se salv\u00f3 del fuego discursivo. Lo calific\u00f3 de \u201cbomba de humo\u201d y ridiculiz\u00f3 la propaganda oficial con una frase que ya comenz\u00f3 a viralizarse: \u201cTus d\u00f3lares, tu decisi\u00f3n. Un pastelito est\u00e1 dos lucas, \u00bfqu\u00e9 te pasa?\u201d<\/p>\n\n\n\n<p>Pero la cr\u00edtica no fue solo hacia afuera. Cristina tambi\u00e9n apunt\u00f3 hacia el interior del peronismo. Llam\u00f3 a \u00abdejar de ser militantes electorales para volver a ser militantes pol\u00edticos\u00bb, dejando atr\u00e1s \u00abegos y mezquindades\u00bb que \u2013seg\u00fan dijo\u2013 provocaron una fragmentaci\u00f3n in\u00fatil. Sin mencionarlo directamente, el mensaje pareci\u00f3 dirigido al gobernador Axel Kicillof y a los sectores que todav\u00eda dudan en salir del repliegue t\u00e1ctico.<\/p>\n\n\n\n<p>\u00bfQu\u00e9 hacer frente al mile\u00edsmo? Cristina propuso repensar el modelo econ\u00f3mico del peronismo \u201csin prejuicios ni clich\u00e9s\u201d, pero con una premisa clara: \u201cTenemos que ver c\u00f3mo logramos un Estado eficiente, porque seguir hablando del \u2018Estado presente\u2019 no alcanza si no entendemos lo que hoy est\u00e1 pasando en la sociedad\u201d.<\/p>\n\n\n\n<p>En una lectura aguda del tablero electoral, la ex mandataria destac\u00f3 que Milei perdi\u00f3 en los barrios populares en la \u00faltima elecci\u00f3n porte\u00f1a. \u00abAh\u00ed donde primero pega la crisis, donde se terminan las changas y no se puede pagar ni a la ni\u00f1era ni al jardinero. Este modelo sirve al 30%, el otro 70% queda afuera\u00bb, asegur\u00f3.<\/p>\n\n\n\n<p>En otro tramo que gener\u00f3 aplausos y risas, apunt\u00f3 contra el relanzamiento de Paka Paka: \u201cA Zamba me lo quieren poner m\u00e1s clarito, no morocho, me lo maquillaron. En cualquier momento aparece con ojos celestes\u201d.<\/p>\n\n\n\n<p>La frase que sintetiz\u00f3 su balance fue una verdadera cachetada al mile\u00edsmo: \u201cNo construyeron nada, ni una puta escuela, un puto edificio ni un puto monumento. Su \u00fanica obra es cambiarle el nombre a lo que otros hicieron, o denostar. \u00bfQui\u00e9n se va a acordar de estos tipos dentro de 20 a\u00f1os?\u201d.<\/p>\n\n\n\n<p>Con la \u00e9pica kirchnerista al fondo y el recuerdo de N\u00e9stor como tel\u00f3n emocional, Cristina Kirchner dej\u00f3 claro que est\u00e1 dispuesta a volver al centro del ring. No necesariamente como candidata, pero s\u00ed como referencia indiscutida para reorganizar a una fuerza pol\u00edtica que, seg\u00fan sus propias palabras, a\u00fan debe \u201crecomponer su narrativa\u201d frente a una sociedad golpeada y un pa\u00eds en riesgo de desintegraci\u00f3n econ\u00f3mica y simb\u00f3lica.<\/p>\n\n\n\n<p>Este 25 de mayo no solo se record\u00f3 la Revoluci\u00f3n de 1810. Tambi\u00e9n se busc\u00f3 encender una nueva: la del pensamiento cr\u00edtico frente al ajuste brutal, la entrega de soberan\u00eda y la banalizaci\u00f3n de la pol\u00edtica. Cristina, una vez m\u00e1s, eligi\u00f3 hablar. Y cuando habla, incomoda. A propios y ajenos.<\/p>\n\n\n\n<p><\/p>\n","protected":false},"excerpt":{"rendered":"<p>Desde el Polo Sald\u00edas, la expresidenta lanz\u00f3 un discurso demoledor contra el gobierno de Javier Milei, al que calific\u00f3 como un \u00abdesgobierno\u00bb sin proyecto de pa\u00eds. Homenaje a N\u00e9stor, cr\u00edtica al RIGI y llamado a la militancia pol\u00edtica real. Mientras Buenos Aires amanec\u00eda nublada y fresca, el term\u00f3metro marcaba 15,8\u00b0C y el pron\u00f3stico extendido anticipaba&#8230;<\/p>\n","protected":false},"author":1,"featured_media":4538,"comment_status":"open","ping_status":"open","sticky":false,"template":"","format":"standard","meta":{"_monsterinsights_skip_tracking":false,"_monsterinsights_sitenote_active":false,"_monsterinsights_sitenote_note":"","_monsterinsights_sitenote_category":0,"footnotes":"","jetpack_publicize_message":"","jetpack_publicize_feature_enabled":true,"jetpack_social_post_already_shared":true,"jetpack_social_options":{"image_generator_settings":{"template":"highway","default_image_id":0,"font":"","enabled":false},"version":2}},"categories":[2],"tags":[],"class_list":["post-4539","post","type-post","status-publish","format-standard","has-post-thumbnail","hentry","category-politica"],"jetpack_publicize_connections":[],"_links":{"self":[{"href":"https:\/\/www.enorsai.com\/noticias\/wp-json\/wp\/v2\/posts\/4539","targetHints":{"allow":["GET"]}}],"collection":[{"href":"https:\/\/www.enorsai.com\/noticias\/wp-json\/wp\/v2\/posts"}],"about":[{"href":"https:\/\/www.enorsai.com\/noticias\/wp-json\/wp\/v2\/types\/post"}],"author":[{"embeddable":true,"href":"https:\/\/www.enorsai.com\/noticias\/wp-json\/wp\/v2\/users\/1"}],"replies":[{"embeddable":true,"href":"https:\/\/www.enorsai.com\/noticias\/wp-json\/wp\/v2\/comments?post=4539"}],"version-history":[{"count":0,"href":"https:\/\/www.enorsai.com\/noticias\/wp-json\/wp\/v2\/posts\/4539\/revisions"}],"wp:featuredmedia":[{"embeddable":true,"href":"https:\/\/www.enorsai.com\/noticias\/wp-json\/wp\/v2\/media\/4538"}],"wp:attachment":[{"href":"https:\/\/www.enorsai.com\/noticias\/wp-json\/wp\/v2\/media?parent=4539"}],"wp:term":[{"taxonomy":"category","embeddable":true,"href":"https:\/\/www.enorsai.com\/noticias\/wp-json\/wp\/v2\/categories?post=4539"},{"taxonomy":"post_tag","embeddable":true,"href":"https:\/\/www.enorsai.com\/noticias\/wp-json\/wp\/v2\/tags?post=4539"}],"curies":[{"name":"wp","href":"https:\/\/api.w.org\/{rel}","templated":true}]}}