{"id":4535,"date":"2025-05-25T19:07:47","date_gmt":"2025-05-25T22:07:47","guid":{"rendered":"https:\/\/www.enorsai.com\/noticias\/?p=4535"},"modified":"2025-05-25T19:16:15","modified_gmt":"2025-05-25T22:16:15","slug":"durisimo-mensaje-del-arzobispo-garcia-cuerva-a-milei-hasta-cuando-deberan-reclamar-por-jubilaciones-dignas","status":"publish","type":"post","link":"https:\/\/www.enorsai.com\/noticias\/uncategorized\/durisimo-mensaje-del-arzobispo-garcia-cuerva-a-milei-hasta-cuando-deberan-reclamar-por-jubilaciones-dignas\/","title":{"rendered":"Dur\u00edsimo mensaje del arzobispo Garc\u00eda Cuerva a Milei: \u00ab\u00bfHasta cu\u00e1ndo deber\u00e1n reclamar por jubilaciones dignas?\u00bb"},"content":{"rendered":"\n<p>En un Tedeum marcado por el clima social adverso, el arzobispo de Buenos Aires lanz\u00f3 una cr\u00edtica implacable a la gesti\u00f3n de Javier Milei. Denunci\u00f3 el deterioro de la fraternidad, la indiferencia, la marginalidad y la violencia simb\u00f3lica y real ejercida desde el poder. Mientras tanto, el Presidente evitaba saludar a su vice y al jefe de gobierno porte\u00f1o, y los trolls libertarios descargaban odio en redes.<\/p>\n\n\n\n<p><strong>\u201c\u00bfHasta cu\u00e1ndo deber\u00e1n reclamar por jubilaciones dignas?\u201d<\/strong> La pregunta del arzobispo Jorge Garc\u00eda Cuerva retumb\u00f3 en las paredes de la Catedral Metropolitana como una cachetada al Gobierno. El mensaje, pronunciado en presencia del presidente Javier Milei y su gabinete durante el Tedeum del 25 de mayo, fue un llamado urgente a la reconciliaci\u00f3n social, pero tambi\u00e9n una denuncia contundente sobre las heridas que desangran a la Argentina actual.<\/p>\n\n\n\n<p>Garc\u00eda Cuerva, uno de los obispos m\u00e1s cercanos al papa Francisco, no esquiv\u00f3 la crudeza: habl\u00f3 del hambre, del sufrimiento de los jubilados, del flagelo del narcotr\u00e1fico, del desprecio por el otro, y del odio que inunda el debate p\u00fablico. Su tono fue sereno, pero el contenido fue una bofetada moral al poder.<\/p>\n\n\n\n<p>El contraste fue notorio: mientras el arzobispo llamaba al di\u00e1logo y la empat\u00eda, Milei evit\u00f3 saludar a la vicepresidenta Victoria Villarruel y al jefe de Gobierno porte\u00f1o, Jorge Macri, en una escena de tensi\u00f3n institucional que dej\u00f3 al descubierto el aislamiento creciente del mandatario.<\/p>\n\n\n\n<p>La homil\u00eda se construy\u00f3 a partir del Evangelio de San Marcos, pero r\u00e1pidamente transit\u00f3 hacia el drama cotidiano de la Argentina. \u201cSe est\u00e1 muriendo la fraternidad\u201d, sentenci\u00f3 el arzobispo, quien alert\u00f3 sobre la indiferencia generalizada, el descreimiento en la pol\u00edtica y la descomposici\u00f3n del tejido social.<\/p>\n\n\n\n<p>\u201cEl pa\u00eds sangra\u201d, afirm\u00f3, enumerando con crudeza: personas en situaci\u00f3n de calle, adolescentes captados por el narcotr\u00e1fico, familias arrasadas por las inundaciones, jubilados sin remedios ni comida, y madres desesperadas que no logran proteger a sus hijos del consumo y el juego compulsivo.<\/p>\n\n\n\n<p>Pero Garc\u00eda Cuerva no se qued\u00f3 en el diagn\u00f3stico. Exigi\u00f3 responsabilidad pol\u00edtica: \u201cMuchos podr\u00e1n ser los responsables de esta triste situaci\u00f3n, pero la oportunidad que tenemos nosotros de resolverla es hoy\u201d.<\/p>\n\n\n\n<p>El punto m\u00e1s sensible de su discurso fue, sin dudas, la defensa de los jubilados. D\u00edas atr\u00e1s, el oficialismo logr\u00f3 bloquear en el Congreso el tratamiento de una ley para aumentar los haberes previsionales. La Iglesia no lo olvid\u00f3: \u201c\u00bfCu\u00e1ntas generaciones m\u00e1s deber\u00e1n reclamar por jubilaciones dignas?\u201d, insisti\u00f3 el arzobispo, elevando la voz por quienes ya no pueden hacerlo.<\/p>\n\n\n\n<p>En otra l\u00ednea de cr\u00edtica directa, Garc\u00eda Cuerva atac\u00f3 a quienes viven en burbujas de privilegio: \u201cAlejados de la calle, del transporte p\u00fablico, del supermercado\u2026 no sienten el dolor del pueblo, ni se emocionan con su esfuerzo\u201d.<\/p>\n\n\n\n<p>Fue, tambi\u00e9n, un mensaje contra la violencia digital: el \u201cterrorismo de las redes\u201d, lo llam\u00f3, citando al papa Francisco. En clara referencia a los trolls libertarios que operan desde las sombras del poder, denunci\u00f3 el clima constante de difamaci\u00f3n y descalificaci\u00f3n. \u201cHemos pasado todos los l\u00edmites\u201d, advirti\u00f3.<\/p>\n\n\n\n<p><strong>\u201cArgentina no est\u00e1 muerta\u201d,<\/strong> dijo en tono esperanzador. \u201cEst\u00e1 adormecida por el individualismo\u201d. Y reclam\u00f3 una \u201ctransfusi\u00f3n de memoria\u201d, recordando al Nobel de la Paz Elie Wiesel: sin memoria no hay futuro. Sin memoria, se repiten los errores.<\/p>\n\n\n\n<p>El llamado final fue una plegaria laica, un clamor \u00e9tico: \u201cBasta de vivir paralizados por el odio, basta de arrastrarnos en el barro de la descalificaci\u00f3n. Es hora de ponernos de pie, con todos, sin dejar a nadie al costado del camino\u201d.<\/p>\n\n\n\n<p>En redes, el discurso fue blanco del libertarismo m\u00e1s intolerante. Las usinas digitales del oficialismo replicaron insultos, descontextualizaciones y mensajes de odio hacia el arzobispo. No sorprendi\u00f3: el mismo discurso que denunci\u00f3 la violencia simb\u00f3lica fue recibido con m\u00e1s violencia.<\/p>\n\n\n\n<p>Pero el mensaje qued\u00f3 sembrado. Mientras el poder se atrinchera en el desprecio y el ajuste, la voz de la Iglesia \u2013que no es precisamente revolucionaria\u2013 advirti\u00f3 que la dignidad no es negociable. Y que la Argentina, pese a todo, puede volver a levantarse.<\/p>\n\n\n\n<p>Si se elige el camino de la justicia, y no el de los privilegios.<\/p>\n\n\n\n<h3 class=\"wp-block-heading\">Fuente:<\/h3>\n\n\n\n<ul class=\"wp-block-list\">\n<li>https:\/\/www.pagina12.com.ar\/828599-durisimo-discurso-de-garcia-cuerva-en-el-tedeum-del-25-de-ma<\/li>\n\n\n\n<li>https:\/\/www.lapoliticaonline.com\/politica\/durisima-critica-del-arzobispo-a-milei-hasta-cuando-deberan-reclamar-por-jubilaciones-dignas\/<\/li>\n<\/ul>\n","protected":false},"excerpt":{"rendered":"<p>En un Tedeum marcado por el clima social adverso, el arzobispo de Buenos Aires lanz\u00f3 una cr\u00edtica implacable a la gesti\u00f3n de Javier Milei. Denunci\u00f3 el deterioro de la fraternidad, la indiferencia, la marginalidad y la violencia simb\u00f3lica y real ejercida desde el poder. Mientras tanto, el Presidente evitaba saludar a su vice y al&#8230;<\/p>\n","protected":false},"author":1,"featured_media":4536,"comment_status":"open","ping_status":"open","sticky":false,"template":"","format":"standard","meta":{"_monsterinsights_skip_tracking":false,"_monsterinsights_sitenote_active":false,"_monsterinsights_sitenote_note":"","_monsterinsights_sitenote_category":0,"footnotes":"","jetpack_publicize_message":"","jetpack_publicize_feature_enabled":true,"jetpack_social_post_already_shared":true,"jetpack_social_options":{"image_generator_settings":{"template":"highway","default_image_id":0,"font":"","enabled":false},"version":2}},"categories":[2,4,1],"tags":[],"class_list":["post-4535","post","type-post","status-publish","format-standard","has-post-thumbnail","hentry","category-politica","category-sociedad","category-uncategorized"],"jetpack_publicize_connections":[],"_links":{"self":[{"href":"https:\/\/www.enorsai.com\/noticias\/wp-json\/wp\/v2\/posts\/4535","targetHints":{"allow":["GET"]}}],"collection":[{"href":"https:\/\/www.enorsai.com\/noticias\/wp-json\/wp\/v2\/posts"}],"about":[{"href":"https:\/\/www.enorsai.com\/noticias\/wp-json\/wp\/v2\/types\/post"}],"author":[{"embeddable":true,"href":"https:\/\/www.enorsai.com\/noticias\/wp-json\/wp\/v2\/users\/1"}],"replies":[{"embeddable":true,"href":"https:\/\/www.enorsai.com\/noticias\/wp-json\/wp\/v2\/comments?post=4535"}],"version-history":[{"count":1,"href":"https:\/\/www.enorsai.com\/noticias\/wp-json\/wp\/v2\/posts\/4535\/revisions"}],"predecessor-version":[{"id":4537,"href":"https:\/\/www.enorsai.com\/noticias\/wp-json\/wp\/v2\/posts\/4535\/revisions\/4537"}],"wp:featuredmedia":[{"embeddable":true,"href":"https:\/\/www.enorsai.com\/noticias\/wp-json\/wp\/v2\/media\/4536"}],"wp:attachment":[{"href":"https:\/\/www.enorsai.com\/noticias\/wp-json\/wp\/v2\/media?parent=4535"}],"wp:term":[{"taxonomy":"category","embeddable":true,"href":"https:\/\/www.enorsai.com\/noticias\/wp-json\/wp\/v2\/categories?post=4535"},{"taxonomy":"post_tag","embeddable":true,"href":"https:\/\/www.enorsai.com\/noticias\/wp-json\/wp\/v2\/tags?post=4535"}],"curies":[{"name":"wp","href":"https:\/\/api.w.org\/{rel}","templated":true}]}}