{"id":4518,"date":"2025-05-24T20:09:15","date_gmt":"2025-05-24T23:09:15","guid":{"rendered":"https:\/\/www.enorsai.com\/noticias\/?p=4518"},"modified":"2025-05-24T20:11:43","modified_gmt":"2025-05-24T23:11:43","slug":"cerrar-la-historia-el-decreto-que-disuelve-la-memoria-nacional","status":"publish","type":"post","link":"https:\/\/www.enorsai.com\/noticias\/uncategorized\/cerrar-la-historia-el-decreto-que-disuelve-la-memoria-nacional\/","title":{"rendered":"Cerrar la historia: el decreto que disuelve la memoria nacional"},"content":{"rendered":"\n<h3 class=\"wp-block-heading\"><strong><em>El gobierno de Javier Milei avanza con su cruzada contra el Estado: elimina institutos hist\u00f3ricos y reduce museos a meras oficinas administrativas<\/em><\/strong><\/h3>\n\n\n\n<p>La historia argentina, construida a trav\u00e9s de luchas, h\u00e9roes, conquistas sociales y tragedias colectivas, est\u00e1 bajo ataque. El reciente <strong>Decreto 346\/2025<\/strong>, firmado por el presidente Javier Milei, avanza en el desmantelamiento sistem\u00e1tico de las instituciones culturales y cient\u00edficas del pa\u00eds. Lejos de representar un \u00abreordenamiento del gasto p\u00fablico\u00bb, este decreto se inscribe en una l\u00f3gica m\u00e1s profunda: <strong>la demolici\u00f3n simb\u00f3lica del Estado Naci\u00f3n y de la memoria hist\u00f3rica que lo sostiene<\/strong>.<\/p>\n\n\n\n<p>Con una ret\u00f3rica tecnocr\u00e1tica que disfraza brutalidad como eficiencia, el Ejecutivo justifica la medida con argumentos de \u00abreestructuraci\u00f3n organizativa\u00bb y \u00abmodernizaci\u00f3n\u00bb. En los papeles, se habla de transformar estructuras, reducir personal y hacer m\u00e1s \u00e1gil el funcionamiento estatal. En los hechos, <strong>se disuelven organismos esenciales para la preservaci\u00f3n de la memoria colectiva<\/strong>, entre ellos el <strong>Instituto Nacional Belgraniano<\/strong>, el <strong>Instituto Nacional Browniano<\/strong> y el <strong>Instituto Nacional Newberiano<\/strong>.<\/p>\n\n\n\n<p>S\u00ed, leyeron bien: <strong>Belgrano, Brown y Newbery<\/strong>, figuras fundacionales de la Argentina moderna, dejan de tener instituciones espec\u00edficas que estudien, promuevan y difundan su legado.<\/p>\n\n\n\n<h3 class=\"wp-block-heading\">Desguace cultural en nombre del mercado<\/h3>\n\n\n\n<p>El Museo Nacional de Bellas Artes, una de las joyas del patrimonio art\u00edstico argentino y latinoamericano, es degradado a una \u201cunidad organizativa\u201d dentro de la Secretar\u00eda de Cultura. Se pretende que esta \u201creorganizaci\u00f3n\u201d no afectar\u00e1 su calidad ni su funcionamiento. Pero cualquiera que conozca la administraci\u00f3n p\u00fablica sabe que <strong>la p\u00e9rdida de autonom\u00eda presupuestaria y t\u00e9cnica<\/strong> implica directamente <strong>un debilitamiento estructural<\/strong>. El Museo ser\u00e1, de ahora en m\u00e1s, una oficina m\u00e1s en el engranaje de un Estado que desprecia la cultura.<\/p>\n\n\n\n<p>Del mismo modo, el <strong>Parque Tecn\u00f3polis<\/strong>, s\u00edmbolo de la divulgaci\u00f3n cient\u00edfica y la integraci\u00f3n social del conocimiento, pierde su status institucional. El Palacio Libertad, antiguo Centro Cultural Kirchner, contin\u00faa con su rebranding ideol\u00f3gico: rebautizado con el nombre de Sarmiento, parece parte de una ofensiva por imponer una \u00fanica visi\u00f3n de pa\u00eds, una historia oficial sin grietas, sin contradicciones ni pluralidades.<\/p>\n\n\n\n<h3 class=\"wp-block-heading\">Una memoria centralizada y domesticada<\/h3>\n\n\n\n<p>El decreto promete una \u201cunidad de investigaci\u00f3n hist\u00f3rica\u201d que se encargar\u00e1 de todas las personalidades relevantes de la patria. Bajo el ropaje de la eficiencia y la pluralidad, lo que se propone es <strong>una historia oficial supervisada desde el poder<\/strong>, donde ya no hay lugar para la heterogeneidad ni el debate historiogr\u00e1fico. El pensamiento \u00fanico tambi\u00e9n se impone sobre la historia.<\/p>\n\n\n\n<p>El nuevo organismo ser\u00e1 el encargado de \u201cpreservar la memoria\u201d, pero desde una centralizaci\u00f3n que huele m\u00e1s a control ideol\u00f3gico que a investigaci\u00f3n seria. <strong>\u00bfQui\u00e9n seleccionar\u00e1 a los pr\u00f3ceres? \u00bfQui\u00e9n decidir\u00e1 cu\u00e1les historias se cuentan y cu\u00e1les se silencian?<\/strong><\/p>\n\n\n\n<h3 class=\"wp-block-heading\">El vaciamiento simb\u00f3lico de la Naci\u00f3n<\/h3>\n\n\n\n<p>Los recortes no solo son econ\u00f3micos: son <strong>simb\u00f3licos, identitarios y profundamente ideol\u00f3gicos<\/strong>. En nombre de una cruzada contra el \u00abEstado elefanti\u00e1sico\u00bb, se ataca la memoria colectiva, el sentido de pertenencia, el esp\u00edritu de comunidad nacional. Cerrar un museo no ahorra millones: <strong>destruye siglos de construcci\u00f3n cultural<\/strong>.<\/p>\n\n\n\n<p>Y no es casual. El modelo libertario impulsado por Javier Milei necesita de una poblaci\u00f3n desmemoriada, apol\u00edtica, desconectada de su historia y atomizada en individuos que consumen, pero no piensan. Por eso el ataque no solo va contra el presente econ\u00f3mico, sino contra el pasado com\u00fan. <strong>Sin historia, no hay Naci\u00f3n. Sin memoria, no hay resistencia.<\/strong><\/p>\n\n\n\n<h3 class=\"wp-block-heading\">La cultura no es gasto: es soberan\u00eda<\/h3>\n\n\n\n<p>En el mismo pa\u00eds donde se subsidia la especulaci\u00f3n financiera y se perdonan fortunas a los grandes evasores, el cierre de museos y centros culturales se justifica como \u201cahorro\u201d. La l\u00f3gica es perversa: <strong>ajustar por donde menos rinde electoralmente y m\u00e1s duele simb\u00f3licamente<\/strong>.<\/p>\n\n\n\n<p>La ciencia hist\u00f3rica, en particular, queda reducida a un ap\u00e9ndice del aparato burocr\u00e1tico. El esfuerzo de generaciones de investigadores, docentes, curadores y artistas es pisoteado por una pol\u00edtica que s\u00f3lo entiende de balances contables. Se trata, en definitiva, de <strong>una colonizaci\u00f3n cultural disfrazada de orden fiscal<\/strong>.<\/p>\n\n\n\n<div class=\"wp-block-pdf-viewer-block-standard\" style=\"text-align:left\"><div class=\"uploaded-pdf\"><a href=\"https:\/\/www.enorsai.com\/noticias\/wp-content\/uploads\/2025\/05\/aviso_325713-1.pdf\" data-width=\"\" data-height=\"\"><\/a><\/div><\/div>\n","protected":false},"excerpt":{"rendered":"<p>El gobierno de Javier Milei avanza con su cruzada contra el Estado: elimina institutos hist\u00f3ricos y reduce museos a meras oficinas administrativas La historia argentina, construida a trav\u00e9s de luchas, h\u00e9roes, conquistas sociales y tragedias colectivas, est\u00e1 bajo ataque. El reciente Decreto 346\/2025, firmado por el presidente Javier Milei, avanza en el desmantelamiento sistem\u00e1tico de&#8230;<\/p>\n","protected":false},"author":1,"featured_media":4520,"comment_status":"open","ping_status":"open","sticky":false,"template":"","format":"standard","meta":{"_monsterinsights_skip_tracking":false,"_monsterinsights_sitenote_active":false,"_monsterinsights_sitenote_note":"","_monsterinsights_sitenote_category":0,"footnotes":"","jetpack_publicize_message":"","jetpack_publicize_feature_enabled":true,"jetpack_social_post_already_shared":true,"jetpack_social_options":{"image_generator_settings":{"template":"highway","default_image_id":0,"font":"","enabled":false},"version":2}},"categories":[1],"tags":[],"class_list":["post-4518","post","type-post","status-publish","format-standard","has-post-thumbnail","hentry","category-uncategorized"],"jetpack_publicize_connections":[],"_links":{"self":[{"href":"https:\/\/www.enorsai.com\/noticias\/wp-json\/wp\/v2\/posts\/4518","targetHints":{"allow":["GET"]}}],"collection":[{"href":"https:\/\/www.enorsai.com\/noticias\/wp-json\/wp\/v2\/posts"}],"about":[{"href":"https:\/\/www.enorsai.com\/noticias\/wp-json\/wp\/v2\/types\/post"}],"author":[{"embeddable":true,"href":"https:\/\/www.enorsai.com\/noticias\/wp-json\/wp\/v2\/users\/1"}],"replies":[{"embeddable":true,"href":"https:\/\/www.enorsai.com\/noticias\/wp-json\/wp\/v2\/comments?post=4518"}],"version-history":[{"count":2,"href":"https:\/\/www.enorsai.com\/noticias\/wp-json\/wp\/v2\/posts\/4518\/revisions"}],"predecessor-version":[{"id":4523,"href":"https:\/\/www.enorsai.com\/noticias\/wp-json\/wp\/v2\/posts\/4518\/revisions\/4523"}],"wp:featuredmedia":[{"embeddable":true,"href":"https:\/\/www.enorsai.com\/noticias\/wp-json\/wp\/v2\/media\/4520"}],"wp:attachment":[{"href":"https:\/\/www.enorsai.com\/noticias\/wp-json\/wp\/v2\/media?parent=4518"}],"wp:term":[{"taxonomy":"category","embeddable":true,"href":"https:\/\/www.enorsai.com\/noticias\/wp-json\/wp\/v2\/categories?post=4518"},{"taxonomy":"post_tag","embeddable":true,"href":"https:\/\/www.enorsai.com\/noticias\/wp-json\/wp\/v2\/tags?post=4518"}],"curies":[{"name":"wp","href":"https:\/\/api.w.org\/{rel}","templated":true}]}}