{"id":4487,"date":"2025-05-24T13:15:24","date_gmt":"2025-05-24T16:15:24","guid":{"rendered":"https:\/\/www.enorsai.com\/noticias\/?p=4487"},"modified":"2025-05-24T13:19:26","modified_gmt":"2025-05-24T16:19:26","slug":"docentes-no-docentes-y-estudiantes-colmaron-las-calles-portenas-para-rechazar-la-politica-de-asfixia-del-gobierno-de-milei","status":"publish","type":"post","link":"https:\/\/www.enorsai.com\/noticias\/sociedad\/docentes-no-docentes-y-estudiantes-colmaron-las-calles-portenas-para-rechazar-la-politica-de-asfixia-del-gobierno-de-milei\/","title":{"rendered":"Docentes, no docentes y estudiantes colmaron las calles porte\u00f1as para rechazar la pol\u00edtica de asfixia del Gobierno de Milei"},"content":{"rendered":"\n<p>La multitudinaria movilizaci\u00f3n desde Plaza Houssay hasta el Palacio Pizzurno fue una contundente respuesta a la demolici\u00f3n sistem\u00e1tica del sistema universitario p\u00fablico. Reclamos urgentes por salarios dignos, paritarias libres y una Ley de Financiamiento Universitario. La comunidad acad\u00e9mica se planta ante el desguace educativo.<\/p>\n\n\n\n<p>El jueves 22 de mayo, m\u00e1s de ocho mil voces se unieron en una sola consigna que retumb\u00f3 por las calles de la Ciudad de Buenos Aires: <strong>\u201cEn defensa de la Universidad p\u00fablica: por nuestro presente, por nuestro futuro\u201d<\/strong>. No fue solo una marcha. Fue una interpelaci\u00f3n directa al coraz\u00f3n de un Gobierno que, con cada decisi\u00f3n, parece empe\u00f1ado en <strong>apagar las luces del conocimiento, borrar el futuro de miles y dinamitar el orgullo argentino por su educaci\u00f3n superior gratuita y de calidad<\/strong>.<\/p>\n\n\n\n<p>Desde Plaza Houssay hasta el Palacio Pizzurno, sede de la Secretar\u00eda de Educaci\u00f3n, el cord\u00f3n humano compuesto por docentes, nodocentes y estudiantes de la Universidad de Buenos Aires se movi\u00f3 como una sola columna de dignidad. La movilizaci\u00f3n, impulsada por ADUBA, APUBA, FEDUBA y FUBA, no fue espont\u00e1nea ni aislada: es la consecuencia directa de <strong>meses de maltrato institucional, desprecio presupuestario y ataques sistem\u00e1ticos al sistema universitario<\/strong> por parte del Ejecutivo nacional que encabeza Javier Milei.<\/p>\n\n\n\n<p>Emiliano Cagnacci, secretario general de ADUBA, fue claro y directo: \u201cLa situaci\u00f3n salarial de los trabajadores se ha vuelto insostenible, con una p\u00e9rdida hist\u00f3rica de nuestro poder adquisitivo de m\u00e1s de un 40% durante los \u00faltimos 15 meses\u201d. En efecto, <strong>ese n\u00famero es un cachetazo a la realidad<\/strong> de miles de docentes que no solo forman profesionales sino que sostienen, d\u00eda tras d\u00eda, una estructura que <strong>hoy cruje bajo el peso del ajuste despiadado<\/strong>.<\/p>\n\n\n\n<p>Pero no se trat\u00f3 solamente de salarios. <strong>El reclamo fue integral y profundo<\/strong>, tocando cada una de las fibras que constituyen a la universidad p\u00fablica como motor de igualdad social y producci\u00f3n cient\u00edfica: apertura de paritarias libres, cumplimiento de convenios colectivos de trabajo, aumento de becas y, sobre todo, la sanci\u00f3n de una Ley de Financiamiento Universitario que <strong>blinde a la educaci\u00f3n del l\u00e1tigo ideol\u00f3gico del ajuste<\/strong>.<\/p>\n\n\n\n<p>En esta nueva etapa de brutalismo econ\u00f3mico disfrazado de libertarismo mesi\u00e1nico, el Gobierno de Milei apuesta a una estrategia clara: <strong>desfinanciar hasta quebrar<\/strong>. Lo vimos con los comedores populares, con los laboratorios del CONICET, con la cultura. Hoy le toca a las universidades. Pero no ser\u00e1 sin resistencia.<\/p>\n\n\n\n<p>La marcha al Palacio Pizzurno fue tambi\u00e9n una escena de memoria: el mismo lugar que alberg\u00f3 tantas promesas de crecimiento educativo, hoy es testigo mudo de una protesta que <strong>le grita al poder su fracaso moral<\/strong>. Porque desfinanciar la universidad no es solo un problema contable. Es, sobre todo, una decisi\u00f3n pol\u00edtica de <strong>arrasar con los sue\u00f1os colectivos<\/strong>.<\/p>\n\n\n\n<figure class=\"wp-block-gallery has-nested-images columns-default is-cropped wp-block-gallery-1 is-layout-flex wp-block-gallery-is-layout-flex\">\n<figure class=\"wp-block-image size-large\"><img loading=\"lazy\" decoding=\"async\" width=\"1024\" height=\"683\" data-id=\"4490\" src=\"https:\/\/www.enorsai.com\/noticias\/wp-content\/uploads\/2025\/05\/499940678_18480102658071670_8989723842640266941_n-1024x683.jpg\" alt=\"\" class=\"wp-image-4490\" srcset=\"https:\/\/www.enorsai.com\/noticias\/wp-content\/uploads\/2025\/05\/499940678_18480102658071670_8989723842640266941_n-1024x683.jpg 1024w, https:\/\/www.enorsai.com\/noticias\/wp-content\/uploads\/2025\/05\/499940678_18480102658071670_8989723842640266941_n-300x200.jpg 300w, https:\/\/www.enorsai.com\/noticias\/wp-content\/uploads\/2025\/05\/499940678_18480102658071670_8989723842640266941_n-768x512.jpg 768w, https:\/\/www.enorsai.com\/noticias\/wp-content\/uploads\/2025\/05\/499940678_18480102658071670_8989723842640266941_n.jpg 1066w\" sizes=\"auto, (max-width: 1024px) 100vw, 1024px\" \/><\/figure>\n\n\n\n<figure class=\"wp-block-image size-large\"><img loading=\"lazy\" decoding=\"async\" width=\"853\" height=\"568\" data-id=\"4491\" src=\"https:\/\/www.enorsai.com\/noticias\/wp-content\/uploads\/2025\/05\/500238329_18480102631071670_8966920781685670374_n.jpg\" alt=\"\" class=\"wp-image-4491\" srcset=\"https:\/\/www.enorsai.com\/noticias\/wp-content\/uploads\/2025\/05\/500238329_18480102631071670_8966920781685670374_n.jpg 853w, https:\/\/www.enorsai.com\/noticias\/wp-content\/uploads\/2025\/05\/500238329_18480102631071670_8966920781685670374_n-300x200.jpg 300w, https:\/\/www.enorsai.com\/noticias\/wp-content\/uploads\/2025\/05\/500238329_18480102631071670_8966920781685670374_n-768x511.jpg 768w\" sizes=\"auto, (max-width: 853px) 100vw, 853px\" \/><\/figure>\n\n\n\n<figure class=\"wp-block-image size-large\"><img loading=\"lazy\" decoding=\"async\" width=\"853\" height=\"568\" data-id=\"4492\" src=\"https:\/\/www.enorsai.com\/noticias\/wp-content\/uploads\/2025\/05\/499597253_18480102580071670_2961121224595420674_n.jpg\" alt=\"\" class=\"wp-image-4492\" srcset=\"https:\/\/www.enorsai.com\/noticias\/wp-content\/uploads\/2025\/05\/499597253_18480102580071670_2961121224595420674_n.jpg 853w, https:\/\/www.enorsai.com\/noticias\/wp-content\/uploads\/2025\/05\/499597253_18480102580071670_2961121224595420674_n-300x200.jpg 300w, https:\/\/www.enorsai.com\/noticias\/wp-content\/uploads\/2025\/05\/499597253_18480102580071670_2961121224595420674_n-768x511.jpg 768w\" sizes=\"auto, (max-width: 853px) 100vw, 853px\" \/><\/figure>\n\n\n\n<figure class=\"wp-block-image size-large\"><img loading=\"lazy\" decoding=\"async\" width=\"853\" height=\"568\" data-id=\"4493\" src=\"https:\/\/www.enorsai.com\/noticias\/wp-content\/uploads\/2025\/05\/501039673_18480102562071670_6947178242961855065_n.jpg\" alt=\"\" class=\"wp-image-4493\" srcset=\"https:\/\/www.enorsai.com\/noticias\/wp-content\/uploads\/2025\/05\/501039673_18480102562071670_6947178242961855065_n.jpg 853w, https:\/\/www.enorsai.com\/noticias\/wp-content\/uploads\/2025\/05\/501039673_18480102562071670_6947178242961855065_n-300x200.jpg 300w, https:\/\/www.enorsai.com\/noticias\/wp-content\/uploads\/2025\/05\/501039673_18480102562071670_6947178242961855065_n-768x511.jpg 768w\" sizes=\"auto, (max-width: 853px) 100vw, 853px\" \/><\/figure>\n<\/figure>\n\n\n\n<p>La consigna que encabez\u00f3 la manifestaci\u00f3n no fue casual. \u201cPor nuestro presente, por nuestro futuro\u201d expresa el entrelazamiento vital que tiene la universidad p\u00fablica en la vida de millones. No se trata \u00fanicamente de carreras ni t\u00edtulos. Se trata del entramado cultural, social y econ\u00f3mico que permite que <strong>un pibe de La Matanza o una piba de Jujuy puedan imaginarse m\u00e9dicos, bi\u00f3logas o historiadores<\/strong>.<\/p>\n\n\n\n<p>Y sin embargo, <strong>el Estado nacional hoy est\u00e1 ausente<\/strong>, refugiado tras un Ministerio de Capital Humano que funciona m\u00e1s como trinchera de ajuste que como garante de derechos. En palabras de Cagnacci, \u201ces nuestra obligaci\u00f3n salir a la calle y reclamar por nuestros derechos; exigirle al Poder Ejecutivo y al Congreso de la Naci\u00f3n que tomen nota de la situaci\u00f3n\u201d.<\/p>\n\n\n\n<p>En paralelo, <strong>la narrativa oficial persiste en deslegitimar la protesta<\/strong>, acusando a la comunidad educativa de hacer pol\u00edtica. Como si reclamar por condiciones dignas de trabajo y estudio fuera un capricho ideol\u00f3gico. Como si defender la educaci\u00f3n p\u00fablica no fuera uno de los pilares fundamentales de una democracia real.<\/p>\n\n\n\n<p>\u00bfQu\u00e9 otra opci\u00f3n queda cuando el di\u00e1logo es reemplazado por el desprecio y las decisiones se toman a espaldas de los afectados? \u00bfQu\u00e9 alternativa existe cuando el ajuste se transforma en hostigamiento estructural? La respuesta est\u00e1 en la calle, donde miles gritaron al un\u00edsono que <strong>la universidad no se vende, se defiende<\/strong>.<\/p>\n\n\n\n<figure class=\"wp-block-embed aligncenter is-type-rich is-provider-twitter wp-block-embed-twitter\"><div class=\"wp-block-embed__wrapper\">\n<blockquote class=\"twitter-tweet\" data-width=\"550\" data-dnt=\"true\"><p lang=\"es\" dir=\"ltr\">Acabo de enterarme que ayer hubo una marcha MASIVA en Plaza de Mayo a trav\u00e9s de un programa de televisi\u00f3n chino. No es joda. El blindaje medi\u00e1tico que tiene este gobierno es un peligro <a href=\"https:\/\/t.co\/iGxXjtY6DX\">pic.twitter.com\/iGxXjtY6DX<\/a><\/p>&mdash; Arrepentidos de Milei (@ArrepentidosLLA) <a href=\"https:\/\/twitter.com\/ArrepentidosLLA\/status\/1926094735577428316?ref_src=twsrc%5Etfw\">May 24, 2025<\/a><\/blockquote><script async src=\"https:\/\/platform.twitter.com\/widgets.js\" charset=\"utf-8\"><\/script>\n<\/div><\/figure>\n\n\n\n<p>Pero lo m\u00e1s alarmante no es solo lo que sucede hoy. Es <strong>el proyecto de pa\u00eds que se esconde detr\u00e1s del desfinanciamiento<\/strong>. Un modelo donde el acceso al conocimiento ser\u00e1 un privilegio, donde el m\u00e9rito se mide en d\u00f3lares y donde la universidad ser\u00e1 apenas un recuerdo nost\u00e1lgico.<\/p>\n\n\n\n<p>La marcha del jueves no fue un evento m\u00e1s. Fue un parteaguas. Una advertencia. Una forma de poner el cuerpo cuando las palabras no alcanzan. Y fue tambi\u00e9n <strong>un grito colectivo para quienes a\u00fan dudan o permanecen indiferentes<\/strong>: si no se garantiza el financiamiento, si no se abren paritarias, si no se respetan los convenios, <strong>la universidad p\u00fablica corre el riesgo real de entrar en coma presupuestario<\/strong>.<\/p>\n\n\n\n<p>Mientras Milei y su s\u00e9quito de tecn\u00f3cratas celebran balances fiscales a costa de derechos humanos b\u00e1sicos, <strong>las aulas se vac\u00edan, las becas desaparecen, los docentes se empobrecen<\/strong>. Y en ese panorama, la resistencia no solo es leg\u00edtima. Es urgente. Es vital.<\/p>\n\n\n\n<p>Porque lo que est\u00e1 en juego no es un \u00edtem presupuestario m\u00e1s. Es <strong>el ADN de una Argentina que, pese a todo, a\u00fan cree que educar es un acto de justicia social<\/strong>.<\/p>\n\n\n\n<p>Fuente:<\/p>\n\n\n\n<ul class=\"wp-block-list\">\n<li><a href=\"https:\/\/www.eldestapeweb.com\/sociedad\/marcha-universitaria\/multitudinaria-marcha-de-docentes-no-docentes-y-estudiantes-por-reclamos-salariales-2025522185020\">https:\/\/www.eldestapeweb.com\/sociedad\/marcha-universitaria\/multitudinaria-marcha-de-docentes-no-docentes-y-estudiantes-por-reclamos-salariales-2025522185020<\/a><\/li>\n\n\n\n<li><a href=\"https:\/\/www.diariopopular.com.ar\/educacion\/marcha-universitaria-al-palacio-pizzurno-defensa-los-salarios-n844028\">https:\/\/www.diariopopular.com.ar\/educacion\/marcha-universitaria-al-palacio-pizzurno-defensa-los-salarios-n844028<\/a><\/li>\n\n\n\n<li><a href=\"https:\/\/aduba.org.ar\/repercusiones-de-la-concentracion-en-plaza-houssay-en-defensa-de-la-educacion-publica\/\">https:\/\/aduba.org.ar\/repercusiones-de-la-concentracion-en-plaza-houssay-en-defensa-de-la-educacion-publica\/<\/a><\/li>\n\n\n\n<li><a href=\"https:\/\/www.facebook.com\/photo?fbid=1001673348801677&amp;set=pcb.1001673465468332\">https:\/\/www.facebook.com\/photo?fbid=1001673348801677&amp;set=pcb.1001673465468332<\/a><\/li>\n<\/ul>\n","protected":false},"excerpt":{"rendered":"<p>M\u00e1s de 8000 docentes, nodocentes y estudiantes marcharon al Palacio Pizzurno en defensa de la universidad p\u00fablica, denunciando el ajuste brutal del gobierno de Milei. Reclaman salarios dignos, paritarias, becas y financiamiento. La protesta visibiliza el ahogo presupuestario y la amenaza concreta a la continuidad del sistema universitario argentino.<\/p>\n","protected":false},"author":1,"featured_media":4488,"comment_status":"open","ping_status":"open","sticky":false,"template":"","format":"standard","meta":{"_monsterinsights_skip_tracking":false,"_monsterinsights_sitenote_active":false,"_monsterinsights_sitenote_note":"","_monsterinsights_sitenote_category":0,"footnotes":"","jetpack_publicize_message":"\ud83d\udcda\u270a \u00a1La universidad no se vende, se defiende! M\u00e1s de 8 mil personas marcharon por salarios dignos, becas y presupuesto. Frente al ajuste brutal de Milei, la comunidad educativa se planta \ud83d\udca5","jetpack_publicize_feature_enabled":true,"jetpack_social_post_already_shared":false,"jetpack_social_options":{"image_generator_settings":{"template":"highway","enabled":false},"version":2}},"categories":[4],"tags":[1522,58,513,276,1521,537,45,371,1382,1520],"class_list":["post-4487","post","type-post","status-publish","format-standard","has-post-thumbnail","hentry","category-sociedad","tag-aduba","tag-ajuste","tag-docentes","tag-educacion","tag-estudiantes","tag-financiamiento","tag-milei","tag-protesta","tag-uba","tag-universidad"],"jetpack_publicize_connections":[],"_links":{"self":[{"href":"https:\/\/www.enorsai.com\/noticias\/wp-json\/wp\/v2\/posts\/4487","targetHints":{"allow":["GET"]}}],"collection":[{"href":"https:\/\/www.enorsai.com\/noticias\/wp-json\/wp\/v2\/posts"}],"about":[{"href":"https:\/\/www.enorsai.com\/noticias\/wp-json\/wp\/v2\/types\/post"}],"author":[{"embeddable":true,"href":"https:\/\/www.enorsai.com\/noticias\/wp-json\/wp\/v2\/users\/1"}],"replies":[{"embeddable":true,"href":"https:\/\/www.enorsai.com\/noticias\/wp-json\/wp\/v2\/comments?post=4487"}],"version-history":[{"count":3,"href":"https:\/\/www.enorsai.com\/noticias\/wp-json\/wp\/v2\/posts\/4487\/revisions"}],"predecessor-version":[{"id":4496,"href":"https:\/\/www.enorsai.com\/noticias\/wp-json\/wp\/v2\/posts\/4487\/revisions\/4496"}],"wp:featuredmedia":[{"embeddable":true,"href":"https:\/\/www.enorsai.com\/noticias\/wp-json\/wp\/v2\/media\/4488"}],"wp:attachment":[{"href":"https:\/\/www.enorsai.com\/noticias\/wp-json\/wp\/v2\/media?parent=4487"}],"wp:term":[{"taxonomy":"category","embeddable":true,"href":"https:\/\/www.enorsai.com\/noticias\/wp-json\/wp\/v2\/categories?post=4487"},{"taxonomy":"post_tag","embeddable":true,"href":"https:\/\/www.enorsai.com\/noticias\/wp-json\/wp\/v2\/tags?post=4487"}],"curies":[{"name":"wp","href":"https:\/\/api.w.org\/{rel}","templated":true}]}}