{"id":4479,"date":"2025-05-24T12:18:34","date_gmt":"2025-05-24T15:18:34","guid":{"rendered":"http:\/\/www.enorsai.com\/noticias\/?p=4479"},"modified":"2025-05-24T12:22:21","modified_gmt":"2025-05-24T15:22:21","slug":"a-22-anos-de-la-asuncion-de-nestor-se-renueva-el-llamado-a-construir-un-nuevo-horizonte-desde-la-cultura-popular","status":"publish","type":"post","link":"https:\/\/www.enorsai.com\/noticias\/politica\/a-22-anos-de-la-asuncion-de-nestor-se-renueva-el-llamado-a-construir-un-nuevo-horizonte-desde-la-cultura-popular\/","title":{"rendered":"A 22 a\u00f1os de la asunci\u00f3n de N\u00e9stor, se renueva el llamado a construir un nuevo horizonte desde la cultura popular"},"content":{"rendered":"\n<p><em><strong>Cristina Kirchner contra el relato de la derrota: cultura, memoria y resistencia en tiempos de oscuridad.<br>El Instituto Patria organiz\u00f3 un acto multitudinario con la presencia de CFK para disputar la narrativa impuesta por el neoliberalismo.<\/strong><\/em><\/p>\n\n\n\n<p>Mientras el gobierno de Javier Milei ejecuta un desguace cultural y social sin precedentes, el \u201cEncuentro de la Cultura Popular\u201d irrumpe como acto de rebeli\u00f3n simb\u00f3lica y pol\u00edtica. Cristina Kirchner, como figura central, vuelve a posicionarse para combatir el desencanto colectivo que se pretende instalar como sentido com\u00fan. La memoria de N\u00e9stor y la \u00e9pica de Mayo, como faros frente al vendaval reaccionario.<\/p>\n\n\n\n<p>En un presente donde la incertidumbre se ha vuelto moneda corriente, donde el Estado se reduce al m\u00ednimo y la cultura es tratada como un lujo prescindible, una fecha hist\u00f3rica vuelve a cargar de contenido pol\u00edtico y simb\u00f3lico: el 25 de mayo. Este domingo, mientras la Casa Rosada permanece sitiada por un relato que glorifica el mercado y aborrece al pueblo, el Polo Cultural y Deportivo Sald\u00edas fue escenario de una contranarrativa poderosa: el \u201cEncuentro de la Cultura Popular\u201d, con la presencia estelar de Cristina Fern\u00e1ndez de Kirchner.<\/p>\n\n\n\n<p>La expresidenta no eligi\u00f3 cualquier fecha ni cualquier lugar. A 22 a\u00f1os exactos de la asunci\u00f3n de N\u00e9stor Kirchner en 2003, la cita en el barrio porte\u00f1o de Sald\u00edas se convirti\u00f3 en un acto de reafirmaci\u00f3n, no s\u00f3lo de una memoria pol\u00edtica concreta, sino de una voluntad de futuro. Frente al intento sistem\u00e1tico del actual gobierno de Javier Milei de borrar huellas, de dinamitar puentes y de pulverizar la historia com\u00fan, el Instituto Patria apost\u00f3 por reunir a artistas, militantes y trabajadores de la cultura para lo contrario: recordar, organizar, construir.<\/p>\n\n\n\n<p>\u201cEl 25 de mayo vamos a participar del Encuentro de la Cultura Popular\u201d, hab\u00eda anunciado Cristina desde sus redes sociales. Pero no fue s\u00f3lo una participaci\u00f3n: fue una intervenci\u00f3n cargada de sentido. El evento, que comenz\u00f3 a las 9 de la ma\u00f1ana y se extendi\u00f3 hasta entrada la tarde, se plante\u00f3 como mucho m\u00e1s que una efem\u00e9ride. Fue un grito. Una convocatoria. Una estrategia cultural frente al brutalismo pol\u00edtico de estos tiempos.<\/p>\n\n\n\n<p>Desde el Instituto Patria, organizadores del evento, lo dijeron sin rodeos: \u201cProponemos desmontar el relato de la derrota \u2014ese que busca convencernos de que no hay alternativa\u2014 y, en simult\u00e1neo, proyectar, organizar y construir otra narrativa del porvenir\u201d. Palabras que, en la coyuntura actual, tienen la potencia de un manifiesto.<\/p>\n\n\n\n<p>Y es que el gobierno libertario de Javier Milei ha sido particularmente hostil con la cultura. No s\u00f3lo ha desfinanciado instituciones, reducido presupuestos y puesto en riesgo patrimonios hist\u00f3ricos. Tambi\u00e9n ha desatado una ofensiva ideol\u00f3gica que busca vaciar de contenido todo lo que huela a identidad, a organizaci\u00f3n colectiva, a creaci\u00f3n popular. La cultura es vista como gasto. Como \u201ccurro\u201d. Como un obst\u00e1culo para el modelo de ajuste, saqueo y sumisi\u00f3n que se intenta imponer a sangre fr\u00eda.<\/p>\n\n\n\n<figure class=\"wp-block-embed is-type-rich is-provider-twitter wp-block-embed-twitter\"><div class=\"wp-block-embed__wrapper\">\n<blockquote class=\"twitter-tweet\" data-width=\"550\" data-dnt=\"true\"><p lang=\"es\" dir=\"ltr\">El 25 de mayo vamos a participar del Encuentro de la Cultura Popular.<br><br>Nos encontramos para celebrar el nacimiento de la Patria, a 22 a\u00f1os de N\u00e9stor Kirchner presidente. \ud83c\udde6\ud83c\uddf7<br><br>Lo vas a poder ver en vivo a trav\u00e9s de mis redes sociales. <a href=\"https:\/\/t.co\/W97x2pxDX9\">pic.twitter.com\/W97x2pxDX9<\/a><\/p>&mdash; Cristina Kirchner (@CFKArgentina) <a href=\"https:\/\/twitter.com\/CFKArgentina\/status\/1925576791210532968?ref_src=twsrc%5Etfw\">May 22, 2025<\/a><\/blockquote><script async src=\"https:\/\/platform.twitter.com\/widgets.js\" charset=\"utf-8\"><\/script>\n<\/div><\/figure>\n\n\n\n<p>Pero la cultura \u2014y esto se volvi\u00f3 a demostrar este 25 de mayo\u2014 no es un adorno, ni un ap\u00e9ndice del poder, ni una cenefa decorativa para colgar en actos oficiales. Es, en tiempos de crisis, una trinchera. Un refugio. Y tambi\u00e9n un arma.<\/p>\n\n\n\n<p>Por eso, el Encuentro tuvo una estructura pensada para el debate, la reflexi\u00f3n cr\u00edtica y la producci\u00f3n de sentido com\u00fan alternativo. Siete fueron los ejes que orientaron los intercambios y paneles: la cultura viva como motor transformador; el derecho de acceso a la cultura y la democratizaci\u00f3n de su producci\u00f3n; la industria y el trabajo cultural; patrimonio, memoria e identidad; la comunicaci\u00f3n y la tecnopol\u00edtica; gesti\u00f3n cultural p\u00fablica; y el pensamiento nacional como br\u00fajula ante la fragmentaci\u00f3n.<\/p>\n\n\n\n<p>No se trat\u00f3 de nostalgias ni de academicismo. Se trat\u00f3 de organizar respuestas. Frente a un gobierno que promueve la deserci\u00f3n colectiva, que transforma el s\u00e1lvese quien pueda en doctrina oficial, la apuesta fue clara: volver a pensarnos como comunidad, reconocer nuestras ra\u00edces, recordar que hubo y hay otros caminos posibles.<\/p>\n\n\n<ul class=\"wp-block-latest-posts__list is-grid columns-3 wp-block-latest-posts has-small-font-size\"><li><div class=\"wp-block-latest-posts__featured-image\"><img loading=\"lazy\" decoding=\"async\" width=\"300\" height=\"185\" src=\"https:\/\/www.enorsai.com\/noticias\/wp-content\/uploads\/2025\/07\/20250704-gas-300x185.webp\" class=\"attachment-medium size-medium wp-post-image\" alt=\"\" style=\"\" srcset=\"https:\/\/www.enorsai.com\/noticias\/wp-content\/uploads\/2025\/07\/20250704-gas-300x185.webp 300w, https:\/\/www.enorsai.com\/noticias\/wp-content\/uploads\/2025\/07\/20250704-gas.webp 760w\" sizes=\"auto, (max-width: 300px) 100vw, 300px\" \/><\/div><a class=\"wp-block-latest-posts__post-title\" href=\"https:\/\/www.enorsai.com\/noticias\/politica\/milei-lo-hizo-hay-desabastecimiento-de-gas-y-limitan-la-venta-de-gnc\/\">Milei lo hizo: hay desabastecimiento de gas y limitan la venta de GNC<\/a><\/li>\n<li><div class=\"wp-block-latest-posts__featured-image\"><img loading=\"lazy\" decoding=\"async\" width=\"300\" height=\"200\" src=\"https:\/\/www.enorsai.com\/noticias\/wp-content\/uploads\/2026\/04\/kicillof-salud-300x200.jpg\" class=\"attachment-medium size-medium wp-post-image\" alt=\"\" style=\"\" srcset=\"https:\/\/www.enorsai.com\/noticias\/wp-content\/uploads\/2026\/04\/kicillof-salud-300x200.jpg 300w, https:\/\/www.enorsai.com\/noticias\/wp-content\/uploads\/2026\/04\/kicillof-salud-1024x683.jpg 1024w, https:\/\/www.enorsai.com\/noticias\/wp-content\/uploads\/2026\/04\/kicillof-salud-768x512.jpg 768w, https:\/\/www.enorsai.com\/noticias\/wp-content\/uploads\/2026\/04\/kicillof-salud-600x400.jpg 600w, https:\/\/www.enorsai.com\/noticias\/wp-content\/uploads\/2026\/04\/kicillof-salud.jpg 1068w\" sizes=\"auto, (max-width: 300px) 100vw, 300px\" \/><\/div><a class=\"wp-block-latest-posts__post-title\" href=\"https:\/\/www.enorsai.com\/noticias\/sociedad\/salud\/kicillof-refuerza-la-entrega-de-medicamentos-ante-el-ajuste-de-milei\/\">Kicillof refuerza la entrega de medicamentos ante el ajuste de Milei<\/a><\/li>\n<li><div class=\"wp-block-latest-posts__featured-image\"><img loading=\"lazy\" decoding=\"async\" width=\"300\" height=\"169\" src=\"https:\/\/www.enorsai.com\/noticias\/wp-content\/uploads\/2026\/04\/La-cantidad-de-locales-vacios-crecio-385-en-la-Ciudad-de-Buenos-Aires-300x169.png\" class=\"attachment-medium size-medium wp-post-image\" alt=\"\" style=\"\" srcset=\"https:\/\/www.enorsai.com\/noticias\/wp-content\/uploads\/2026\/04\/La-cantidad-de-locales-vacios-crecio-385-en-la-Ciudad-de-Buenos-Aires-300x169.png 300w, https:\/\/www.enorsai.com\/noticias\/wp-content\/uploads\/2026\/04\/La-cantidad-de-locales-vacios-crecio-385-en-la-Ciudad-de-Buenos-Aires-768x432.png 768w, https:\/\/www.enorsai.com\/noticias\/wp-content\/uploads\/2026\/04\/La-cantidad-de-locales-vacios-crecio-385-en-la-Ciudad-de-Buenos-Aires.png 960w\" sizes=\"auto, (max-width: 300px) 100vw, 300px\" \/><\/div><a class=\"wp-block-latest-posts__post-title\" href=\"https:\/\/www.enorsai.com\/noticias\/economia\/la-cantidad-de-locales-vacios-crecio-385-en-la-ciudad-de-buenos-aires\/\">La cantidad de locales vac\u00edos creci\u00f3 38,5% en la Ciudad de Buenos Aires<\/a><\/li>\n<\/ul>\n\n\n<p>En ese marco, el recuerdo de N\u00e9stor Kirchner no fue un gesto melanc\u00f3lico sino un acto de reivindicaci\u00f3n pol\u00edtica. \u201cEse mismo d\u00eda, hace 22 a\u00f1os, asum\u00eda N\u00e9stor\u201d, record\u00f3 Cristina. Y la evocaci\u00f3n no es inocente. Porque si algo falta hoy en la Argentina es lo que aquel hombre del sur encarn\u00f3: un proyecto nacional con coraje, con sensibilidad social y con vocaci\u00f3n transformadora.<\/p>\n\n\n\n<p>El contraste es obsceno. Mientras Milei celebra a Margaret Thatcher y se abraza con banqueros que sue\u00f1an con una Argentina sin derechos ni regulaciones, el Encuentro de la Cultura Popular record\u00f3 que hubo un presidente que descolg\u00f3 cuadros, que enfrent\u00f3 al FMI y que crey\u00f3 que la pol\u00edtica pod\u00eda ser una herramienta de dignidad y justicia.<\/p>\n\n\n\n<p>En el Polo Sald\u00edas, el mensaje fue contundente: no estamos derrotados. No nos rendimos. No vamos a aceptar el futuro de miseria planificada que nos quieren vender como \u00fanica salida. \u201cSabemos de la dimensi\u00f3n del desaf\u00edo, as\u00ed como conocemos la determinaci\u00f3n del enemigo\u201d, dijeron los organizadores. Y es cierto: el enemigo hoy no oculta su rostro. Se r\u00ede de los pobres, se burla de los artistas, cierra ministerios, privatiza la palabra.<\/p>\n\n\n\n<p>Por eso, construir un nuevo horizonte cultural no es un lujo de intelectuales progresistas. Es una necesidad urgente. Porque sin cultura no hay comunidad, sin comunidad no hay pol\u00edtica y sin pol\u00edtica no hay salida.<\/p>\n\n\n\n<p>Cristina Kirchner, con su presencia, reafirm\u00f3 su lugar como figura central de ese proyecto alternativo. Lejos de las pasarelas del oficialismo libertario, donde se reparten cargos entre empresarios y se festejan balances mientras crece la indigencia, ella volvi\u00f3 a hablar desde el pueblo. Desde esa trinchera donde se resisten las derrotas y se tejen las esperanzas.<\/p>\n\n\n\n<p>En un pa\u00eds donde el Gobierno celebra la desaparici\u00f3n del Estado y arremete contra la universidad, la ciencia, los medios p\u00fablicos y el INCAA, el Encuentro del Instituto Patria no fue solo un acto pol\u00edtico: fue un gesto de dignidad. Una forma de decir: seguimos ac\u00e1, pensando, creando, luchando. Y, sobre todo, recordando que ninguna derrota es definitiva mientras exista la memoria, la organizaci\u00f3n y la cultura popular.<\/p>\n\n\n\n<p>Fuente:<\/p>\n\n\n\n<ul class=\"wp-block-list\">\n<li><a href=\"https:\/\/www.pagina12.com.ar\/827924-cristina-kirchner-participara-del-encuentro-de-la-cultura-po\">https:\/\/www.pagina12.com.ar\/827924-cristina-kirchner-participara-del-encuentro-de-la-cultura-po<\/a><\/li>\n\n\n\n<li><a href=\"https:\/\/noticiasargentinas.com\/politica\/cristina-kirchner-encabezara-el-encuentro-de-la-cultura-popular-para--desmontar-el-relato-de-la-derrota-_a6831d51d01ed0c30caba80dd\">https:\/\/noticiasargentinas.com\/politica\/cristina-kirchner-encabezara-el-encuentro-de-la-cultura-popular-para&#8211;desmontar-el-relato-de-la-derrota-_a6831d51d01ed0c30caba80dd<\/a><\/li>\n<\/ul>\n","protected":false},"excerpt":{"rendered":"<p>Cristina Kirchner contra el relato de la derrota: cultura, memoria y resistencia en tiempos de oscuridad.El Instituto Patria organiz\u00f3 un acto multitudinario con la presencia de CFK para disputar la narrativa impuesta por el neoliberalismo. Mientras el gobierno de Javier Milei ejecuta un desguace cultural y social sin precedentes, el \u201cEncuentro de la Cultura Popular\u201d&#8230;<\/p>\n","protected":false},"author":1,"featured_media":4480,"comment_status":"open","ping_status":"open","sticky":false,"template":"","format":"standard","meta":{"_monsterinsights_skip_tracking":false,"_monsterinsights_sitenote_active":false,"_monsterinsights_sitenote_note":"","_monsterinsights_sitenote_category":0,"footnotes":"","jetpack_publicize_message":"\ud83c\udfa4 Este 25 de mayo, Cristina Kirchner encabez\u00f3 el #EncuentroDeLaCulturaPopular en el Polo Sald\u00edas. En pleno ajuste de Milei, el Instituto Patria lanza un grito: \u00a1basta del relato de la derrota! \u270a\ud83d\udcda Memoria, identidad y organizaci\u00f3n colectiva como ant\u00eddoto ante el caos neoliberal. \ud83e\udde0\ud83d\udd25 ","jetpack_publicize_feature_enabled":true,"jetpack_social_post_already_shared":false,"jetpack_social_options":{"image_generator_settings":{"template":"highway","enabled":false},"version":2}},"categories":[2],"tags":[235,1519,1518,106,463],"class_list":["post-4479","post","type-post","status-publish","format-standard","has-post-thumbnail","hentry","category-politica","tag-cristina-kirchner","tag-cultura-popular","tag-instituto-patria","tag-javier-milei","tag-neoliberalismo"],"jetpack_publicize_connections":[],"_links":{"self":[{"href":"https:\/\/www.enorsai.com\/noticias\/wp-json\/wp\/v2\/posts\/4479","targetHints":{"allow":["GET"]}}],"collection":[{"href":"https:\/\/www.enorsai.com\/noticias\/wp-json\/wp\/v2\/posts"}],"about":[{"href":"https:\/\/www.enorsai.com\/noticias\/wp-json\/wp\/v2\/types\/post"}],"author":[{"embeddable":true,"href":"https:\/\/www.enorsai.com\/noticias\/wp-json\/wp\/v2\/users\/1"}],"replies":[{"embeddable":true,"href":"https:\/\/www.enorsai.com\/noticias\/wp-json\/wp\/v2\/comments?post=4479"}],"version-history":[{"count":4,"href":"https:\/\/www.enorsai.com\/noticias\/wp-json\/wp\/v2\/posts\/4479\/revisions"}],"predecessor-version":[{"id":4484,"href":"https:\/\/www.enorsai.com\/noticias\/wp-json\/wp\/v2\/posts\/4479\/revisions\/4484"}],"wp:featuredmedia":[{"embeddable":true,"href":"https:\/\/www.enorsai.com\/noticias\/wp-json\/wp\/v2\/media\/4480"}],"wp:attachment":[{"href":"https:\/\/www.enorsai.com\/noticias\/wp-json\/wp\/v2\/media?parent=4479"}],"wp:term":[{"taxonomy":"category","embeddable":true,"href":"https:\/\/www.enorsai.com\/noticias\/wp-json\/wp\/v2\/categories?post=4479"},{"taxonomy":"post_tag","embeddable":true,"href":"https:\/\/www.enorsai.com\/noticias\/wp-json\/wp\/v2\/tags?post=4479"}],"curies":[{"name":"wp","href":"https:\/\/api.w.org\/{rel}","templated":true}]}}