{"id":4463,"date":"2025-05-23T07:54:11","date_gmt":"2025-05-23T10:54:11","guid":{"rendered":"https:\/\/www.enorsai.com\/noticias\/?p=4463"},"modified":"2025-05-23T07:54:11","modified_gmt":"2025-05-23T10:54:11","slug":"las-cta-realizaron-una-masiva-marcha-para-rechazar-el-ajuste-salvaje-del-gobierno-y-el-fmi","status":"publish","type":"post","link":"https:\/\/www.enorsai.com\/noticias\/politica\/las-cta-realizaron-una-masiva-marcha-para-rechazar-el-ajuste-salvaje-del-gobierno-y-el-fmi\/","title":{"rendered":"Las CTA realizaron una masiva marcha para rechazar el ajuste salvaje del Gobierno y el FMI"},"content":{"rendered":"\n<p><strong><em>En el aniversario del Cabildo Abierto del 22 de mayo, organizaciones sindicales y sociales protagonizaron una masiva movilizaci\u00f3n frente al Ministerio de Econom\u00eda. El reclamo apunt\u00f3 al ajuste del Gobierno, el endeudamiento con el FMI y la defensa de la soberan\u00eda y el trabajo.<\/em><\/strong><\/p>\n\n\n\n<p>En una jornada cargada de simbolismo hist\u00f3rico, las dos centrales de trabajadores \u2014la CTA Aut\u00f3noma y la CTA de los Trabajadores\u2014 marcharon este mi\u00e9rcoles en unidad junto a organizaciones sociales, sindicatos y organismos de derechos humanos. La movilizaci\u00f3n se realiz\u00f3 frente al Ministerio de Econom\u00eda, en pleno centro porte\u00f1o, en rechazo a las pol\u00edticas de ajuste del Gobierno de Javier Milei y al acuerdo con el Fondo Monetario Internacional.<\/p>\n\n\n\n<p>Bajo el lema \u201cContra la deuda externa y el FMI, contra el hambre y la violencia institucional, por soberan\u00eda, trabajo y producci\u00f3n\u201d, las columnas avanzaron desde Diagonal Norte y Esmeralda hacia la sede del Ministerio en las inmediaciones de Plaza de Mayo. La protesta, que tambi\u00e9n se replic\u00f3 en distintas ciudades del pa\u00eds, exigi\u00f3 salarios dignos, la restituci\u00f3n de los fondos recortados a las provincias y el freno a los decretos que afectan derechos laborales y sociales.<\/p>\n\n\n\n<p>Durante el acto central, el secretario general de la CTA y diputado nacional, Hugo Yasky, se dirigi\u00f3 a los manifestantes con duras cr\u00edticas al oficialismo. \u201cEl Gobierno de Milei piensa que con un decreto trucho que ya fue declarado inconstitucional van a impedir la huelga. Se equivocan. No conocen la historia de este pueblo\u201d, sentenci\u00f3. Yasky record\u00f3 la lucha de los trabajadores durante la dictadura y asegur\u00f3 que la huelga general \u201cseguir\u00e1 siendo una herramienta leg\u00edtima de la clase trabajadora\u201d.<\/p>\n\n\n\n<p>El dirigente tambi\u00e9n hizo un llamado a la unidad del movimiento obrero y popular. \u201cCon decreto o sin decreto, la huelga general va a seguir siendo la herramienta de la clase trabajadora. Para esa pelea tenemos que construir m\u00e1s unidad, porque no sirve la lucha aislada. Sirve el pueblo unido, fuerte y peleando como en esta multitudinaria movilizaci\u00f3n\u201d, subray\u00f3.<\/p>\n\n\n\n<p>Entre los presentes se encontraban trabajadores estatales, docentes, jubilados y representantes de movimientos territoriales, quienes denunciaron el impacto del ajuste en los sectores m\u00e1s vulnerables, as\u00ed como el recorte de programas sociales y la creciente inflaci\u00f3n. La jornada transcurri\u00f3 con un importante operativo de seguridad dispuesto por el Gobierno, que incluy\u00f3 vallados y presencia policial, aunque no se registraron incidentes.<\/p>\n\n\n\n<p>La fecha elegida no fue casual: el 22 de mayo marca el aniversario del Cabildo Abierto de 1810, considerado el preludio de la Revoluci\u00f3n de Mayo. \u201cHoy, como ayer, el pueblo vuelve a hacerse o\u00edr contra las pol\u00edticas que lo oprimen\u201d, afirmaron desde la organizaci\u00f3n. La protesta dej\u00f3 en claro que la conflictividad social contin\u00faa en aumento y que el descontento con las medidas del Ejecutivo encuentra cada vez m\u00e1s expresi\u00f3n en las calles.<\/p>\n\n\n\n<p>Por Infogremiales<\/p>\n","protected":false},"excerpt":{"rendered":"<p>En el aniversario del Cabildo Abierto del 22 de mayo, organizaciones sindicales y sociales protagonizaron una masiva movilizaci\u00f3n frente al Ministerio de Econom\u00eda. El reclamo apunt\u00f3 al ajuste del Gobierno, el endeudamiento con el FMI y la defensa de la soberan\u00eda y el trabajo. En una jornada cargada de simbolismo hist\u00f3rico, las dos centrales de&#8230;<\/p>\n","protected":false},"author":5,"featured_media":4464,"comment_status":"open","ping_status":"open","sticky":false,"template":"","format":"standard","meta":{"_monsterinsights_skip_tracking":false,"_monsterinsights_sitenote_active":false,"_monsterinsights_sitenote_note":"","_monsterinsights_sitenote_category":0,"footnotes":"","jetpack_publicize_message":"","jetpack_publicize_feature_enabled":true,"jetpack_social_post_already_shared":true,"jetpack_social_options":{"image_generator_settings":{"template":"highway","default_image_id":0,"font":"","enabled":false},"version":2}},"categories":[2],"tags":[58,43,15,45],"class_list":["post-4463","post","type-post","status-publish","format-standard","has-post-thumbnail","hentry","category-politica","tag-ajuste","tag-crisis","tag-economia","tag-milei"],"jetpack_publicize_connections":[],"_links":{"self":[{"href":"https:\/\/www.enorsai.com\/noticias\/wp-json\/wp\/v2\/posts\/4463","targetHints":{"allow":["GET"]}}],"collection":[{"href":"https:\/\/www.enorsai.com\/noticias\/wp-json\/wp\/v2\/posts"}],"about":[{"href":"https:\/\/www.enorsai.com\/noticias\/wp-json\/wp\/v2\/types\/post"}],"author":[{"embeddable":true,"href":"https:\/\/www.enorsai.com\/noticias\/wp-json\/wp\/v2\/users\/5"}],"replies":[{"embeddable":true,"href":"https:\/\/www.enorsai.com\/noticias\/wp-json\/wp\/v2\/comments?post=4463"}],"version-history":[{"count":1,"href":"https:\/\/www.enorsai.com\/noticias\/wp-json\/wp\/v2\/posts\/4463\/revisions"}],"predecessor-version":[{"id":4465,"href":"https:\/\/www.enorsai.com\/noticias\/wp-json\/wp\/v2\/posts\/4463\/revisions\/4465"}],"wp:featuredmedia":[{"embeddable":true,"href":"https:\/\/www.enorsai.com\/noticias\/wp-json\/wp\/v2\/media\/4464"}],"wp:attachment":[{"href":"https:\/\/www.enorsai.com\/noticias\/wp-json\/wp\/v2\/media?parent=4463"}],"wp:term":[{"taxonomy":"category","embeddable":true,"href":"https:\/\/www.enorsai.com\/noticias\/wp-json\/wp\/v2\/categories?post=4463"},{"taxonomy":"post_tag","embeddable":true,"href":"https:\/\/www.enorsai.com\/noticias\/wp-json\/wp\/v2\/tags?post=4463"}],"curies":[{"name":"wp","href":"https:\/\/api.w.org\/{rel}","templated":true}]}}