{"id":4451,"date":"2025-06-02T13:27:22","date_gmt":"2025-06-02T16:27:22","guid":{"rendered":"https:\/\/www.enorsai.com\/noticias\/?p=4451"},"modified":"2025-06-02T22:17:43","modified_gmt":"2025-06-03T01:17:43","slug":"milei-avanza-sobre-el-derecho-a-huelga-a-pedido-del-poder-economico-y-daer-solo-quiere-negociar","status":"publish","type":"post","link":"https:\/\/www.enorsai.com\/noticias\/sociedad\/milei-avanza-sobre-el-derecho-a-huelga-a-pedido-del-poder-economico-y-daer-solo-quiere-negociar\/","title":{"rendered":"Milei avanza sobre el derecho a huelga a pedido del poder econ\u00f3mico y Daer s\u00f3lo quiere negociar"},"content":{"rendered":"\n<p>La huelga en terapia intensiva: el gobierno avanza sobre el derecho laboral m\u00e1s sagrado.<br \/><br \/>Mientras el DNU 340\/25 busca cercenar el derecho constitucional a la huelga, el gobierno de Milei tensa la cuerda con la CGT y sue\u00f1a con una reforma laboral hecha a medida del poder econ\u00f3mico. H\u00e9ctor Daer se sienta a negociar, pero el conflicto social se agudiza.<br \/><br \/>El gobierno de Javier Milei ha decidido avanzar sin disimulo contra uno de los pilares fundamentales del sistema democr\u00e1tico: el derecho a huelga. A trav\u00e9s del DNU 340\/25, publicado esta semana, el Ejecutivo libertario redefine arbitrariamente qu\u00e9 actividades se consideran \u00abesenciales\u00bb y \u201cde importancia trascendental\u201d, limitando gravemente las posibilidades de paralizaci\u00f3n por parte de los trabajadores. De un plumazo y sin discusi\u00f3n parlamentaria, la administraci\u00f3n nacional pretende disciplinar al movimiento obrero y debilitar la herramienta m\u00e1s potente con la que cuenta cualquier trabajador para hacer valer sus reclamos.<br \/><br \/>En ese contexto de confrontaci\u00f3n, el secretario general de la CGT y referente del gremio de Sanidad, H\u00e9ctor Daer, mantuvo una reuni\u00f3n en Casa Rosada con el jefe de Gabinete, Guillermo Francos. El encuentro \u2014al que tambi\u00e9n asisti\u00f3 el ministro de Defensa, Luis Petri, debido al conflicto en el Hospital Naval por la amenaza de despido de m\u00e1s de 500 trabajadores\u2014 se produjo en paralelo a una movilizaci\u00f3n de ATE frente al Ministerio de Econom\u00eda. El malestar gremial crece, pero el gobierno sigue apostando a la represi\u00f3n institucional de la protesta.<br \/><br \/>Lo ins\u00f3lito \u2014o revelador\u2014 es que Daer, al ser consultado por el DNU que ataca el derecho a huelga, declar\u00f3 que ese tema \u201cno form\u00f3 parte\u201d del di\u00e1logo con Francos, porque hab\u00eda concurrido \u201cen representaci\u00f3n del gremio de Sanidad\u201d por un conflicto espec\u00edfico. Una respuesta que deja sabor a poco, cuando lo que est\u00e1 en juego es la posibilidad misma de sostener luchas sindicales efectivas. Sin embargo, el dirigente anticip\u00f3 que la CGT presentar\u00e1 la semana pr\u00f3xima un recurso de amparo ante la justicia laboral para frenar el decreto.<br \/><br \/>El plan Milei: disciplinar a los sindicatos y consolidar el ajuste<br \/><br \/>El DNU 340\/25 forma parte de una ofensiva sistem\u00e1tica del gobierno libertario contra los derechos laborales. Ya lo hab\u00eda intentado con el decreto 70\/2023, que fue parcialmente frenado en la justicia. Ahora, redobla la apuesta con una medida que, al declarar servicios esenciales a sectores como salud, educaci\u00f3n y transporte, exige una cobertura del 75% en caso de huelga, mientras que en otros de \u201cimportancia trascendental\u201d la actividad deber\u00e1 mantenerse en al menos un 50%. Es decir, huelgas simb\u00f3licas, sin capacidad real de presi\u00f3n.<br \/><br \/>La CGT denunci\u00f3 la medida como un \u201cintento de suprimir el derecho a huelga en Argentina sin debate ni an\u00e1lisis previo\u201d. Y no exagera. Lo que se esconde detr\u00e1s del tecnicismo de los porcentajes m\u00ednimos de prestaci\u00f3n es una profunda concepci\u00f3n autoritaria, donde el conflicto laboral debe ser silenciado en nombre del \u201corden\u201d y la \u201clibertad de mercado\u201d.<br \/><br \/>A esta altura, la estrategia gubernamental est\u00e1 clara: mientras ahoga presupuestariamente a las universidades, reprime las protestas sociales y profundiza el ajuste dictado por el FMI, busca reducir a su m\u00ednima expresi\u00f3n la capacidad de organizaci\u00f3n del movimiento obrero. \u00bfEl objetivo final? Allanar el camino para una reforma laboral regresiva que garantice mayor precarizaci\u00f3n, contratos flexibles y despidos baratos. La famosa \u201cmodernizaci\u00f3n\u201d del trabajo, al estilo de los 90.<br \/><br \/>Negociaciones, dilaciones y clima enrarecido<br \/><br \/>A pesar del endurecimiento oficial, desde el Ejecutivo apuestan a reactivar una postergada mesa de di\u00e1logo tripartita que incluya al Grupo de los Seis \u2014el n\u00facleo duro del empresariado nacional\u2014 y a la CGT. La idea es sentar las bases de una reforma laboral \u201cconsensuada\u201d, que pueda ser presentada como fruto del di\u00e1logo y no de la imposici\u00f3n. Pero los tiempos no cierran: seg\u00fan fuentes oficiales, ese proceso no comenzar\u00eda antes de 2026.<br \/><br \/>Mientras tanto, el gobierno juega con fuego. Porque si bien Daer relativiz\u00f3 la posibilidad de una nueva convocatoria a paro general \u2014\u201cno hay clima para eso\u201d, afirm\u00f3\u2014, la tensi\u00f3n social es cada vez m\u00e1s visible. La bronca en las calles, las movilizaciones masivas, el hartazgo frente al ajuste salvaje y la inflaci\u00f3n sin tregua, hacen que la pasividad tenga fecha de vencimiento.<br \/><br \/>La CGT a\u00fan debate internamente qu\u00e9 camino tomar: resistir desde lo jur\u00eddico, negociar desde lo institucional o empujar la protesta callejera. Lo cierto es que el gobierno de Milei ha logrado algo que parec\u00eda imposible: unificar al sindicalismo, incluso a los sectores m\u00e1s dialoguistas, frente a un enemigo com\u00fan que no disimula su desprecio por los derechos laborales ni por los actores sociales que los defienden.<\/p>\n\n\n\n<p>Fuente:<\/p>\n\n\n\n<ul class=\"wp-block-list\">\n<li>https:\/\/elauditor.info\/informes-de-auditoria\/el-gobierno-porteno-no-cumplio-con-el-cupo-laboral-del-5&#8211;para-personas-con-discapacidad_a683459d5dd148f87355b0769<\/li>\n<\/ul>\n","protected":false},"excerpt":{"rendered":"<p>La huelga en terapia intensiva: el gobierno avanza sobre el derecho laboral m\u00e1s sagrado. Mientras el DNU 340\/25 busca cercenar el derecho constitucional a la huelga, el gobierno de Milei tensa la cuerda con la CGT y sue\u00f1a con una reforma laboral hecha a medida del poder econ\u00f3mico. H\u00e9ctor Daer se sienta a negociar, pero&#8230;<\/p>\n","protected":false},"author":1,"featured_media":4817,"comment_status":"open","ping_status":"open","sticky":false,"template":"","format":"standard","meta":{"_monsterinsights_skip_tracking":false,"_monsterinsights_sitenote_active":false,"_monsterinsights_sitenote_note":"","_monsterinsights_sitenote_category":0,"footnotes":"","jetpack_publicize_message":"","jetpack_publicize_feature_enabled":true,"jetpack_social_post_already_shared":true,"jetpack_social_options":{"image_generator_settings":{"template":"highway","default_image_id":0,"font":"","enabled":false},"version":2}},"categories":[4],"tags":[],"class_list":["post-4451","post","type-post","status-publish","format-standard","has-post-thumbnail","hentry","category-sociedad"],"jetpack_publicize_connections":[],"_links":{"self":[{"href":"https:\/\/www.enorsai.com\/noticias\/wp-json\/wp\/v2\/posts\/4451","targetHints":{"allow":["GET"]}}],"collection":[{"href":"https:\/\/www.enorsai.com\/noticias\/wp-json\/wp\/v2\/posts"}],"about":[{"href":"https:\/\/www.enorsai.com\/noticias\/wp-json\/wp\/v2\/types\/post"}],"author":[{"embeddable":true,"href":"https:\/\/www.enorsai.com\/noticias\/wp-json\/wp\/v2\/users\/1"}],"replies":[{"embeddable":true,"href":"https:\/\/www.enorsai.com\/noticias\/wp-json\/wp\/v2\/comments?post=4451"}],"version-history":[{"count":1,"href":"https:\/\/www.enorsai.com\/noticias\/wp-json\/wp\/v2\/posts\/4451\/revisions"}],"predecessor-version":[{"id":4818,"href":"https:\/\/www.enorsai.com\/noticias\/wp-json\/wp\/v2\/posts\/4451\/revisions\/4818"}],"wp:featuredmedia":[{"embeddable":true,"href":"https:\/\/www.enorsai.com\/noticias\/wp-json\/wp\/v2\/media\/4817"}],"wp:attachment":[{"href":"https:\/\/www.enorsai.com\/noticias\/wp-json\/wp\/v2\/media?parent=4451"}],"wp:term":[{"taxonomy":"category","embeddable":true,"href":"https:\/\/www.enorsai.com\/noticias\/wp-json\/wp\/v2\/categories?post=4451"},{"taxonomy":"post_tag","embeddable":true,"href":"https:\/\/www.enorsai.com\/noticias\/wp-json\/wp\/v2\/tags?post=4451"}],"curies":[{"name":"wp","href":"https:\/\/api.w.org\/{rel}","templated":true}]}}