{"id":4447,"date":"2025-05-22T17:41:10","date_gmt":"2025-05-22T20:41:10","guid":{"rendered":"https:\/\/www.enorsai.com\/noticias\/sociedad\/el-desguace-de-la-memoria-el-gobierno-de-milei-concreta-un-brutal-vaciamiento-de-la-politica-de-derechos-humanos\/"},"modified":"2025-07-04T18:50:28","modified_gmt":"2025-07-04T21:50:28","slug":"el-desguace-de-la-memoria-el-gobierno-de-milei-concreta-un-brutal-vaciamiento-de-la-politica-de-derechos-humanos","status":"publish","type":"post","link":"https:\/\/www.enorsai.com\/noticias\/sociedad\/el-desguace-de-la-memoria-el-gobierno-de-milei-concreta-un-brutal-vaciamiento-de-la-politica-de-derechos-humanos\/","title":{"rendered":"El desguace de la memoria: El gobierno de Milei concreta un brutal vaciamiento de la pol\u00edtica de derechos humanos"},"content":{"rendered":"\n<p>El gobierno de Javier Milei consuma un brutal vaciamiento de la pol\u00edtica de derechos humanos: disuelve la Secretar\u00eda, desjerarquiza el Museo de la ESMA y el Archivo Nacional de la Memoria, y entrega el control a funcionarios ajenos al compromiso hist\u00f3rico argentino con el Nunca M\u00e1s.<\/p>\n\n\n\n<p>La demolici\u00f3n de la pol\u00edtica de memoria, verdad y justicia en la Argentina se ejecuta con frialdad quir\u00fargica desde el gobierno de Javier Milei. El pasado reciente, ese que la democracia se hab\u00eda comprometido a no olvidar, est\u00e1 siendo arrancado de cuajo mediante decretos, despidos masivos y vaciamiento institucional. La Secretar\u00eda de Derechos Humanos de la Naci\u00f3n, nacida para sostener una pol\u00edtica de Estado que hiciera justicia sobre el genocidio de la \u00faltima dictadura, fue degradada a una mera subsecretar\u00eda. El Museo Sitio de Memoria ESMA y el Archivo Nacional de la Memoria, dos pilares simb\u00f3licos y documentales de esa pol\u00edtica, fueron removidos de su \u00f3rbita. Y peor: pasar\u00e1n a depender de un ente vacante, el CIPDH, bajo el control eventual del ministerio que dirige Federico Sturzenegger.<\/p>\n\n\n\n<p>No se trata de un reordenamiento burocr\u00e1tico. Es una declaraci\u00f3n ideol\u00f3gica. El Estado que garantiz\u00f3 la justicia contra los genocidas, que construy\u00f3 consensos internacionales alrededor del Nunca M\u00e1s, hoy deja de reconocer como prioridad la pol\u00edtica de derechos humanos. Con la misma l\u00f3gica con la que se destruye la educaci\u00f3n, la ciencia o la cultura, Milei golpea directamente el coraz\u00f3n de la memoria.<\/p>\n\n\n\n<p>El decreto 344 elimin\u00f3 la estructura jer\u00e1rquica del Museo y el ANM. El 347 estableci\u00f3 que ambas instituciones pasar\u00e1n a estar bajo el Centro Internacional para la Promoci\u00f3n de los Derechos Humanos (CIPDH), un organismo cuya direcci\u00f3n est\u00e1 vacante desde hace meses. Su \u00faltima titular, Fernanda Gil Lozano, fue desplazada y, seg\u00fan trascendidos, ser\u00eda reemplazada por Ana Bel\u00e9n M\u00e1rmora, una abogada alineada con sectores antiderechos, contraria al aborto legal y sin experiencia en la defensa de los derechos humanos ni en pol\u00edticas de memoria.<\/p>\n\n\n\n<p>Hasta que el CIPDH defina su nueva estructura, el personal del Museo y el Archivo depender\u00e1 del Ministerio de Desregulaci\u00f3n y Transformaci\u00f3n del Estado, es decir, de Sturzenegger. Es decir: de quien considera a la memoria un gasto.<\/p>\n\n\n\n<p>El vaciamiento se complementa con los despidos masivos. El Ministerio de Justicia se ufan\u00f3 de haber echado a 405 trabajadores de la exSecretar\u00eda. La ATE alert\u00f3 que podr\u00edan sumarse 170 desvinculaciones m\u00e1s. El centro cultural Haroldo Conti, epicentro de actividades art\u00edsticas con memoria, est\u00e1 cerrado desde enero. Las transferencias al ente que administra el predio de la ESMA est\u00e1n congeladas, con lo cual peligra el mantenimiento, la seguridad y la difusi\u00f3n del sitio.<\/p>\n\n\n\n<p>El ataque no es aislado. Se suma a un discurso sistem\u00e1tico de negacionismo y relativismo hist\u00f3rico impulsado desde el gobierno. Victoria Villarruel, vicepresidenta de la Naci\u00f3n, ha reivindicado en reiteradas oportunidades la \u00abteor\u00eda de los dos demonios\u00bb y ha negado el car\u00e1cter genocida del accionar de las Fuerzas Armadas. El presidente mismo ha minimizado el rol del Estado terrorista, equiparando la dictadura con una supuesta \u00abguerra\u00bb.<\/p>\n\n\n\n<p>La reacci\u00f3n de los organismos de derechos humanos no se hizo esperar. Denunciar\u00e1n el vaciamiento ante entidades internacionales, incluyendo a la propia UNESCO, que hab\u00eda reconocido al museo de la ESMA como patrimonio de la humanidad en 2023. Tambi\u00e9n se esperan pronunciamientos del sistema interamericano de derechos humanos.<\/p>\n\n\n\n<p>El vaciamiento no es casual ni aislado. Forma parte de una estrategia que busca desarmar los consensos construidos desde 1983, que consolidaron a la Argentina como referente mundial en la lucha contra la impunidad. Es, en definitiva, un ataque a la democracia.<\/p>\n\n\n\n<p>El vac\u00edo que deja la Secretar\u00eda no es solo institucional. Es simb\u00f3lico y cultural. Representa la voluntad de borrar, de relativizar, de naturalizar el horror. Milei y su gobierno quieren hacernos creer que recordar es un lujo, que sostener la memoria es un privilegio de la \u00abcasta\u00bb. Pero sin memoria no hay justicia. Y sin justicia no hay democracia.<\/p>\n\n\n\n<p>El golpe a la memoria ya est\u00e1 dado. La resistencia, como en los peores tiempos, ser\u00e1 desde abajo. En cada escuela que siga ense\u00f1ando la historia reciente, en cada madre que siga marchando, en cada nieto que recupere su identidad, en cada archivo que se conserve a pesar de la indiferencia oficial. Porque la memoria no se privatiza ni se desregula: se defiende.<\/p>\n\n\n\n<p><\/p>\n","protected":false},"excerpt":{"rendered":"<p>El gobierno de Javier Milei consuma un brutal vaciamiento de la pol\u00edtica de derechos humanos: disuelve la Secretar\u00eda, desjerarquiza el Museo de la ESMA y el Archivo Nacional de la Memoria, y entrega el control a funcionarios ajenos al compromiso hist\u00f3rico argentino con el Nunca M\u00e1s. La demolici\u00f3n de la pol\u00edtica de memoria, verdad y&#8230;<\/p>\n","protected":false},"author":1,"featured_media":4446,"comment_status":"open","ping_status":"open","sticky":false,"template":"","format":"standard","meta":{"_monsterinsights_skip_tracking":false,"_monsterinsights_sitenote_active":false,"_monsterinsights_sitenote_note":"","_monsterinsights_sitenote_category":0,"footnotes":"","jetpack_publicize_message":"","jetpack_publicize_feature_enabled":true,"jetpack_social_post_already_shared":true,"jetpack_social_options":{"image_generator_settings":{"template":"highway","default_image_id":0,"font":"","enabled":false},"version":2}},"categories":[1908,4],"tags":[432,45],"class_list":["post-4447","post","type-post","status-publish","format-standard","has-post-thumbnail","hentry","category-derechos-humanos","category-sociedad","tag-ddhh","tag-milei"],"jetpack_publicize_connections":[],"_links":{"self":[{"href":"https:\/\/www.enorsai.com\/noticias\/wp-json\/wp\/v2\/posts\/4447","targetHints":{"allow":["GET"]}}],"collection":[{"href":"https:\/\/www.enorsai.com\/noticias\/wp-json\/wp\/v2\/posts"}],"about":[{"href":"https:\/\/www.enorsai.com\/noticias\/wp-json\/wp\/v2\/types\/post"}],"author":[{"embeddable":true,"href":"https:\/\/www.enorsai.com\/noticias\/wp-json\/wp\/v2\/users\/1"}],"replies":[{"embeddable":true,"href":"https:\/\/www.enorsai.com\/noticias\/wp-json\/wp\/v2\/comments?post=4447"}],"version-history":[{"count":1,"href":"https:\/\/www.enorsai.com\/noticias\/wp-json\/wp\/v2\/posts\/4447\/revisions"}],"predecessor-version":[{"id":5956,"href":"https:\/\/www.enorsai.com\/noticias\/wp-json\/wp\/v2\/posts\/4447\/revisions\/5956"}],"wp:featuredmedia":[{"embeddable":true,"href":"https:\/\/www.enorsai.com\/noticias\/wp-json\/wp\/v2\/media\/4446"}],"wp:attachment":[{"href":"https:\/\/www.enorsai.com\/noticias\/wp-json\/wp\/v2\/media?parent=4447"}],"wp:term":[{"taxonomy":"category","embeddable":true,"href":"https:\/\/www.enorsai.com\/noticias\/wp-json\/wp\/v2\/categories?post=4447"},{"taxonomy":"post_tag","embeddable":true,"href":"https:\/\/www.enorsai.com\/noticias\/wp-json\/wp\/v2\/tags?post=4447"}],"curies":[{"name":"wp","href":"https:\/\/api.w.org\/{rel}","templated":true}]}}