{"id":4438,"date":"2025-05-22T11:18:04","date_gmt":"2025-05-22T14:18:04","guid":{"rendered":"http:\/\/www.enorsai.com\/noticias\/?p=4438"},"modified":"2025-05-22T11:18:04","modified_gmt":"2025-05-22T14:18:04","slug":"jujuy-la-empresa-ledesma-despidio-a-165-trabajadores-en-febrero-y-ahora-suma-146-mas","status":"publish","type":"post","link":"https:\/\/www.enorsai.com\/noticias\/economia\/jujuy-la-empresa-ledesma-despidio-a-165-trabajadores-en-febrero-y-ahora-suma-146-mas\/","title":{"rendered":"Jujuy: La empresa Ledesma despidi\u00f3 a 165 trabajadores en febrero, y ahora suma 146 m\u00e1s"},"content":{"rendered":"\n<p>En medio de un contexto econ\u00f3mico adverso, el Ingenio Ledesma, propiedad de la familia Blaquier, ha iniciado un plan de ajuste que ha dejado sin empleo a m\u00e1s de 300 trabajadores en Jujuy. La empresa alega la necesidad de \u00abmejorar la competitividad\u00bb, mientras que los sindicatos denuncian una estrategia para debilitar las negociaciones paritarias y precarizar las condiciones laborales.<\/p>\n\n\n\n<p>La crisis econ\u00f3mica que atraviesa Argentina ha golpeado con fuerza a la provincia de Jujuy, y en particular, a la ciudad de Libertador General San Mart\u00edn, donde el Ingenio Ledesma es el principal motor econ\u00f3mico. En febrero, la empresa despidi\u00f3 a 165 trabajadores, y recientemente, ha sumado 146 desvinculaciones m\u00e1s, afectando a empleados de distintas \u00e1reas, incluidos profesionales y cargos jer\u00e1rquicos.<\/p>\n\n\n\n<p>Seg\u00fan la empresa, los despidos son parte de un plan de ajuste necesario para enfrentar un \u00abescenario complejo\u00bb en el plano local e internacional. Argumentan que los costos de producci\u00f3n han aumentado significativamente, mientras que los precios del az\u00facar han disminuido, tanto en el mercado interno como en el internacional. Adem\u00e1s, se\u00f1alan que los salarios aumentaron un 220% en 2024, superando la inflaci\u00f3n del mismo a\u00f1o.<\/p>\n\n\n\n<p>Sin embargo, desde el Sindicato de Obreros y Empleados del Az\u00facar del Ingenio Ledesma (SOEAIL), denuncian que estos despidos son injustificados y buscan debilitar las negociaciones paritarias. El secretario general del sindicato, Luciano Lezano, ha expresado que la empresa no ha brindado explicaciones claras sobre las desvinculaciones y que muchos trabajadores fueron despedidos sin causa.<\/p>\n\n\n\n<p>La situaci\u00f3n ha generado un clima de incertidumbre y temor entre los trabajadores y la comunidad en general. Libertador General San Mart\u00edn, con una poblaci\u00f3n de aproximadamente 92.000 habitantes, depende en gran medida de los sueldos que paga el Ingenio Ledesma. El comercio local se ve afectado directamente por las decisiones de la empresa, y el silencio de las autoridades pol\u00edticas frente a esta situaci\u00f3n ha generado indignaci\u00f3n.<\/p>\n\n\n\n<p>Adem\u00e1s, se han denunciado condiciones laborales precarias dentro de la empresa. Trabajadores han reportado jornadas de hasta 16 horas sin pago de horas extra ni provisi\u00f3n de alimentos, en condiciones de alta temperatura y sin ventilaci\u00f3n adecuada. Estas pr\u00e1cticas han sido calificadas como explotaci\u00f3n laboral y han generado reclamos por parte de los empleados.<\/p>\n\n\n\n<p>El gobierno nacional, liderado por Javier Milei, ha adoptado una postura de no intervenci\u00f3n en conflictos laborales, lo que ha sido criticado por los sindicatos y la oposici\u00f3n. La falta de acci\u00f3n por parte de las autoridades provinciales y nacionales ha dejado a los trabajadores en una situaci\u00f3n de vulnerabilidad.<\/p>\n\n\n<ul class=\"wp-block-latest-posts__list is-grid columns-3 wp-block-latest-posts\"><li><div class=\"wp-block-latest-posts__featured-image\"><img loading=\"lazy\" decoding=\"async\" width=\"300\" height=\"185\" src=\"https:\/\/www.enorsai.com\/noticias\/wp-content\/uploads\/2025\/07\/20250704-gas-300x185.webp\" class=\"attachment-medium size-medium wp-post-image\" alt=\"\" style=\"\" srcset=\"https:\/\/www.enorsai.com\/noticias\/wp-content\/uploads\/2025\/07\/20250704-gas-300x185.webp 300w, https:\/\/www.enorsai.com\/noticias\/wp-content\/uploads\/2025\/07\/20250704-gas.webp 760w\" sizes=\"auto, (max-width: 300px) 100vw, 300px\" \/><\/div><a class=\"wp-block-latest-posts__post-title\" href=\"https:\/\/www.enorsai.com\/noticias\/politica\/milei-lo-hizo-hay-desabastecimiento-de-gas-y-limitan-la-venta-de-gnc\/\">Milei lo hizo: hay desabastecimiento de gas y limitan la venta de GNC<\/a><\/li>\n<li><div class=\"wp-block-latest-posts__featured-image\"><img loading=\"lazy\" decoding=\"async\" width=\"300\" height=\"200\" src=\"https:\/\/www.enorsai.com\/noticias\/wp-content\/uploads\/2026\/04\/kicillof-salud-300x200.jpg\" class=\"attachment-medium size-medium wp-post-image\" alt=\"\" style=\"\" srcset=\"https:\/\/www.enorsai.com\/noticias\/wp-content\/uploads\/2026\/04\/kicillof-salud-300x200.jpg 300w, https:\/\/www.enorsai.com\/noticias\/wp-content\/uploads\/2026\/04\/kicillof-salud-1024x683.jpg 1024w, https:\/\/www.enorsai.com\/noticias\/wp-content\/uploads\/2026\/04\/kicillof-salud-768x512.jpg 768w, https:\/\/www.enorsai.com\/noticias\/wp-content\/uploads\/2026\/04\/kicillof-salud-600x400.jpg 600w, https:\/\/www.enorsai.com\/noticias\/wp-content\/uploads\/2026\/04\/kicillof-salud.jpg 1068w\" sizes=\"auto, (max-width: 300px) 100vw, 300px\" \/><\/div><a class=\"wp-block-latest-posts__post-title\" href=\"https:\/\/www.enorsai.com\/noticias\/sociedad\/salud\/kicillof-refuerza-la-entrega-de-medicamentos-ante-el-ajuste-de-milei\/\">Kicillof refuerza la entrega de medicamentos ante el ajuste de Milei<\/a><\/li>\n<li><div class=\"wp-block-latest-posts__featured-image\"><img loading=\"lazy\" decoding=\"async\" width=\"300\" height=\"169\" src=\"https:\/\/www.enorsai.com\/noticias\/wp-content\/uploads\/2026\/04\/La-cantidad-de-locales-vacios-crecio-385-en-la-Ciudad-de-Buenos-Aires-300x169.png\" class=\"attachment-medium size-medium wp-post-image\" alt=\"\" style=\"\" srcset=\"https:\/\/www.enorsai.com\/noticias\/wp-content\/uploads\/2026\/04\/La-cantidad-de-locales-vacios-crecio-385-en-la-Ciudad-de-Buenos-Aires-300x169.png 300w, https:\/\/www.enorsai.com\/noticias\/wp-content\/uploads\/2026\/04\/La-cantidad-de-locales-vacios-crecio-385-en-la-Ciudad-de-Buenos-Aires-768x432.png 768w, https:\/\/www.enorsai.com\/noticias\/wp-content\/uploads\/2026\/04\/La-cantidad-de-locales-vacios-crecio-385-en-la-Ciudad-de-Buenos-Aires.png 960w\" sizes=\"auto, (max-width: 300px) 100vw, 300px\" \/><\/div><a class=\"wp-block-latest-posts__post-title\" href=\"https:\/\/www.enorsai.com\/noticias\/economia\/la-cantidad-de-locales-vacios-crecio-385-en-la-ciudad-de-buenos-aires\/\">La cantidad de locales vac\u00edos creci\u00f3 38,5% en la Ciudad de Buenos Aires<\/a><\/li>\n<\/ul>\n\n\n<p>La comunidad de Libertador General San Mart\u00edn se encuentra en estado de alerta, y se han realizado protestas y ollas populares en reclamo de la reincorporaci\u00f3n de los trabajadores despedidos. El sindicato ha anunciado un plan de lucha para defender los puestos de trabajo y exigir respuestas tanto a la empresa como a las autoridades.<\/p>\n\n\n\n<p>En este contexto, es fundamental que se tomen medidas para proteger los derechos de los trabajadores y garantizar condiciones laborales dignas. La situaci\u00f3n en el Ingenio Ledesma es un reflejo de las dificultades que enfrenta el sector agroindustrial en Argentina y de la necesidad de pol\u00edticas p\u00fablicas que promuevan el empleo y el desarrollo econ\u00f3mico en las regiones m\u00e1s afectadas.<\/p>\n\n\n\n<p>Fuentes:<\/p>\n\n\n\n<ul class=\"wp-block-list\">\n<li><a href=\"https:\/\/www.quepasajujuy.com.ar\/politica\/despidos-en-el-ingenio-ledesma-165-trabajadores-quedaron-sin-empleo\/?utm_source=chatgpt.com\">https:\/\/www.quepasajujuy.com.ar\/politica\/despidos-en-el-ingenio-ledesma-165-trabajadores-quedaron-sin-empleo\/<\/a><\/li>\n\n\n\n<li><a href=\"https:\/\/www.eldestapeweb.com\/sociedad\/despidos\/ledesma-despidio-a-centenares-de-trabajadores-por-la-crisis-del-consumo-2025225133442?utm_source=chatgpt.com\">https:\/\/www.eldestapeweb.com\/sociedad\/despidos\/ledesma-despidio-a-centenares-de-trabajadores-por-la-crisis-del-consumo-2025225133442<\/a><\/li>\n\n\n\n<li><a href=\"https:\/\/www.lanacion.com.ar\/economia\/campo\/ajuste-el-grupo-ledesma-despidio-a-165-trabajadores-y-hablo-de-un-escenario-complejo-en-el-negocio-nid25022025\/?utm_source=chatgpt.com\">https:\/\/www.lanacion.com.ar\/economia\/campo\/ajuste-el-grupo-ledesma-despidio-a-165-trabajadores-y-hablo-de-un-escenario-complejo-en-el-negocio-nid25022025\/<\/a><\/li>\n\n\n\n<li><a href=\"https:\/\/eltribunodejujuy.com\/economia\/2025-2-25-20-43-0-ledesma-despide-a-165-trabajadores-para-mejorar-competitividad?utm_source=chatgpt.com\">https:\/\/eltribunodejujuy.com\/economia\/2025-2-25-20-43-0-ledesma-despide-a-165-trabajadores-para-mejorar-competitividad<\/a><\/li>\n\n\n\n<li><a href=\"https:\/\/www.mdzol.com\/dinero\/2025\/2\/25\/plan-de-ajuste-la-razon-por-la-que-ledesma-despidio-165-trabajadores-1190553-amp.html?utm_source=chatgpt.com\">https:\/\/www.mdzol.com\/dinero\/2025\/2\/25\/plan-de-ajuste-la-razon-por-la-que-ledesma-despidio-165-trabajadores-1190553-amp.html<\/a><\/li>\n\n\n\n<li><a href=\"https:\/\/gestionsindical.com\/jujuy-trabajadores-ledesma-denuncian-que-los-obligaron-trabajar-16-horas-comida-pago-extra\/?utm_source=chatgpt.com\">https:\/\/gestionsindical.com\/jujuy-trabajadores-ledesma-denuncian-que-los-obligaron-trabajar-16-horas-comida-pago-extra\/<\/a><\/li>\n\n\n\n<li><a href=\"https:\/\/www.jujuydice.com.ar\/noticias\/jujuy-3\/marcha-y-olla-popular-el-reclamo-de-azucareros-por-los-despidos-en-ingenio-ledesma-55611?utm_source=chatgpt.com\">https:\/\/www.jujuydice.com.ar\/noticias\/jujuy-3\/marcha-y-olla-popular-el-reclamo-de-azucareros-por-los-despidos-en-ingenio-ledesma-55611<\/a><\/li>\n<\/ul>\n","protected":false},"excerpt":{"rendered":"<p>En medio de un contexto econ\u00f3mico adverso, el Ingenio Ledesma, propiedad de la familia Blaquier, ha iniciado un plan de ajuste que ha dejado sin empleo a m\u00e1s de 300 trabajadores en Jujuy. La empresa alega la necesidad de \u00abmejorar la competitividad\u00bb, mientras que los sindicatos denuncian una estrategia para debilitar las negociaciones paritarias y&#8230;<\/p>\n","protected":false},"author":1,"featured_media":4439,"comment_status":"open","ping_status":"open","sticky":false,"template":"","format":"standard","meta":{"_monsterinsights_skip_tracking":false,"_monsterinsights_sitenote_active":false,"_monsterinsights_sitenote_note":"","_monsterinsights_sitenote_category":0,"footnotes":"","jetpack_publicize_message":"\ud83d\udd34 #Ledesma despidi\u00f3 a m\u00e1s de 300 trabajadores en Jujuy, dejando a una comunidad en crisis. El silencio del gobierno y las condiciones laborales precarias exigen una respuesta urgente. Conoc\u00e9 m\u00e1s sobre esta situaci\u00f3n que afecta a miles de familias.","jetpack_publicize_feature_enabled":true,"jetpack_social_post_already_shared":false,"jetpack_social_options":{"image_generator_settings":{"template":"highway","enabled":false},"version":2}},"categories":[3,4],"tags":[58,1504,1505,43,193,1052,1503,45,413,292],"class_list":["post-4438","post","type-post","status-publish","format-standard","has-post-thumbnail","hentry","category-economia","category-sociedad","tag-ajuste","tag-azucarera","tag-blaquier","tag-crisis","tag-despidos","tag-jujuy","tag-ledesma","tag-milei","tag-sindicato","tag-trabajadores"],"jetpack_publicize_connections":[],"_links":{"self":[{"href":"https:\/\/www.enorsai.com\/noticias\/wp-json\/wp\/v2\/posts\/4438","targetHints":{"allow":["GET"]}}],"collection":[{"href":"https:\/\/www.enorsai.com\/noticias\/wp-json\/wp\/v2\/posts"}],"about":[{"href":"https:\/\/www.enorsai.com\/noticias\/wp-json\/wp\/v2\/types\/post"}],"author":[{"embeddable":true,"href":"https:\/\/www.enorsai.com\/noticias\/wp-json\/wp\/v2\/users\/1"}],"replies":[{"embeddable":true,"href":"https:\/\/www.enorsai.com\/noticias\/wp-json\/wp\/v2\/comments?post=4438"}],"version-history":[{"count":1,"href":"https:\/\/www.enorsai.com\/noticias\/wp-json\/wp\/v2\/posts\/4438\/revisions"}],"predecessor-version":[{"id":4440,"href":"https:\/\/www.enorsai.com\/noticias\/wp-json\/wp\/v2\/posts\/4438\/revisions\/4440"}],"wp:featuredmedia":[{"embeddable":true,"href":"https:\/\/www.enorsai.com\/noticias\/wp-json\/wp\/v2\/media\/4439"}],"wp:attachment":[{"href":"https:\/\/www.enorsai.com\/noticias\/wp-json\/wp\/v2\/media?parent=4438"}],"wp:term":[{"taxonomy":"category","embeddable":true,"href":"https:\/\/www.enorsai.com\/noticias\/wp-json\/wp\/v2\/categories?post=4438"},{"taxonomy":"post_tag","embeddable":true,"href":"https:\/\/www.enorsai.com\/noticias\/wp-json\/wp\/v2\/tags?post=4438"}],"curies":[{"name":"wp","href":"https:\/\/api.w.org\/{rel}","templated":true}]}}