{"id":4423,"date":"2025-05-22T08:32:23","date_gmt":"2025-05-22T11:32:23","guid":{"rendered":"https:\/\/www.enorsai.com\/noticias\/?p=4423"},"modified":"2025-05-22T08:32:23","modified_gmt":"2025-05-22T11:32:23","slug":"nueva-protesta-universitaria-docentes-y-alumnos-salen-a-la-calle","status":"publish","type":"post","link":"https:\/\/www.enorsai.com\/noticias\/politica\/nueva-protesta-universitaria-docentes-y-alumnos-salen-a-la-calle\/","title":{"rendered":"Nueva protesta universitaria: docentes y alumnos salen a la calle"},"content":{"rendered":"\n<p>Con sueldos por el piso y presupuesto al l\u00edmite, la UBA vuelve a marchar: \u201cLa universidad p\u00fablica est\u00e1 en peligro\u201d. Enterate qu\u00e9 reclaman y cu\u00e1ndo.<\/p>\n\n\n\n<p>Este jueves, la Universidad de Buenos Aires (UBA) volver\u00e1 a ocupar las calles porte\u00f1as con una masiva movilizaci\u00f3n que partir\u00e1 desde la Plaza Houssay hasta el Palacio Pizzurno, sede de la Secretar\u00eda de Educaci\u00f3n. La protesta, encabezada por personal docente, no docente y alumnos, busca denunciar el deterioro salarial y exigir mayor presupuesto para el sistema universitario.<\/p>\n\n\n\n<p>Milei limit\u00f3 el derecho a huelga con un nuevo DNU<\/p>\n\n\n\n<p>\u201cLa universidad p\u00fablica est\u00e1 en peligro\u201d, advirtieron gremios y referentes acad\u00e9micos que participar\u00e1n de la medida. La convocatoria se suma al paro nacional universitario impulsado por la Conadu Hist\u00f3rica y replica el reclamo en otras provincias como Santa Fe, C\u00f3rdoba y Tucum\u00e1n.<\/p>\n\n\n\n<p>Un sistema \u201cen peligro\u201d: los reclamos de docentes y no docentes<\/p>\n\n\n\n<p>Desde las 12:30, gremios como Apuba y Aduba encabezar\u00e1n la marcha. La actividad ser\u00e1 precedida por un cese de tareas a las 11, en el marco de un plan de lucha que apunta directamente al Gobierno nacional.<\/p>\n\n\n\n<p>\u201cEl ahogo presupuestario es calamitoso\u201d, alert\u00f3 Marcelo Bornand, delegado general de Apuba. Seg\u00fan detall\u00f3, los fondos para funcionamiento apenas cubren gastos m\u00ednimos. \u201cDespu\u00e9s de la primera Marcha Federal Universitaria no cambi\u00f3 nada. Hoy cuesta hasta reponer un bol\u00edgrafo o arreglar un banco\u201d, remarc\u00f3.<\/p>\n\n\n\n<p>Por su parte, Emiliano Cagnacci, secretario general de Aduba, sostuvo que la infraestructura universitaria se encuentra al l\u00edmite. \u201cNo hay inversi\u00f3n. Las aulas est\u00e1n deterioradas, los pizarrones no se reemplazan y los bancos rotos siguen ah\u00ed\u201d, expres\u00f3.<\/p>\n\n\n\n<p>Salarios por el piso y fuga de docentes<\/p>\n\n\n\n<p>Uno de los ejes m\u00e1s cr\u00edticos del reclamo es la p\u00e9rdida de poder adquisitivo. Desde que Javier Milei asumi\u00f3 la presidencia, los aumentos otorgados al sector universitario estuvieron por debajo de la inflaci\u00f3n en todos los meses: 1,5% en enero, 1,2% en febrero, 1,3% en marzo y 1,3% en abril. Laura Carboni, docente del CBC y del Colegio Carlos Pellegrini, detall\u00f3 que la p\u00e9rdida salarial alcanza el 40%. \u201cMuchos docentes est\u00e1n dejando horas en la universidad para irse a trabajar a lugares que paguen mejor. La situaci\u00f3n es asfixiante\u201d, expres\u00f3.<\/p>\n\n\n\n<p>Las cifras son contundentes: un profesor titular con 40 horas semanales cobra $1.300.000, mientras que un ayudante con 10 horas percibe apenas $184.000. En los colegios preuniversitarios como el Nacional Buenos Aires o el Pellegrini, los docentes con 15 horas c\u00e1tedra ganan $475.000.<\/p>\n\n\n\n<p><a href=\"https:\/\/grupolaprovincia.com\/contenido\/585509\/nueva-protesta-universitaria-docentes-y-alumnos-salen-a-la-calle\">Por Juan Manuel Villarreal para Grupo La Provincia<\/a><\/p>\n","protected":false},"excerpt":{"rendered":"<p>Con sueldos por el piso y presupuesto al l\u00edmite, la UBA vuelve a marchar: \u201cLa universidad p\u00fablica est\u00e1 en peligro\u201d. Enterate qu\u00e9 reclaman y cu\u00e1ndo. Este jueves, la Universidad de Buenos Aires (UBA) volver\u00e1 a ocupar las calles porte\u00f1as con una masiva movilizaci\u00f3n que partir\u00e1 desde la Plaza Houssay hasta el Palacio Pizzurno, sede de&#8230;<\/p>\n","protected":false},"author":5,"featured_media":4424,"comment_status":"open","ping_status":"open","sticky":false,"template":"","format":"standard","meta":{"_monsterinsights_skip_tracking":false,"_monsterinsights_sitenote_active":false,"_monsterinsights_sitenote_note":"","_monsterinsights_sitenote_category":0,"footnotes":"","jetpack_publicize_message":"","jetpack_publicize_feature_enabled":true,"jetpack_social_post_already_shared":true,"jetpack_social_options":{"image_generator_settings":{"template":"highway","default_image_id":0,"font":"","enabled":false},"version":2}},"categories":[2],"tags":[58,43,908],"class_list":["post-4423","post","type-post","status-publish","format-standard","has-post-thumbnail","hentry","category-politica","tag-ajuste","tag-crisis","tag-universidades-publicas"],"jetpack_publicize_connections":[],"_links":{"self":[{"href":"https:\/\/www.enorsai.com\/noticias\/wp-json\/wp\/v2\/posts\/4423","targetHints":{"allow":["GET"]}}],"collection":[{"href":"https:\/\/www.enorsai.com\/noticias\/wp-json\/wp\/v2\/posts"}],"about":[{"href":"https:\/\/www.enorsai.com\/noticias\/wp-json\/wp\/v2\/types\/post"}],"author":[{"embeddable":true,"href":"https:\/\/www.enorsai.com\/noticias\/wp-json\/wp\/v2\/users\/5"}],"replies":[{"embeddable":true,"href":"https:\/\/www.enorsai.com\/noticias\/wp-json\/wp\/v2\/comments?post=4423"}],"version-history":[{"count":1,"href":"https:\/\/www.enorsai.com\/noticias\/wp-json\/wp\/v2\/posts\/4423\/revisions"}],"predecessor-version":[{"id":4425,"href":"https:\/\/www.enorsai.com\/noticias\/wp-json\/wp\/v2\/posts\/4423\/revisions\/4425"}],"wp:featuredmedia":[{"embeddable":true,"href":"https:\/\/www.enorsai.com\/noticias\/wp-json\/wp\/v2\/media\/4424"}],"wp:attachment":[{"href":"https:\/\/www.enorsai.com\/noticias\/wp-json\/wp\/v2\/media?parent=4423"}],"wp:term":[{"taxonomy":"category","embeddable":true,"href":"https:\/\/www.enorsai.com\/noticias\/wp-json\/wp\/v2\/categories?post=4423"},{"taxonomy":"post_tag","embeddable":true,"href":"https:\/\/www.enorsai.com\/noticias\/wp-json\/wp\/v2\/tags?post=4423"}],"curies":[{"name":"wp","href":"https:\/\/api.w.org\/{rel}","templated":true}]}}