{"id":4422,"date":"2025-05-22T08:42:01","date_gmt":"2025-05-22T11:42:01","guid":{"rendered":"http:\/\/www.enorsai.com\/noticias\/?p=4422"},"modified":"2025-05-22T08:42:01","modified_gmt":"2025-05-22T11:42:01","slug":"misiones-crece-el-contrabando-de-productos-que-cruzan-ilegalmente-desde-brasil-y-paraguay-preocupando-al-sector-comercial","status":"publish","type":"post","link":"https:\/\/www.enorsai.com\/noticias\/sociedad\/misiones-crece-el-contrabando-de-productos-que-cruzan-ilegalmente-desde-brasil-y-paraguay-preocupando-al-sector-comercial\/","title":{"rendered":"Misiones: Crece el contrabando de productos que cruzan ilegalmente desde Brasil y Paraguay preocupando al sector comercial"},"content":{"rendered":"\n<p>La brecha cambiaria, la desregulaci\u00f3n del comercio y la ausencia de controles eficaces empujan al contrabando como respuesta desesperada en las zonas de frontera. C\u00e1maras empresarias de Misiones alertan sobre la ca\u00edda de ventas legales, la p\u00e9rdida de empleo y el ingreso de alimentos sin trazabilidad sanitaria. En paralelo, el modelo libertario festeja la competencia, aunque sea a costa de la seguridad alimentaria y el entramado productivo local.<\/p>\n\n\n\n<p>En los m\u00e1rgenes del pa\u00eds, donde la l\u00ednea entre lo legal y lo informal es cada vez m\u00e1s difusa, crece un fen\u00f3meno que amenaza con devorar al comercio formal, a las industrias locales y, sobre todo, al sentido com\u00fan: el contrabando de productos b\u00e1sicos, especialmente alimentos, desde Brasil y Paraguay hacia Argentina. Esta pr\u00e1ctica, lejos de ser nueva, ha encontrado un caldo de cultivo perfecto en la actual pol\u00edtica econ\u00f3mica del gobierno de Javier Milei, que, mientras predica la libertad de mercado, abandona deliberadamente cualquier intento de regulaci\u00f3n o protecci\u00f3n del comercio nacional.<\/p>\n\n\n\n<p>Los testimonios que emergen desde las c\u00e1maras de comercio de ciudades fronterizas como Bernardo de Irigoyen o San Javier no dejan margen para la duda. Las g\u00f3ndolas de peque\u00f1os autoservicios se est\u00e1n llenando \u2014sin que nadie lo impida\u2014 de productos que cruzan ilegalmente por pasos fluviales o trochas clandestinas. L\u00e1cteos, carnes, bebidas, snacks, electrodom\u00e9sticos: todo cabe en una econom\u00eda paralela que crece al calor de la desidia estatal y la desesperaci\u00f3n social.<\/p>\n\n\n\n<p>La situaci\u00f3n es cr\u00edtica. Carlos Amores, presidente de la C\u00e1mara de Comercio e Industria de Posadas (CCIP), puso blanco sobre negro: \u201cLos supermercados registran una ca\u00edda entre el 25% y 30% en ventas de alimentos\u201d. \u00bfLa raz\u00f3n? La llegada constante de productos paraguayos, m\u00e1s baratos gracias a la brecha cambiaria y a la ausencia de cargas impositivas. En otras palabras, los comercios legales est\u00e1n compitiendo contra una red de contrabando que no paga impuestos, que no cumple normas sanitarias y que se mueve con total impunidad.<\/p>\n\n\n\n<p>Este panorama pone al descubierto una de las principales contradicciones del modelo libertario: mientras se celebran las supuestas \u201ceficiencias del mercado\u201d, se deja a la deriva a las econom\u00edas regionales, a los peque\u00f1os y medianos empresarios y al consumidor, que termina siendo el eslab\u00f3n m\u00e1s vulnerable de la cadena. Porque no se trata s\u00f3lo de competencia desleal. Tambi\u00e9n est\u00e1 en juego la salud p\u00fablica.<\/p>\n\n\n\n<p>\u201cNos preocupa mucho lo que est\u00e1 pasando, porque no es solo alimentos: tambi\u00e9n se ven electrodom\u00e9sticos\u201d, afirma Adri\u00e1n Lasinski, presidente de la C\u00e1mara de Comercio de San Javier. Seg\u00fan su denuncia, hay productos comercializados por redes informales desde Buenos Aires, pero que en realidad provienen de Paraguay. Es decir, no s\u00f3lo se trata de una cuesti\u00f3n local: el contrabando se esparce como una mancha de aceite hacia el centro del pa\u00eds.<\/p>\n\n\n\n<p>Lasinski no escatima palabras: \u201cCreemos que traen los alimentos en canoas, y hay un tiempo importante entre que salen de all\u00e1 y arriban. Por ende, hay una p\u00e9rdida importante en la cadena de fr\u00edo\u201d. Esta frase deber\u00eda encender todas las alarmas. La carne o los l\u00e1cteos que se venden en esas condiciones no s\u00f3lo son ilegales; son directamente peligrosos para la salud.<\/p>\n\n\n\n<p>Mientras tanto, desde el gobierno nacional, no hay se\u00f1ales. Javier Milei, que se jacta de \u201cdinamitar el Estado\u201d, ha retirado el pie del acelerador del control p\u00fablico. Las fuerzas de seguridad no dan abasto y los municipios \u2014asfixiados financieramente\u2014 poco pueden hacer. El contrabando no es s\u00f3lo tolerado: es una consecuencia directa del proyecto pol\u00edtico en curso, que entiende cualquier regulaci\u00f3n como un obst\u00e1culo para \u201cel libre mercado\u201d.<\/p>\n\n\n<ul class=\"wp-block-latest-posts__list is-grid columns-3 wp-block-latest-posts\"><li><div class=\"wp-block-latest-posts__featured-image\"><img loading=\"lazy\" decoding=\"async\" width=\"300\" height=\"185\" src=\"https:\/\/www.enorsai.com\/noticias\/wp-content\/uploads\/2025\/07\/20250704-gas-300x185.webp\" class=\"attachment-medium size-medium wp-post-image\" alt=\"\" style=\"\" srcset=\"https:\/\/www.enorsai.com\/noticias\/wp-content\/uploads\/2025\/07\/20250704-gas-300x185.webp 300w, https:\/\/www.enorsai.com\/noticias\/wp-content\/uploads\/2025\/07\/20250704-gas.webp 760w\" sizes=\"auto, (max-width: 300px) 100vw, 300px\" \/><\/div><a class=\"wp-block-latest-posts__post-title\" href=\"https:\/\/www.enorsai.com\/noticias\/politica\/milei-lo-hizo-hay-desabastecimiento-de-gas-y-limitan-la-venta-de-gnc\/\">Milei lo hizo: hay desabastecimiento de gas y limitan la venta de GNC<\/a><\/li>\n<li><div class=\"wp-block-latest-posts__featured-image\"><img loading=\"lazy\" decoding=\"async\" width=\"300\" height=\"200\" src=\"https:\/\/www.enorsai.com\/noticias\/wp-content\/uploads\/2026\/04\/kicillof-salud-300x200.jpg\" class=\"attachment-medium size-medium wp-post-image\" alt=\"\" style=\"\" srcset=\"https:\/\/www.enorsai.com\/noticias\/wp-content\/uploads\/2026\/04\/kicillof-salud-300x200.jpg 300w, https:\/\/www.enorsai.com\/noticias\/wp-content\/uploads\/2026\/04\/kicillof-salud-1024x683.jpg 1024w, https:\/\/www.enorsai.com\/noticias\/wp-content\/uploads\/2026\/04\/kicillof-salud-768x512.jpg 768w, https:\/\/www.enorsai.com\/noticias\/wp-content\/uploads\/2026\/04\/kicillof-salud-600x400.jpg 600w, https:\/\/www.enorsai.com\/noticias\/wp-content\/uploads\/2026\/04\/kicillof-salud.jpg 1068w\" sizes=\"auto, (max-width: 300px) 100vw, 300px\" \/><\/div><a class=\"wp-block-latest-posts__post-title\" href=\"https:\/\/www.enorsai.com\/noticias\/sociedad\/salud\/kicillof-refuerza-la-entrega-de-medicamentos-ante-el-ajuste-de-milei\/\">Kicillof refuerza la entrega de medicamentos ante el ajuste de Milei<\/a><\/li>\n<li><div class=\"wp-block-latest-posts__featured-image\"><img loading=\"lazy\" decoding=\"async\" width=\"300\" height=\"169\" src=\"https:\/\/www.enorsai.com\/noticias\/wp-content\/uploads\/2026\/04\/La-cantidad-de-locales-vacios-crecio-385-en-la-Ciudad-de-Buenos-Aires-300x169.png\" class=\"attachment-medium size-medium wp-post-image\" alt=\"\" style=\"\" srcset=\"https:\/\/www.enorsai.com\/noticias\/wp-content\/uploads\/2026\/04\/La-cantidad-de-locales-vacios-crecio-385-en-la-Ciudad-de-Buenos-Aires-300x169.png 300w, https:\/\/www.enorsai.com\/noticias\/wp-content\/uploads\/2026\/04\/La-cantidad-de-locales-vacios-crecio-385-en-la-Ciudad-de-Buenos-Aires-768x432.png 768w, https:\/\/www.enorsai.com\/noticias\/wp-content\/uploads\/2026\/04\/La-cantidad-de-locales-vacios-crecio-385-en-la-Ciudad-de-Buenos-Aires.png 960w\" sizes=\"auto, (max-width: 300px) 100vw, 300px\" \/><\/div><a class=\"wp-block-latest-posts__post-title\" href=\"https:\/\/www.enorsai.com\/noticias\/economia\/la-cantidad-de-locales-vacios-crecio-385-en-la-ciudad-de-buenos-aires\/\">La cantidad de locales vac\u00edos creci\u00f3 38,5% en la Ciudad de Buenos Aires<\/a><\/li>\n<\/ul>\n\n\n<p>En este contexto, el programa \u201cAhora G\u00f3ndola\u201d, implementado en Bernardo de Irigoyen para paliar las asimetr\u00edas, suena a curita sobre una hemorragia. Aunque permite a los comercios vender productos de la canasta b\u00e1sica a precios subsidiados, no alcanza para frenar la marea de productos ilegales que inundan la frontera. La iniciativa es provincial, aislada y con recursos limitados. La Naci\u00f3n, por su parte, parece m\u00e1s interesada en mantener su narrativa de ajuste y dolarizaci\u00f3n que en atender una crisis que erosiona los pilares de la soberan\u00eda alimentaria.<\/p>\n\n\n\n<p>Los grandes supermercados, por ahora, se muestran inmunes. Desde el Hiper Libertad, su gerente Ricardo Arrieta asegur\u00f3 que no manejan productos ilegales. Lo mismo dijeron desde California y Diarco, aunque esta \u00faltima admite tener carne brasile\u00f1a en sus mostradores a un precio sensiblemente menor que la nacional. Aqu\u00ed aparece otra arista del problema: incluso los comercios formales est\u00e1n empezando a mirar con simpat\u00eda el ingreso de productos importados, legales o no, como forma de sobrevivir al desplome del poder adquisitivo.<\/p>\n\n\n\n<p>Porque, dig\u00e1moslo sin rodeos: el verdadero motor del contrabando no es la picard\u00eda criolla ni la \u201cineficiencia del Estado\u201d. Es el hambre. Es el ajuste salvaje que lleva adelante un gobierno obsesionado con los n\u00fameros pero indiferente a la realidad de las personas. Cuando un litro de leche nacional cuesta m\u00e1s del doble que uno tra\u00eddo de contrabando desde Paraguay, no se trata s\u00f3lo de econom\u00eda: se trata de dignidad.<\/p>\n\n\n\n<p>Los empresarios lo saben. Lo gritan en cada reuni\u00f3n, como la celebrada recientemente por la Confederaci\u00f3n Econ\u00f3mica de Misiones (CEM), donde se plantearon alternativas, pedidos y reclamos. Pero los o\u00eddos de la Casa Rosada est\u00e1n ocupados en otras melod\u00edas: las del mercado financiero, los fondos buitres y las promesas de Silicon Valley.<\/p>\n\n\n\n<p>Mientras tanto, en los m\u00e1rgenes del mapa, el pa\u00eds real se desangra. Las fronteras son coladores, los comercios cierran, los empleados pierden su trabajo, y los alimentos ilegales siguen llegando, sin cadena de fr\u00edo y sin responsabilidad sanitaria. No se trata de \u201ceficiencia\u201d ni de \u201ccompetencia\u201d. Se trata de un Estado que, por decisi\u00f3n ideol\u00f3gica, ha dejado de ser garante del bien com\u00fan.<\/p>\n\n\n\n<p>El contrabando es el s\u00edntoma, no la enfermedad. La enfermedad es un modelo econ\u00f3mico que desprecia la producci\u00f3n nacional, desarma los controles y convierte al ciudadano en cliente. Un modelo que, en nombre de la libertad, deja que cualquiera ponga lo que quiera en nuestras mesas, sin importar su procedencia ni su estado. En este sistema, el Estado no es garante; es espectador. Y los consumidores, con suerte, sobrevivientes.<\/p>\n\n\n\n<p>Fuente:<\/p>\n\n\n\n<ul class=\"wp-block-list\">\n<li><a href=\"https:\/\/www.elterritorio.com.ar\/noticias\/2025\/05\/22\/855528-crece-el-contrabando-de-productos-en-comercios-de-frontera-y-preocupa-al-sector-comercial\">https:\/\/www.elterritorio.com.ar\/noticias\/2025\/05\/22\/855528-crece-el-contrabando-de-productos-en-comercios-de-frontera-y-preocupa-al-sector-comercial<\/a><\/li>\n<\/ul>\n","protected":false},"excerpt":{"rendered":"<p>El contrabando de alimentos desde Paraguay y Brasil golpea con fuerza a los comercios de frontera. La desregulaci\u00f3n libertaria de Milei favorece este mercado ilegal, que pone en riesgo tanto la econom\u00eda local como la salud p\u00fablica. El Estado, reducido al m\u00ednimo, deja el terreno libre al caos comercial y sanitario.<\/p>\n","protected":false},"author":1,"featured_media":4426,"comment_status":"open","ping_status":"open","sticky":false,"template":"","format":"standard","meta":{"_monsterinsights_skip_tracking":false,"_monsterinsights_sitenote_active":false,"_monsterinsights_sitenote_note":"","_monsterinsights_sitenote_category":0,"footnotes":"","jetpack_publicize_message":"\ud83d\udea8 \u00a1Del otro lado del mostrador tambi\u00e9n hay peligro! Mientras Milei festeja su \"libre mercado\", en la frontera los comercios legales se funden y los alimentos sin control invaden nuestras mesas. \u00bfCompetencia o ruleta rusa sanitaria? \ud83c\udf56\ud83e\uddca\ud83c\udde6\ud83c\uddf7","jetpack_publicize_feature_enabled":true,"jetpack_social_post_already_shared":false,"jetpack_social_options":{"image_generator_settings":{"template":"highway","enabled":false},"version":2}},"categories":[4],"tags":[1497,1072,548,43,15,1498,1499,45,1259,249],"class_list":["post-4422","post","type-post","status-publish","format-standard","has-post-thumbnail","hentry","category-sociedad","tag-alimentos","tag-comercio","tag-contrabando","tag-crisis","tag-economia","tag-fronteras","tag-informalidad","tag-milei","tag-misiones","tag-salud"],"jetpack_publicize_connections":[],"_links":{"self":[{"href":"https:\/\/www.enorsai.com\/noticias\/wp-json\/wp\/v2\/posts\/4422","targetHints":{"allow":["GET"]}}],"collection":[{"href":"https:\/\/www.enorsai.com\/noticias\/wp-json\/wp\/v2\/posts"}],"about":[{"href":"https:\/\/www.enorsai.com\/noticias\/wp-json\/wp\/v2\/types\/post"}],"author":[{"embeddable":true,"href":"https:\/\/www.enorsai.com\/noticias\/wp-json\/wp\/v2\/users\/1"}],"replies":[{"embeddable":true,"href":"https:\/\/www.enorsai.com\/noticias\/wp-json\/wp\/v2\/comments?post=4422"}],"version-history":[{"count":1,"href":"https:\/\/www.enorsai.com\/noticias\/wp-json\/wp\/v2\/posts\/4422\/revisions"}],"predecessor-version":[{"id":4427,"href":"https:\/\/www.enorsai.com\/noticias\/wp-json\/wp\/v2\/posts\/4422\/revisions\/4427"}],"wp:featuredmedia":[{"embeddable":true,"href":"https:\/\/www.enorsai.com\/noticias\/wp-json\/wp\/v2\/media\/4426"}],"wp:attachment":[{"href":"https:\/\/www.enorsai.com\/noticias\/wp-json\/wp\/v2\/media?parent=4422"}],"wp:term":[{"taxonomy":"category","embeddable":true,"href":"https:\/\/www.enorsai.com\/noticias\/wp-json\/wp\/v2\/categories?post=4422"},{"taxonomy":"post_tag","embeddable":true,"href":"https:\/\/www.enorsai.com\/noticias\/wp-json\/wp\/v2\/tags?post=4422"}],"curies":[{"name":"wp","href":"https:\/\/api.w.org\/{rel}","templated":true}]}}