{"id":4415,"date":"2025-05-22T08:04:15","date_gmt":"2025-05-22T11:04:15","guid":{"rendered":"http:\/\/www.enorsai.com\/noticias\/?p=4415"},"modified":"2025-05-22T08:04:15","modified_gmt":"2025-05-22T11:04:15","slug":"una-huelga-total-paralizo-la-provincia-mas-austral-en-defensa-de-su-industria-electronica","status":"publish","type":"post","link":"https:\/\/www.enorsai.com\/noticias\/politica\/una-huelga-total-paralizo-la-provincia-mas-austral-en-defensa-de-su-industria-electronica\/","title":{"rendered":"Una huelga total paraliz\u00f3 la provincia m\u00e1s austral en defensa de su industria electr\u00f3nica"},"content":{"rendered":"\n<p><em><strong>Tierra del Fuego arde de dignidad: el paro que desaf\u00eda la entrega de Milei. Los trabajadores fueguinos se plantan ante un gobierno que, bajo las \u00f3rdenes del FMI, busca demoler soberan\u00eda, empleo y producci\u00f3n nacional.<\/strong><\/em><\/p>\n\n\n\n<p>El paro general del 21 de mayo marc\u00f3 un antes y un despu\u00e9s en la historia reciente de Tierra del Fuego. Con una provincia paralizada casi en su totalidad, miles de trabajadores alzaron su voz contra la pol\u00edtica entreguista de Javier Milei, que desmantela la industria nacional en favor de intereses externos. La resistencia fueguina volvi\u00f3 a encender una llama que amenaza con extenderse por todo el pa\u00eds.<\/p>\n\n\n\n<p>No fue un paro m\u00e1s. Lo que ocurri\u00f3 el 21 de mayo en Tierra del Fuego tiene el sabor agrio de la urgencia y el fuego sagrado de la dignidad. Mientras Javier Milei levanta banderas de \u201clibertad\u201d para justificar su programa de devastaci\u00f3n neoliberal, una provincia entera dijo basta. Y lo hizo a lo grande: con una huelga general que paraliz\u00f3 por completo las tres ciudades fueguinas, piquetes en supermercados, movilizaciones multitudinarias y un mensaje claro que retumb\u00f3 hasta en los pasillos del FMI.<\/p>\n\n\n\n<figure class=\"wp-block-image size-full\"><img loading=\"lazy\" decoding=\"async\" width=\"900\" height=\"600\" src=\"https:\/\/www.enorsai.com\/noticias\/wp-content\/uploads\/2025\/05\/image-29.png\" alt=\"\" class=\"wp-image-4416\" srcset=\"https:\/\/www.enorsai.com\/noticias\/wp-content\/uploads\/2025\/05\/image-29.png 900w, https:\/\/www.enorsai.com\/noticias\/wp-content\/uploads\/2025\/05\/image-29-300x200.png 300w, https:\/\/www.enorsai.com\/noticias\/wp-content\/uploads\/2025\/05\/image-29-768x512.png 768w\" sizes=\"auto, (max-width: 900px) 100vw, 900px\" \/><\/figure>\n\n\n\n<p class=\"has-text-align-center has-small-font-size\"><strong><em>Frente a Mirgor se realiz\u00f3 un acto en la ciudad de R\u00edo Grande.<\/em><\/strong><\/p>\n\n\n\n<p>La consigna fue contundente: <em>\u00abEn defensa de la soberan\u00eda, los puestos de trabajo y la industria nacional.\u00bb<\/em> Y no se trat\u00f3 de un grito vac\u00edo. Las f\u00e1bricas electr\u00f3nicas de la provincia, coraz\u00f3n productivo del sur argentino, est\u00e1n bajo ataque. El Gobierno nacional, en una nueva jugada de sumisi\u00f3n al Fondo Monetario, decidi\u00f3 eliminar los aranceles a la importaci\u00f3n de productos electr\u00f3nicos. El golpe es directo y brutal: significa desmantelar el polo industrial fueguino y condenar a miles de trabajadores al desempleo.<\/p>\n\n\n\n<p>Durante a\u00f1os, la isla ha sido sin\u00f3nimo de producci\u00f3n, empleo y arraigo. Pero para Milei y su s\u00e9quito libertario, Tierra del Fuego no es m\u00e1s que un escollo en su camino hacia una Argentina de saldo, dise\u00f1ada para la especulaci\u00f3n financiera, vaciada de industria y atada de pies y manos al capital extranjero. Bajo la l\u00f3gica de la motosierra, todo lo que se interpone entre los intereses globales y los recursos nacionales debe desaparecer.<\/p>\n\n\n\n<figure class=\"wp-block-image size-full\"><img loading=\"lazy\" decoding=\"async\" width=\"900\" height=\"600\" src=\"https:\/\/www.enorsai.com\/noticias\/wp-content\/uploads\/2025\/05\/image-30.png\" alt=\"\" class=\"wp-image-4417\" srcset=\"https:\/\/www.enorsai.com\/noticias\/wp-content\/uploads\/2025\/05\/image-30.png 900w, https:\/\/www.enorsai.com\/noticias\/wp-content\/uploads\/2025\/05\/image-30-300x200.png 300w, https:\/\/www.enorsai.com\/noticias\/wp-content\/uploads\/2025\/05\/image-30-768x512.png 768w\" sizes=\"auto, (max-width: 900px) 100vw, 900px\" \/><\/figure>\n\n\n\n<p class=\"has-text-align-center has-small-font-size\">La marcha en las calles de Ushuaia<\/p>\n\n\n\n<p>El documento le\u00eddo frente a la planta de Mirgor \u2013una de las m\u00e1s emblem\u00e1ticas del entramado industrial local\u2013 no dej\u00f3 lugar a dudas: <em>\u201cNos ponemos en pie de lucha ante este nuevo embate de un gobierno entreguista, que solo pretende el beneficio para un min\u00fasculo sector de la poblaci\u00f3n en contra del hambre, la miseria y la indignidad de las mayor\u00edas populares\u201d.<\/em> La frase, dura y certera, captura el sentimiento generalizado de traici\u00f3n que embarga a la provincia.<\/p>\n\n\n\n<p>No es una exageraci\u00f3n. La decisi\u00f3n de eliminar aranceles no s\u00f3lo pone en jaque a la industria fueguina, sino que representa la avanzada de un modelo econ\u00f3mico que desprecia la producci\u00f3n nacional. La Uni\u00f3n Obrera Metal\u00fargica, el Centro de Empleados de Comercio, Luz y Fuerza, los gremios docentes, judiciales, camioneros, estatales\u2026 todos se alinearon en un frente com\u00fan. Porque todos entienden que el ataque no es solo econ\u00f3mico: es cultural, simb\u00f3lico y pol\u00edtico.<\/p>\n\n\n\n<p>En Ushuaia, la protesta arranc\u00f3 en la planta 3 de Newsan y culmin\u00f3 con un acto en la Plaza C\u00edvica. En R\u00edo Grande, la UOM moviliz\u00f3 desde BGH hasta Mirgor. Y en Tolhuin, gremios y vecinos marcharon con la misma determinaci\u00f3n. Las pancartas hablaban por s\u00ed solas: \u201cSin industria no hay futuro\u201d, \u201cNo al desguace fueguino\u201d, \u201cDefender el trabajo es defender la patria\u201d.<\/p>\n\n\n\n<figure class=\"wp-block-image size-full\"><img loading=\"lazy\" decoding=\"async\" width=\"900\" height=\"600\" src=\"https:\/\/www.enorsai.com\/noticias\/wp-content\/uploads\/2025\/05\/image-32.png\" alt=\"\" class=\"wp-image-4419\" srcset=\"https:\/\/www.enorsai.com\/noticias\/wp-content\/uploads\/2025\/05\/image-32.png 900w, https:\/\/www.enorsai.com\/noticias\/wp-content\/uploads\/2025\/05\/image-32-300x200.png 300w, https:\/\/www.enorsai.com\/noticias\/wp-content\/uploads\/2025\/05\/image-32-768x512.png 768w\" sizes=\"auto, (max-width: 900px) 100vw, 900px\" \/><\/figure>\n\n\n\n<p class=\"has-text-align-center has-small-font-size\">En Tolhuin efectuaron una marcha de gremios y sociedad.<\/p>\n\n\n\n<p>No se trat\u00f3 de una demostraci\u00f3n sectorial, sino de una reacci\u00f3n social profunda. La comunidad entera \u2013m\u00e1s all\u00e1 de bander\u00edas pol\u00edticas\u2013 se sinti\u00f3 interpelada por un ajuste que amenaza con convertir a Tierra del Fuego en una tierra sin fueguinos. Una provincia vaciada, empujada al exilio interno por decisiones tomadas en despachos porte\u00f1os, o peor, en oficinas de Washington.<\/p>\n\n\n\n<p>El texto sindical que unific\u00f3 el reclamo fue lapidario: <em>\u201cEste conjunto de medidas que significar\u00e1n la p\u00e9rdida de m\u00e1s de la mitad de los puestos de trabajo en la industria fueguina responden a una nueva concesi\u00f3n del Gobierno de Javier Milei a las imposiciones del FMI, a cambio de un pr\u00e9stamo que le permite mantener en pie un plan econ\u00f3mico insostenible\u201d.<\/em> Es decir, una patria hipotecada por unas migajas de estabilidad financiera que nunca llegan al pueblo.<\/p>\n\n\n\n<p>En este contexto, el gobernador Gustavo Melella convoc\u00f3 a una reuni\u00f3n clave. Se espera que la misma defina los pasos a seguir. Pero la presi\u00f3n popular ya marc\u00f3 el tono: no hay margen para la tibieza. Lo que se juega es demasiado importante. Y los fueguinos lo saben: no es solo su econom\u00eda la que est\u00e1 en riesgo, sino su derecho a habitar el sur argentino con dignidad, con trabajo, con futuro.<\/p>\n\n\n\n<p>Porque, al final del d\u00eda, no se trata solo de electrodom\u00e9sticos. Se trata de soberan\u00eda. Se trata de no aceptar que Tierra del Fuego quede reducida a una zona franca de saqueo y abandono. Se trata de no permitir que el modelo extractivista financiero del gobierno libertario anule lo que tanto cost\u00f3 construir: un entramado industrial propio, una identidad laboral s\u00f3lida, un sentido de pertenencia real.<\/p>\n\n\n\n<p>Los discursos del gobierno nacional intentan justificar esta sangr\u00eda con el mantra de la \u201ceficiencia\u201d. Dicen que hay que \u201cachicar el Estado\u201d, que la industria fueguina es \u201cartificial\u201d, que es hora de abrirse al mundo. Pero detr\u00e1s de esa ret\u00f3rica de libertades de cart\u00f3n se esconde una pol\u00edtica deliberada de exclusi\u00f3n. Porque abrir la econom\u00eda sin proteger el trabajo es simplemente entregarse al m\u00e1s fuerte, es declarar la guerra a los de abajo.<\/p>\n\n\n\n<p>Y Tierra del Fuego, una vez m\u00e1s, se niega a bajar la cabeza. En un pa\u00eds anestesiado por la inflaci\u00f3n, el desempleo y la propaganda oficial, la provincia m\u00e1s austral acaba de recordarnos que la dignidad no se privatiza. Que los derechos no se negocian. Y que, cuando el gobierno pisa fuerte, el pueblo puede patear m\u00e1s fuerte todav\u00eda.<\/p>\n\n\n\n<p>Por eso, lo que comenz\u00f3 como una protesta sectorial termin\u00f3 convirti\u00e9ndose en una declaraci\u00f3n de principios. Una provincia en pie, un pueblo movilizado, una industria resistiendo: el paro fueguino no es el fin de nada, sino el principio de una batalla mucho m\u00e1s grande. Porque el sur tambi\u00e9n existe. Y no se entrega.<\/p>\n\n\n\n<p>Fuente:<\/p>\n\n\n\n<ul class=\"wp-block-list\">\n<li><a href=\"https:\/\/www.surenio.com.ar\/historico-paro-general-en-defensa-de-la-industria-fueguina\/\">https:\/\/www.surenio.com.ar\/historico-paro-general-en-defensa-de-la-industria-fueguina\/<\/a><\/li>\n<\/ul>\n","protected":false},"excerpt":{"rendered":"<p>Tierra del Fuego paraliz\u00f3 sus ciudades para enfrentar el ajuste brutal del gobierno de Javier Milei. La eliminaci\u00f3n de aranceles amenaza con destruir su industria electr\u00f3nica. Los trabajadores se plantaron con firmeza en defensa de su derecho a existir, producir y vivir con dignidad. El sur, otra vez, resiste.<\/p>\n","protected":false},"author":1,"featured_media":4420,"comment_status":"open","ping_status":"open","sticky":false,"template":"","format":"standard","meta":{"_monsterinsights_skip_tracking":false,"_monsterinsights_sitenote_active":false,"_monsterinsights_sitenote_note":"","_monsterinsights_sitenote_category":0,"footnotes":"","jetpack_publicize_message":"\ud83d\udce2\ud83d\udd25 \u00a1TIERRA DEL FUEGO NO SE ENTREGA! En un paro hist\u00f3rico, miles de trabajadores y trabajadoras se levantaron contra el ajuste salvaje de Milei y la entrega al FMI. La dignidad fueguina marc\u00f3 el camino. \u270a\ud83c\udde6\ud83c\uddf7","jetpack_publicize_feature_enabled":true,"jetpack_social_post_already_shared":false,"jetpack_social_options":{"image_generator_settings":{"template":"highway","enabled":false},"version":2}},"categories":[2],"tags":[58,202,1496,90,1495,29,45,546,30,292],"class_list":["post-4415","post","type-post","status-publish","format-standard","has-post-thumbnail","hentry","category-politica","tag-ajuste","tag-aranceles","tag-electronica","tag-fmi","tag-fueguinos","tag-industria","tag-milei","tag-paro","tag-soberania","tag-trabajadores"],"jetpack_publicize_connections":[],"_links":{"self":[{"href":"https:\/\/www.enorsai.com\/noticias\/wp-json\/wp\/v2\/posts\/4415","targetHints":{"allow":["GET"]}}],"collection":[{"href":"https:\/\/www.enorsai.com\/noticias\/wp-json\/wp\/v2\/posts"}],"about":[{"href":"https:\/\/www.enorsai.com\/noticias\/wp-json\/wp\/v2\/types\/post"}],"author":[{"embeddable":true,"href":"https:\/\/www.enorsai.com\/noticias\/wp-json\/wp\/v2\/users\/1"}],"replies":[{"embeddable":true,"href":"https:\/\/www.enorsai.com\/noticias\/wp-json\/wp\/v2\/comments?post=4415"}],"version-history":[{"count":1,"href":"https:\/\/www.enorsai.com\/noticias\/wp-json\/wp\/v2\/posts\/4415\/revisions"}],"predecessor-version":[{"id":4421,"href":"https:\/\/www.enorsai.com\/noticias\/wp-json\/wp\/v2\/posts\/4415\/revisions\/4421"}],"wp:featuredmedia":[{"embeddable":true,"href":"https:\/\/www.enorsai.com\/noticias\/wp-json\/wp\/v2\/media\/4420"}],"wp:attachment":[{"href":"https:\/\/www.enorsai.com\/noticias\/wp-json\/wp\/v2\/media?parent=4415"}],"wp:term":[{"taxonomy":"category","embeddable":true,"href":"https:\/\/www.enorsai.com\/noticias\/wp-json\/wp\/v2\/categories?post=4415"},{"taxonomy":"post_tag","embeddable":true,"href":"https:\/\/www.enorsai.com\/noticias\/wp-json\/wp\/v2\/tags?post=4415"}],"curies":[{"name":"wp","href":"https:\/\/api.w.org\/{rel}","templated":true}]}}