{"id":4411,"date":"2025-05-22T06:09:55","date_gmt":"2025-05-22T09:09:55","guid":{"rendered":"https:\/\/www.enorsai.com\/noticias\/?p=4411"},"modified":"2025-05-22T06:09:55","modified_gmt":"2025-05-22T09:09:55","slug":"violenta-detencion-del-fotografo-de-agence-france-presse-afp-cuando-cubria-la-marcha-de-jubilados-en-el-congreso","status":"publish","type":"post","link":"https:\/\/www.enorsai.com\/noticias\/politica\/violenta-detencion-del-fotografo-de-agence-france-presse-afp-cuando-cubria-la-marcha-de-jubilados-en-el-congreso\/","title":{"rendered":"Violenta detenci\u00f3n del fot\u00f3grafo de Agence France-Presse (AFP)\u00a0cuando cubr\u00eda la marcha de jubilados en el Congreso"},"content":{"rendered":"\n<p><strong><em>El gobierno de Javier Milei sofoca con palos y gases una marcha pac\u00edfica por los haberes previsionales. La ministra de Seguridad despleg\u00f3 un brutal operativo que dej\u00f3 heridos, fot\u00f3grafos detenidos y una pregunta que resuena: \u00bfhasta d\u00f3nde llega el autoritarismo libertario?<\/em><\/strong><\/p>\n\n\n\n<p>Mientras el Congreso se negaba a debatir una mejora en los haberes jubilatorios, Patricia Bullrich activ\u00f3 el protocolo antipiquetes con una ferocidad inaudita. La escena fue digna de una dictadura: jubilados acorralados, fot\u00f3grafos con la cara contra el asfalto y una prensa golpeada por querer contar lo que el poder quiere ocultar.<\/p>\n\n\n\n<p>Hubo un tiempo en el que la protesta de los jubilados evocaba respeto, una pausa en el v\u00e9rtigo del caos para escuchar a quienes ya lo hab\u00edan dado todo. Pero ese tiempo parece haber quedado atr\u00e1s. En la Argentina de Javier Milei, ni los a\u00f1os ni las canas garantizan el m\u00ednimo derecho a exigir una jubilaci\u00f3n digna sin exponerse a la brutalidad estatal. Este 21 de mayo, el gobierno nacional decidi\u00f3 reprimir a abuelos y abuelas como si fueran una amenaza terrorista. Patricia Bullrich no s\u00f3lo mand\u00f3 a reprimir, sino que, como en un acto de provocaci\u00f3n premeditada, justific\u00f3 la violencia diciendo que \u201chab\u00eda grupos anarquistas\u201d. Una vez m\u00e1s, la ministra encontr\u00f3 su excusa preferida para avanzar con palos, gases y detenciones.<\/p>\n\n\n\n<figure class=\"wp-block-embed is-type-video is-provider-youtube wp-block-embed-youtube wp-embed-aspect-16-9 wp-has-aspect-ratio\"><div class=\"wp-block-embed__wrapper\">\n<iframe loading=\"lazy\" title=\"LIBERARON al FOT\u00d3GRAFO TOM\u00c1S CUESTA\" width=\"640\" height=\"360\" src=\"https:\/\/www.youtube.com\/embed\/s1hR3AYp52k?feature=oembed\" frameborder=\"0\" allow=\"accelerometer; autoplay; clipboard-write; encrypted-media; gyroscope; picture-in-picture; web-share\" referrerpolicy=\"strict-origin-when-cross-origin\" allowfullscreen><\/iframe>\n<\/div><\/figure>\n\n\n\n<p>La marcha se realiz\u00f3 en las inmediaciones del Congreso Nacional, luego de que la C\u00e1mara de Diputados no alcanzara el quorum necesario para tratar una ley de recomposici\u00f3n de haberes jubilatorios. Una afrenta a los derechos de quienes reciben haberes que apenas alcanzan para sobrevivir, en un pa\u00eds donde los precios se disparan al ritmo de la motosierra discursiva de Milei. Frente a ese abandono institucional, los jubilados decidieron hacerse escuchar. Lo que recibieron fue un cerco represivo que encapsul\u00f3 la protesta entre vallas, gases lacrim\u00f3genos, empujones y detenciones arbitrarias.<\/p>\n\n\n\n<p>La escena fue obscena. No se trat\u00f3 de un enfrentamiento: los manifestantes apenas intentaban llegar al Congreso. Sin embargo, fueron rodeados por efectivos de la Polic\u00eda Federal, Gendarmer\u00eda y la Polic\u00eda de Seguridad Aeroportuaria. Una coalici\u00f3n represiva que despleg\u00f3 un operativo sobredimensionado para disciplinar el reclamo m\u00e1s elemental: poder comer, poder vivir, poder respirar con algo de dignidad.<\/p>\n\n\n\n<figure class=\"wp-block-image size-full\"><img loading=\"lazy\" decoding=\"async\" width=\"780\" height=\"520\" src=\"https:\/\/www.enorsai.com\/noticias\/wp-content\/uploads\/2025\/05\/image-27.png\" alt=\"\" class=\"wp-image-4412\" srcset=\"https:\/\/www.enorsai.com\/noticias\/wp-content\/uploads\/2025\/05\/image-27.png 780w, https:\/\/www.enorsai.com\/noticias\/wp-content\/uploads\/2025\/05\/image-27-300x200.png 300w, https:\/\/www.enorsai.com\/noticias\/wp-content\/uploads\/2025\/05\/image-27-768x512.png 768w\" sizes=\"auto, (max-width: 780px) 100vw, 780px\" \/><\/figure>\n\n\n\n<p class=\"has-small-font-size\">El camar\u00f3grafo y cronista de LN+ sufrieron fuerte ca\u00edda durante el avance de la Polic\u00eda &#8211; Roc\u00edo Bao\/Infonews<\/p>\n\n\n\n<p>Entre los detenidos, dos nombres hicieron estallar la indignaci\u00f3n: Tom\u00e1s Cuesta, fot\u00f3grafo de la agencia internacional AFP y colaborador de <em>La Naci\u00f3n<\/em>, y Javier Iglesias. A Cuesta lo tiraron al piso como si fuera un criminal. Lo inmovilizaron con una rodilla sobre la cara. \u201c\u00a1Me est\u00e1s lastimando, hijo de puta!\u201d, grit\u00f3 desesperado, en una escena captada por testigos que r\u00e1pidamente se volvi\u00f3 viral. La respuesta de los efectivos fue de una frialdad espeluznante: \u201cQuedate quieto\u201d. No hab\u00eda margen para la empat\u00eda. Ni siquiera para el respeto por alguien que simplemente hac\u00eda su trabajo.<\/p>\n\n\n\n<p>Junto a ellos, tambi\u00e9n fue agredida la fot\u00f3grafa Mariana Nedelcu, a quien le rompieron la c\u00e1mara. Ni el rol de prensa, ni el hecho de estar registrando lo ocurrido, sirvi\u00f3 de escudo. Al contrario, fue justamente eso lo que los convirti\u00f3 en objetivo. El mensaje es claro: el gobierno quiere que no se vea, que no se escuche, que no se sepa. Quiere reprimir sin testigos.<\/p>\n\n\n<ul class=\"wp-block-latest-posts__list is-grid columns-3 wp-block-latest-posts\"><li><div class=\"wp-block-latest-posts__featured-image\"><img loading=\"lazy\" decoding=\"async\" width=\"300\" height=\"169\" src=\"https:\/\/www.enorsai.com\/noticias\/wp-content\/uploads\/2026\/03\/8M-Milei-ataca-al-feminismo-como-un-viejo-machirulo-300x169.png\" class=\"attachment-medium size-medium wp-post-image\" alt=\"\" style=\"\" srcset=\"https:\/\/www.enorsai.com\/noticias\/wp-content\/uploads\/2026\/03\/8M-Milei-ataca-al-feminismo-como-un-viejo-machirulo-300x169.png 300w, https:\/\/www.enorsai.com\/noticias\/wp-content\/uploads\/2026\/03\/8M-Milei-ataca-al-feminismo-como-un-viejo-machirulo-1024x576.png 1024w, https:\/\/www.enorsai.com\/noticias\/wp-content\/uploads\/2026\/03\/8M-Milei-ataca-al-feminismo-como-un-viejo-machirulo-768x432.png 768w, https:\/\/www.enorsai.com\/noticias\/wp-content\/uploads\/2026\/03\/8M-Milei-ataca-al-feminismo-como-un-viejo-machirulo.png 1280w\" sizes=\"auto, (max-width: 300px) 100vw, 300px\" \/><\/div><a class=\"wp-block-latest-posts__post-title\" href=\"https:\/\/www.enorsai.com\/noticias\/politica\/derrumbe-total-mas-del-70-de-los-argentinos-rechaza-a-milei-y-su-casta\/\">Derrumbe total: m\u00e1s del 70% de los argentinos rechaza a Milei y su casta<\/a><\/li>\n<li><div class=\"wp-block-latest-posts__featured-image\"><img loading=\"lazy\" decoding=\"async\" width=\"300\" height=\"185\" src=\"https:\/\/www.enorsai.com\/noticias\/wp-content\/uploads\/2025\/07\/20250704-gas-300x185.webp\" class=\"attachment-medium size-medium wp-post-image\" alt=\"\" style=\"\" srcset=\"https:\/\/www.enorsai.com\/noticias\/wp-content\/uploads\/2025\/07\/20250704-gas-300x185.webp 300w, https:\/\/www.enorsai.com\/noticias\/wp-content\/uploads\/2025\/07\/20250704-gas.webp 760w\" sizes=\"auto, (max-width: 300px) 100vw, 300px\" \/><\/div><a class=\"wp-block-latest-posts__post-title\" href=\"https:\/\/www.enorsai.com\/noticias\/politica\/milei-lo-hizo-hay-desabastecimiento-de-gas-y-limitan-la-venta-de-gnc\/\">Milei lo hizo: hay desabastecimiento de gas y limitan la venta de GNC<\/a><\/li>\n<li><div class=\"wp-block-latest-posts__featured-image\"><img loading=\"lazy\" decoding=\"async\" width=\"300\" height=\"200\" src=\"https:\/\/www.enorsai.com\/noticias\/wp-content\/uploads\/2026\/04\/kicillof-salud-300x200.jpg\" class=\"attachment-medium size-medium wp-post-image\" alt=\"\" style=\"\" srcset=\"https:\/\/www.enorsai.com\/noticias\/wp-content\/uploads\/2026\/04\/kicillof-salud-300x200.jpg 300w, https:\/\/www.enorsai.com\/noticias\/wp-content\/uploads\/2026\/04\/kicillof-salud-1024x683.jpg 1024w, https:\/\/www.enorsai.com\/noticias\/wp-content\/uploads\/2026\/04\/kicillof-salud-768x512.jpg 768w, https:\/\/www.enorsai.com\/noticias\/wp-content\/uploads\/2026\/04\/kicillof-salud-600x400.jpg 600w, https:\/\/www.enorsai.com\/noticias\/wp-content\/uploads\/2026\/04\/kicillof-salud.jpg 1068w\" sizes=\"auto, (max-width: 300px) 100vw, 300px\" \/><\/div><a class=\"wp-block-latest-posts__post-title\" href=\"https:\/\/www.enorsai.com\/noticias\/sociedad\/salud\/kicillof-refuerza-la-entrega-de-medicamentos-ante-el-ajuste-de-milei\/\">Kicillof refuerza la entrega de medicamentos ante el ajuste de Milei<\/a><\/li>\n<\/ul>\n\n\n<p>Las organizaciones de prensa reaccionaron con rapidez. La vigilia se instal\u00f3 en la calle Hip\u00f3lito Yrigoyen al 1800, donde se mantuvieron los fot\u00f3grafos detenidos durante horas. La consigna fue tan clara como urgente: no nos moveremos hasta que liberen a nuestros compa\u00f1eros. Porque lo que est\u00e1 en juego no es s\u00f3lo la libertad de prensa, sino el derecho de toda la sociedad a estar informada.<\/p>\n\n\n\n<p>Lo que sucedi\u00f3 con Cuesta, Iglesias y Nedelcu no es un hecho aislado. Es parte de una escalada que ya no disimula. La ministra Bullrich ha convertido el protocolo antipiquetes en una maquinaria de represi\u00f3n sistem\u00e1tica. Cualquier manifestaci\u00f3n \u2014desde estudiantes hasta jubilados\u2014 es tratada como una amenaza a la seguridad nacional. \u00bfLa raz\u00f3n? Porque su sola existencia desmiente el relato de un gobierno que se autoproclama salvador mientras precariza, destruye y empobrece.<\/p>\n\n\n\n<p><\/p>\n\n\n\n<p>El colmo de la violencia se vivi\u00f3 cuando incluso un camar\u00f3grafo y un movilero de LN+ \u2014medio af\u00edn al oficialismo\u2014 fueron embestidos por la Prefectura. Una fuerza que arremeti\u00f3 con escudos, avanz\u00f3 con gas pimienta y dej\u00f3 heridos en la Avenida Rivadavia. \u201c\u00a1Par\u00e1, boludo!\u201d, se escuch\u00f3 en vivo mientras las im\u00e1genes se cortaban abruptamente. La represi\u00f3n no distingue aliados de enemigos: s\u00f3lo act\u00faa con la l\u00f3gica del miedo y la impunidad.<\/p>\n\n\n\n<p>Esta vez, la represi\u00f3n vino en dosis televisadas, con cobertura internacional y testigos en cada rinc\u00f3n. Pero el verdadero problema no son los reflectores, sino la estrategia de fondo. El gobierno busca disciplinar por el miedo. Quiere que los jubilados no protesten, que los trabajadores no se organicen, que los docentes no marchen, que los periodistas no documenten. Quiere una sociedad anestesiada, silenciada y encerrada en su miseria individual.<\/p>\n\n\n\n<p>Sin embargo, cada golpe, cada gas, cada rodilla sobre la cara revela lo contrario: que hay un pueblo que no se resigna. Que sigue saliendo a la calle. Que a\u00fan en la vejez, no se calla. Que a\u00fan reprimido, sigue gritando. La dignidad no se aplasta con escudos ni se disuelve con gas. Se multiplica.<\/p>\n\n\n\n<p>Y mientras tanto, Milei sigue hablando de libertad. Una libertad que en su versi\u00f3n ultraderechista parece consistir en la impunidad de los poderosos y el castigo de los d\u00e9biles. Una libertad que permite que un jubilado cobre 200 mil pesos, pero que criminaliza a quien protesta por eso. Una libertad que se escribe con letra de mercado y se impone con pu\u00f1o de hierro.<\/p>\n\n\n\n<p>Hoy fueron los jubilados. Ma\u00f1ana puede ser cualquiera. Porque cuando se naturaliza la represi\u00f3n, cuando se calla frente al atropello, se habilita un modelo de pa\u00eds donde el Estado deja de proteger para volverse verdugo. Un pa\u00eds que huele demasiado a pasado. Y que, si no se lo enfrenta, terminar\u00e1 devorando su propio futuro.<\/p>\n\n\n\n<p>Fuentes:<\/p>\n\n\n\n<ul class=\"wp-block-list\">\n<li><a href=\"https:\/\/www.lanacion.com.ar\/seguridad\/violenta-detencion-de-un-fotografo-de-afp-que-cubria-la-marcha-de-jubilados-en-el-congreso-nid21052025\/\">https:\/\/www.lanacion.com.ar\/seguridad\/violenta-detencion-de-un-fotografo-de-afp-que-cubria-la-marcha-de-jubilados-en-el-congreso-nid21052025\/<\/a><\/li>\n\n\n\n<li><a href=\"https:\/\/www.tiempoar.com.ar\/ta_article\/bullrich-reprimio-la-marcha-de-jubilados-y-detuvo-a-dos-fotografos\/\">https:\/\/www.tiempoar.com.ar\/ta_article\/bullrich-reprimio-la-marcha-de-jubilados-y-detuvo-a-dos-fotografos\/<\/a><\/li>\n<\/ul>\n","protected":false},"excerpt":{"rendered":"<p>La represi\u00f3n a jubilados en el Congreso dej\u00f3 heridos y fot\u00f3grafos detenidos. Patricia Bullrich aplic\u00f3 el protocolo antipiquetes con brutalidad. El gobierno de Milei criminaliza la protesta y ataca la libertad de prensa, exhibiendo un autoritarismo creciente. Ni los a\u00f1os ni la prensa quedan a salvo del ajuste con gases y palos.<\/p>\n","protected":false},"author":1,"featured_media":4413,"comment_status":"open","ping_status":"open","sticky":false,"template":"","format":"standard","meta":{"_monsterinsights_skip_tracking":false,"_monsterinsights_sitenote_active":false,"_monsterinsights_sitenote_note":"","_monsterinsights_sitenote_category":0,"footnotes":"","jetpack_publicize_message":"\ud83d\udea8 \u00a1Ni los jubilados se salvan! Bullrich desat\u00f3 una represi\u00f3n brutal contra una marcha pac\u00edfica en el Congreso: palos, gases y fot\u00f3grafos detenidos por cubrir la realidad. En la Argentina de Milei, protestar es un delito y mostrarlo, un riesgo.\n","jetpack_publicize_feature_enabled":true,"jetpack_social_post_already_shared":false,"jetpack_social_options":{"image_generator_settings":{"template":"highway","enabled":false},"version":2}},"categories":[2],"tags":[262,257,69,1493,509,45,371,1494,365],"class_list":["post-4411","post","type-post","status-publish","format-standard","has-post-thumbnail","hentry","category-politica","tag-bullrich","tag-congreso","tag-derechos","tag-fotografos","tag-jubilados","tag-milei","tag-protesta","tag-protocolo","tag-represion"],"jetpack_publicize_connections":[],"_links":{"self":[{"href":"https:\/\/www.enorsai.com\/noticias\/wp-json\/wp\/v2\/posts\/4411","targetHints":{"allow":["GET"]}}],"collection":[{"href":"https:\/\/www.enorsai.com\/noticias\/wp-json\/wp\/v2\/posts"}],"about":[{"href":"https:\/\/www.enorsai.com\/noticias\/wp-json\/wp\/v2\/types\/post"}],"author":[{"embeddable":true,"href":"https:\/\/www.enorsai.com\/noticias\/wp-json\/wp\/v2\/users\/1"}],"replies":[{"embeddable":true,"href":"https:\/\/www.enorsai.com\/noticias\/wp-json\/wp\/v2\/comments?post=4411"}],"version-history":[{"count":1,"href":"https:\/\/www.enorsai.com\/noticias\/wp-json\/wp\/v2\/posts\/4411\/revisions"}],"predecessor-version":[{"id":4414,"href":"https:\/\/www.enorsai.com\/noticias\/wp-json\/wp\/v2\/posts\/4411\/revisions\/4414"}],"wp:featuredmedia":[{"embeddable":true,"href":"https:\/\/www.enorsai.com\/noticias\/wp-json\/wp\/v2\/media\/4413"}],"wp:attachment":[{"href":"https:\/\/www.enorsai.com\/noticias\/wp-json\/wp\/v2\/media?parent=4411"}],"wp:term":[{"taxonomy":"category","embeddable":true,"href":"https:\/\/www.enorsai.com\/noticias\/wp-json\/wp\/v2\/categories?post=4411"},{"taxonomy":"post_tag","embeddable":true,"href":"https:\/\/www.enorsai.com\/noticias\/wp-json\/wp\/v2\/tags?post=4411"}],"curies":[{"name":"wp","href":"https:\/\/api.w.org\/{rel}","templated":true}]}}