{"id":4404,"date":"2025-05-21T21:13:47","date_gmt":"2025-05-22T00:13:47","guid":{"rendered":"https:\/\/www.enorsai.com\/noticias\/?p=4404"},"modified":"2025-05-21T21:14:13","modified_gmt":"2025-05-22T00:14:13","slug":"el-dnu-340-25-de-milei-criminaliza-la-protesta-docente-reanimando-los-fantasmas-del-macrismo-y-la-dictadura","status":"publish","type":"post","link":"https:\/\/www.enorsai.com\/noticias\/sociedad\/el-dnu-340-25-de-milei-criminaliza-la-protesta-docente-reanimando-los-fantasmas-del-macrismo-y-la-dictadura\/","title":{"rendered":"El DNU 340\/25 de Milei criminaliza la protesta docente reanimando los fantasmas del macrismo y la dictadura"},"content":{"rendered":"\n<p><em><strong>El gobierno de Javier Milei redobla la ofensiva contra las y los trabajadores de la educaci\u00f3n con un decreto que repite f\u00f3rmulas ya declaradas inconstitucionales. La CTERA responde con acciones gremiales, legales e internacionales.<\/strong><\/em><br><br>Con el DNU 340\/25, publicado el 21 de mayo de 2025, el gobierno de Javier Milei profundiza su pol\u00edtica de amedrentamiento y represi\u00f3n hacia las y los trabajadores de la educaci\u00f3n. El nuevo decreto declara a la educaci\u00f3n como \u201cservicio esencial\u201d exclusivamente para restringir el derecho de huelga, una maniobra que no solo es jur\u00eddica y socialmente regresiva, sino tambi\u00e9n inconstitucional.<br><br>(Por Osvaldo Peralta) No se trata de un gesto aislado, sino de una embestida cuidadosamente orquestada, que retoma los mecanismos autoritarios empleados por la dictadura y revitalizados durante el gobierno de la Alianza con Fernando de la R\u00faa, con Patricia Bullrich como ejecutora laboral. La ofensiva tambi\u00e9n se emparenta con los intentos del macrismo de disciplinar a la docencia organizada y callar la protesta social. En un contexto de ajuste brutal, dolarizaci\u00f3n encubierta, desfinanciamiento del sistema educativo y persecuci\u00f3n a gremialistas, la restricci\u00f3n al derecho de huelga busca silenciar uno de los pocos focos de resistencia activa: la docencia.<br><br>Un decreto que ya fue derrotado en los tribunales\u2026 y vuelve como zombie<br><br>Lo m\u00e1s escandaloso del DNU 340\/25 es su falta de originalidad. Se trata de una copia casi textual del Decreto 843\/00 del gobierno de De la R\u00faa, que fue declarado inconstitucional en 2002 por la Sala II de la C\u00e1mara Nacional de Apelaciones del Trabajo en un fallo hist\u00f3rico iniciado por la CTERA. Esa sentencia no solo invalid\u00f3 el decreto y sus resoluciones derivadas (480\/2001 y 632\/2001), sino que dej\u00f3 claro que el Estado no puede volver a utilizar tales instrumentos para cercenar el derecho de huelga de las y los trabajadores de la educaci\u00f3n.<br><br>El texto tambi\u00e9n repite la estructura y esp\u00edritu del DNU 70\/23, otra norma de Milei ya declarada inconstitucional por la Justicia Nacional del Trabajo. Como si el gobierno ignorara deliberadamente las sentencias judiciales y la jurisprudencia consolidada, vuelve a insistir con un esquema legal que fue derrotado en todos los frentes: jur\u00eddico, pol\u00edtico y gremial.<br><br>La trampa de declarar a la educaci\u00f3n como \u201cservicio esencial\u201d<br><br>El truco legal de Milei es declarar a la educaci\u00f3n como \u201cservicio esencial\u201d para impedir que sus trabajadores ejerzan su derecho constitucional a huelga. Sin embargo, esta categorizaci\u00f3n ha sido ampliamente rechazada por la jurisprudencia nacional e internacional. Seg\u00fan la Organizaci\u00f3n Internacional del Trabajo (OIT), la educaci\u00f3n no puede considerarse un servicio esencial \u201cen el sentido estricto del t\u00e9rmino\u201d, es decir, no se trata de una actividad cuya interrupci\u00f3n ponga en peligro la vida, la salud o la seguridad de la poblaci\u00f3n.<br><br>El Comit\u00e9 de Libertad Sindical de la OIT ha sido contundente: solo pueden limitarse las huelgas en casos extremos \u2014como en servicios m\u00e9dicos de urgencia o fuerzas de seguridad\u2014, y expl\u00edcitamente excluye a la educaci\u00f3n de esta categor\u00eda. Por eso, la inclusi\u00f3n de la docencia como \u201cservicio esencial\u201d en el DNU 340\/25 es arbitraria, forzada e ilegal. No responde a ninguna urgencia pedag\u00f3gica o institucional, sino a la necesidad del Ejecutivo de controlar la calle y desactivar la protesta organizada.<br><br>El doble discurso del gobierno libertario: libertad para los mercados, mordaza para los docentes<br><br>El gobierno de Milei proclama su defensa irrestricta de la libertad. Pero esa libertad parece reservarse exclusivamente para los flujos de capital, la evasi\u00f3n impositiva, el agronegocio y los grandes empresarios. Para las y los trabajadores, en cambio, hay palo, ajuste, topes salariales y persecuci\u00f3n sindical. Esta contradicci\u00f3n estructural se vuelve obscena cuando se intenta impedir que un maestro o maestra reclame por condiciones laborales dignas, por infraestructura escolar, por salario, por derechos.<br><br>El DNU 340\/25 no busca \u201cgarantizar el derecho a la educaci\u00f3n\u201d, como c\u00ednicamente declara el texto oficial. Busca desarticular la herramienta hist\u00f3rica con la que la docencia argentina ha resistido cada embate del neoliberalismo. Y lo hace en el mismo momento en que el gobierno desfinancia universidades, elimina programas educativos, cierra becas y despide trabajadores del sistema cient\u00edfico.<br><br>CTERA vuelve al frente: gremialismo, legalidad y presi\u00f3n internacional<br><br>Ante esta nueva violaci\u00f3n de derechos fundamentales, la Confederaci\u00f3n de Trabajadores de la Educaci\u00f3n (CTERA) ya anunci\u00f3 que tomar\u00e1 todas las medidas necesarias para frenar la avanzada libertaria. Por un lado, iniciar\u00e1 acciones legales para impugnar la constitucionalidad del DNU 340\/25. Por otro, recurrir\u00e1 nuevamente a los organismos internacionales, como la OIT y el sistema de Naciones Unidas, cuyas resoluciones son vinculantes para el Estado argentino.<br><br>Pero tambi\u00e9n prepara un plan de lucha con medidas de acci\u00f3n directa: paros, movilizaciones, conferencias de prensa y articulaci\u00f3n con otros sectores afectados por las pol\u00edticas de ajuste. La docencia argentina no est\u00e1 dispuesta a resignar derechos conquistados con d\u00e9cadas de organizaci\u00f3n y sacrificio.<br><br>Fuente:<\/p>\n\n\n\n<ul class=\"wp-block-list\">\n<li>https:\/\/ute.org.ar\/otro-ataque-a-las-y-los-trabajadores-el-gobierno-quiere-limitar-el-derecho-de-huelga\/<\/li>\n<\/ul>\n","protected":false},"excerpt":{"rendered":"<p>El gobierno de Javier Milei redobla la ofensiva contra las y los trabajadores de la educaci\u00f3n con un decreto que repite f\u00f3rmulas ya declaradas inconstitucionales. La CTERA responde con acciones gremiales, legales e internacionales. Con el DNU 340\/25, publicado el 21 de mayo de 2025, el gobierno de Javier Milei profundiza su pol\u00edtica de amedrentamiento&#8230;<\/p>\n","protected":false},"author":9,"featured_media":4405,"comment_status":"open","ping_status":"open","sticky":false,"template":"","format":"standard","meta":{"_monsterinsights_skip_tracking":false,"_monsterinsights_sitenote_active":false,"_monsterinsights_sitenote_note":"","_monsterinsights_sitenote_category":0,"footnotes":"","jetpack_publicize_message":"","jetpack_publicize_feature_enabled":true,"jetpack_social_post_already_shared":true,"jetpack_social_options":{"image_generator_settings":{"template":"highway","default_image_id":0,"font":"","enabled":false},"version":2}},"categories":[4],"tags":[],"class_list":["post-4404","post","type-post","status-publish","format-standard","has-post-thumbnail","hentry","category-sociedad"],"jetpack_publicize_connections":[],"_links":{"self":[{"href":"https:\/\/www.enorsai.com\/noticias\/wp-json\/wp\/v2\/posts\/4404","targetHints":{"allow":["GET"]}}],"collection":[{"href":"https:\/\/www.enorsai.com\/noticias\/wp-json\/wp\/v2\/posts"}],"about":[{"href":"https:\/\/www.enorsai.com\/noticias\/wp-json\/wp\/v2\/types\/post"}],"author":[{"embeddable":true,"href":"https:\/\/www.enorsai.com\/noticias\/wp-json\/wp\/v2\/users\/9"}],"replies":[{"embeddable":true,"href":"https:\/\/www.enorsai.com\/noticias\/wp-json\/wp\/v2\/comments?post=4404"}],"version-history":[{"count":1,"href":"https:\/\/www.enorsai.com\/noticias\/wp-json\/wp\/v2\/posts\/4404\/revisions"}],"predecessor-version":[{"id":4406,"href":"https:\/\/www.enorsai.com\/noticias\/wp-json\/wp\/v2\/posts\/4404\/revisions\/4406"}],"wp:featuredmedia":[{"embeddable":true,"href":"https:\/\/www.enorsai.com\/noticias\/wp-json\/wp\/v2\/media\/4405"}],"wp:attachment":[{"href":"https:\/\/www.enorsai.com\/noticias\/wp-json\/wp\/v2\/media?parent=4404"}],"wp:term":[{"taxonomy":"category","embeddable":true,"href":"https:\/\/www.enorsai.com\/noticias\/wp-json\/wp\/v2\/categories?post=4404"},{"taxonomy":"post_tag","embeddable":true,"href":"https:\/\/www.enorsai.com\/noticias\/wp-json\/wp\/v2\/tags?post=4404"}],"curies":[{"name":"wp","href":"https:\/\/api.w.org\/{rel}","templated":true}]}}