{"id":4401,"date":"2025-05-21T19:14:56","date_gmt":"2025-05-21T22:14:56","guid":{"rendered":"https:\/\/www.enorsai.com\/noticias\/politica\/doble-moral-en-campana-pedia-por-los-jubilados-pero-hoy-no-dio-quorum-para-aumentar-las-jubilaciones\/"},"modified":"2025-05-21T19:28:13","modified_gmt":"2025-05-21T22:28:13","slug":"doble-moral-en-campana-pedia-por-los-jubilados-pero-hoy-no-dio-quorum-para-aumentar-las-jubilaciones","status":"publish","type":"post","link":"https:\/\/www.enorsai.com\/noticias\/politica\/doble-moral-en-campana-pedia-por-los-jubilados-pero-hoy-no-dio-quorum-para-aumentar-las-jubilaciones\/","title":{"rendered":"\u00a1Doble moral! En campa\u00f1a ped\u00eda por los jubilados pero hoy no dio qu\u00f3rum para aumentar las jubilaciones"},"content":{"rendered":"\n<p>Silvia Lospennato supo construir su perfil pol\u00edtico bajo la bandera de ciertas causas progresistas, como la legalizaci\u00f3n del aborto o la transparencia institucional. Pero en tiempos donde la motosierra del ajuste libertario corta sobre todo a los m\u00e1s vulnerables, su discurso empieza a deshilacharse en la pr\u00e1ctica parlamentaria.<\/p>\n\n\n\n<p>La diputada del PRO critic\u00f3 en campa\u00f1a la \u201cmotosierra\u201d de Javier Milei contra los jubilados. Sin embargo, no dio qu\u00f3rum en la sesi\u00f3n clave para revertir los recortes previsionales y luego respald\u00f3 con su silencio \u2014y su voto ausente\u2014 el veto presidencial que frustr\u00f3 un aumento ya aprobado.<br><br>Este contraste entre palabra y acci\u00f3n no es un simple desliz, sino una muestra sintom\u00e1tica del modo en que sectores del PRO buscan acomodarse al nuevo orden libertario sin asumir plenamente sus costos pol\u00edticos. Lospennato no s\u00f3lo evit\u00f3 dar qu\u00f3rum en la sesi\u00f3n del 15 de mayo, donde se trataba la restituci\u00f3n de la moratoria previsional y el incremento de los haberes, sino que tambi\u00e9n se aline\u00f3 con el n\u00facleo duro del oficialismo en su respaldo al veto de Milei.<br><br>M\u00e1s a\u00fan, su ausencia no fue casual ni silenciosa: seg\u00fan revela La Pol\u00edtica Online, en reuniones a puertas cerradas, Lospennato habr\u00eda reprochado a Karina Milei el costo pol\u00edtico que implicaba votar en contra de los jubilados. \u201cUstedes no tienen problema porque los votan los pibes, pero a nosotros nos votan los jubilados y ahora tenemos que votar en contra del aumento\u201d, lanz\u00f3, dejando en claro que la estrategia del PRO est\u00e1 m\u00e1s enfocada en el c\u00e1lculo electoral que en la coherencia pol\u00edtica.<\/p>\n\n\n\n<p><br><br>La promesa vac\u00eda de proteger a los jubilados<br><br>No es la primera vez que Lospennato se manifiesta en defensa de los adultos mayores. A comienzos de este a\u00f1o, reposte\u00f3 en X la intervenci\u00f3n de su compa\u00f1era Germana Figueroa Casas, quien afirm\u00f3 que \u201clos jubilados est\u00e1n en su peor momento en mucho tiempo\u201d. Lospennato a\u00f1adi\u00f3: \u201cLos jubilados no pueden seguir siendo el pato de la boda\u2026 esa es nuestra posici\u00f3n\u201d.<br><br>Pero a la hora de votar, esa posici\u00f3n qued\u00f3 en el tintero. Ni en junio, cuando se vot\u00f3 el aumento, ni ahora en mayo, cuando se intent\u00f3 restituir la moratoria y ampliar el beneficio, la diputada hizo algo m\u00e1s que pronunciar discursos fuera del recinto. Su respaldo al veto presidencial demuestra que su lealtad no est\u00e1 con los jubilados, sino con la estrategia de Mauricio Macri y los acuerdos fluctuantes con Javier Milei.<br><br>El poder como \u00fanico norte<br><br>Lospennato, quien gan\u00f3 visibilidad en 2018 con su apasionado discurso en favor del aborto legal, se ha ido desdibujando en los \u00faltimos tiempos. Su derrota electoral en la Ciudad de Buenos Aires \u2014donde apenas cosech\u00f3 un 15,7% frente a los libertarios y al peronismo\u2014 la dej\u00f3 sin banca efectiva, pero con un rol que sigue orbitando en torno al armado pol\u00edtico de Macri.<br><br>Dentro del PRO aseguran que la legisladora qued\u00f3 descolocada por la ca\u00edda del proyecto \u201cFicha Limpia\u201d y la derrota electoral. La presi\u00f3n de Karina y Santiago Milei para que el PRO se parta y acompa\u00f1e al oficialismo dej\u00f3 a Lospennato entre dos fuegos: ser fiel al macrismo o acercarse al poder libertario, aunque eso implique renunciar a sus banderas.<br><br>Quienes compartieron reuniones de comisi\u00f3n con ella aseguran que al inicio del gobierno libertario ten\u00eda \u201cla llave\u201d del funcionamiento legislativo. \u201cCon Menem hab\u00eda confianza total, sab\u00eda d\u00f3nde estaban hasta las pasas de uva del caj\u00f3n\u201d, ironizan. Pero esa influencia se fue diluyendo, y con ella, tambi\u00e9n el compromiso. Desde entonces, Lospennato no ha votado ni una sola vez a favor de los jubilados.<br><br>Entre el marketing progresista y el pragmatismo c\u00ednico<br><br>La pol\u00edtica argentina est\u00e1 plagada de contradicciones, pero pocas tan evidentes como la que encarna Silvia Lospennato en estos tiempos. Su doble discurso \u2014progresista en redes, conservador en los hechos\u2014 refleja el estado de un PRO atrapado entre la nostalgia del poder y la necesidad de no quedar fuera del nuevo esquema libertario.<br><br>Su caso no es aislado: buena parte del bloque PRO ha optado por acompa\u00f1ar silenciosamente el ajuste, incluso cuando este se ensa\u00f1a con los sectores m\u00e1s postergados. Sin embargo, es Lospennato quien m\u00e1s desentona por el contraste entre sus palabras y sus actos. La diputada que alguna vez fue s\u00edmbolo de una nueva generaci\u00f3n pol\u00edtica, hoy es parte de una vieja pr\u00e1ctica: decir una cosa, hacer otra, y despu\u00e9s culpar a otros del resultado.<br><br>En pol\u00edtica, la coherencia no deber\u00eda ser un lujo. Y menos cuando se trata de derechos previsionales, de millones de jubilados que vieron licuadas sus pensiones mientras los representantes que dec\u00edan defenderlos optaron por el silencio. O por el veto.<br><br>Fuente:<\/p>\n\n\n\n<figure class=\"wp-block-embed is-type-rich is-provider-twitter wp-block-embed-twitter\"><div class=\"wp-block-embed__wrapper\">\n<blockquote class=\"twitter-tweet\" data-width=\"550\" data-dnt=\"true\"><p lang=\"es\" dir=\"ltr\">Tendr\u00eda que existir ficha limpia de hipocres\u00eda <a href=\"https:\/\/t.co\/D2J2eEJGaq\">pic.twitter.com\/D2J2eEJGaq<\/a><\/p>&mdash; Dante L\u00f3pez Foresi (@DanteForesi) <a href=\"https:\/\/twitter.com\/DanteForesi\/status\/1925267662969467042?ref_src=twsrc%5Etfw\">May 21, 2025<\/a><\/blockquote><script async src=\"https:\/\/platform.twitter.com\/widgets.js\" charset=\"utf-8\"><\/script>\n<\/div><\/figure>\n\n\n\n<ul class=\"wp-block-list\">\n<li>https:\/\/www.lapoliticaonline.com\/congreso\/lospennato-critico-la-motosierra-de-milei-contra-los-jubilados-en-campana-pero-no-dio-quorum-tras-su-fracaso-electoral\/<\/li>\n<\/ul>\n","protected":false},"excerpt":{"rendered":"<p>Silvia Lospennato supo construir su perfil pol\u00edtico bajo la bandera de ciertas causas progresistas, como la legalizaci\u00f3n del aborto o la transparencia institucional. Pero en tiempos donde la motosierra del ajuste libertario corta sobre todo a los m\u00e1s vulnerables, su discurso empieza a deshilacharse en la pr\u00e1ctica parlamentaria. La diputada del PRO critic\u00f3 en campa\u00f1a&#8230;<\/p>\n","protected":false},"author":11,"featured_media":4400,"comment_status":"open","ping_status":"open","sticky":false,"template":"","format":"standard","meta":{"_monsterinsights_skip_tracking":false,"_monsterinsights_sitenote_active":false,"_monsterinsights_sitenote_note":"","_monsterinsights_sitenote_category":0,"footnotes":"","jetpack_publicize_message":"","jetpack_publicize_feature_enabled":true,"jetpack_social_post_already_shared":true,"jetpack_social_options":{"image_generator_settings":{"template":"highway","default_image_id":0,"font":"","enabled":false},"version":2}},"categories":[2],"tags":[],"class_list":["post-4401","post","type-post","status-publish","format-standard","has-post-thumbnail","hentry","category-politica"],"jetpack_publicize_connections":[],"_links":{"self":[{"href":"https:\/\/www.enorsai.com\/noticias\/wp-json\/wp\/v2\/posts\/4401","targetHints":{"allow":["GET"]}}],"collection":[{"href":"https:\/\/www.enorsai.com\/noticias\/wp-json\/wp\/v2\/posts"}],"about":[{"href":"https:\/\/www.enorsai.com\/noticias\/wp-json\/wp\/v2\/types\/post"}],"author":[{"embeddable":true,"href":"https:\/\/www.enorsai.com\/noticias\/wp-json\/wp\/v2\/users\/11"}],"replies":[{"embeddable":true,"href":"https:\/\/www.enorsai.com\/noticias\/wp-json\/wp\/v2\/comments?post=4401"}],"version-history":[{"count":1,"href":"https:\/\/www.enorsai.com\/noticias\/wp-json\/wp\/v2\/posts\/4401\/revisions"}],"predecessor-version":[{"id":4402,"href":"https:\/\/www.enorsai.com\/noticias\/wp-json\/wp\/v2\/posts\/4401\/revisions\/4402"}],"wp:featuredmedia":[{"embeddable":true,"href":"https:\/\/www.enorsai.com\/noticias\/wp-json\/wp\/v2\/media\/4400"}],"wp:attachment":[{"href":"https:\/\/www.enorsai.com\/noticias\/wp-json\/wp\/v2\/media?parent=4401"}],"wp:term":[{"taxonomy":"category","embeddable":true,"href":"https:\/\/www.enorsai.com\/noticias\/wp-json\/wp\/v2\/categories?post=4401"},{"taxonomy":"post_tag","embeddable":true,"href":"https:\/\/www.enorsai.com\/noticias\/wp-json\/wp\/v2\/tags?post=4401"}],"curies":[{"name":"wp","href":"https:\/\/api.w.org\/{rel}","templated":true}]}}