{"id":4396,"date":"2025-05-21T15:01:41","date_gmt":"2025-05-21T18:01:41","guid":{"rendered":"https:\/\/www.enorsai.com\/noticias\/sociedad\/milei-avanza-en-la-destruccion-de-la-secretaria-de-derechos-humanos\/"},"modified":"2025-07-04T18:50:38","modified_gmt":"2025-07-04T21:50:38","slug":"milei-avanza-en-la-destruccion-de-la-secretaria-de-derechos-humanos","status":"publish","type":"post","link":"https:\/\/www.enorsai.com\/noticias\/sociedad\/milei-avanza-en-la-destruccion-de-la-secretaria-de-derechos-humanos\/","title":{"rendered":"Milei avanza en la destrucci\u00f3n de la Secretar\u00eda de Derechos Humanos"},"content":{"rendered":"\n<p><strong><em>La degradaci\u00f3n de la Secretar\u00eda de Derechos Humanos a una simple subsecretar\u00eda, el vaciamiento del Museo Sitio de Memoria ESMA y del Archivo Nacional de la Memoria, y la militarizaci\u00f3n simb\u00f3lica del espacio, marcan el inicio de un nuevo negacionismo de Estado. Una pol\u00edtica de olvido planificada desde el poder.<\/em><\/strong><br><br>En la madrugada del pa\u00eds, mientras las tarifas se multiplican, los salarios se desintegran y los jubilados son condenados al hambre, el gobierno libertario de Javier Milei afila otra hoja de su motosierra: la memoria colectiva. En nombre del ajuste, degrada lo que no entiende y destruye lo que teme. Esta vez, le toc\u00f3 a la Secretar\u00eda de Derechos Humanos de la Naci\u00f3n, que pasar\u00e1 a ser una mera subsecretar\u00eda. Pero el hecho, aunque t\u00e9cnico en apariencia, encierra una maniobra pol\u00edtica m\u00e1s profunda: el intento de borrar con decretos lo que el pueblo escribi\u00f3 con sangre.<br><br>Desde su nacimiento en 2002, la Secretar\u00eda fue una conquista del campo popular, un brazo institucional de la pol\u00edtica de Memoria, Verdad y Justicia que puso a la Argentina en el podio moral del mundo. All\u00ed donde otros pa\u00edses pactaron el olvido, Argentina eligi\u00f3 la verdad. All\u00ed donde otros archivan el horror, nosotros lo exhibimos para que nunca m\u00e1s vuelva a pasar. Hasta ahora.<br><br>La sede principal de la Secretar\u00eda se ubica en la ex-ESMA, uno de los mayores centros clandestinos de detenci\u00f3n y exterminio de la dictadura. Desde enero, ese espacio emblem\u00e1tico comenz\u00f3 a cambiar: ahora se encuentra custodiado por personal de la Polic\u00eda Federal Argentina, como si la vigilancia del recuerdo necesitara armas y no compromiso.<br><br>En marzo, Alberto Ba\u00f1os \u2014titular de la Secretar\u00eda, designado por el Ministerio de Justicia\u2014 orden\u00f3 que los directores vigilen la entrada de trabajadores \u00abrevoltosos\u00bb, como en los d\u00edas oscuros donde la disidencia era se\u00f1alada. La purga vino despu\u00e9s: m\u00e1s de 400 empleados fueron despedidos, lo que equivale al 44% del personal. La motosierra no distingue jerarqu\u00edas ni trayectorias. El objetivo es claro: desmantelar una pol\u00edtica p\u00fablica y desacreditar a quienes la sostienen.<br><br>El vocero presidencial, Manuel Adorni, anunci\u00f3 una nueva poda: el 40% de la estructura y el 30% del personal restante ser\u00e1 recortado. La Secretar\u00eda se convertir\u00e1 en una oficina de segunda l\u00ednea. La Memoria pasar\u00e1 a ser un tr\u00e1mite.<br><br>Pero el golpe es a\u00fan m\u00e1s profundo. El gobierno libertario ya circula un borrador para modificar la estructura del Museo Sitio de Memoria ESMA y el Archivo Nacional de la Memoria, ambos pilares en la construcci\u00f3n del relato colectivo sobre el terrorismo de Estado. \u00bfEl plan? Que dependan del CIPDH-UNESCO, un organismo sin conducci\u00f3n clara y sin la tradici\u00f3n institucional que respalde la tarea de investigar, preservar y comunicar el pasado reciente.<br><br>El CIPDH se encuentra ac\u00e9falo. Y quien suena para conducirlo es Ana Bel\u00e9n Marmora, abogada militante del negacionismo moderno, que celebr\u00f3 p\u00fablicamente el fracaso electoral de las \u201clistas aborteras\u201d. Una cruzada de odio reemplaza a una pol\u00edtica de derechos.<br><br>La operaci\u00f3n fue dise\u00f1ada por el Ministerio de Desregulaci\u00f3n que comanda Federico Sturzenegger, arquitecto del vaciamiento neoliberal, ahora devenido en sepulturero institucional. Bajo la excusa de eliminar \u201csuperposiciones\u201d, buscan aniquilar el coraz\u00f3n simb\u00f3lico de la democracia argentina.<br><br>Delfor \u00abPocho\u00bb Brizuela, secretario de Derechos Humanos de La Rioja, lo dijo con claridad: \u201cNo es lo mismo un centro de promoci\u00f3n que un organismo que sistematiza, investiga y custodia archivos de la represi\u00f3n. Est\u00e1 claro: quieren negar y suprimir la Memoria. Esa es la verdadera raz\u00f3n\u201d.<br><br>No se trata s\u00f3lo de despidos. No se trata s\u00f3lo de jerarqu\u00edas. Se trata de destruir el pacto fundacional del Nunca M\u00e1s. Se trata de silenciar a los 30.000, de vaciar de contenido las marchas del 24 de marzo, de cancelar la historia escrita por las Madres y las Abuelas de Plaza de Mayo, de licuar en tiempo de inflaci\u00f3n el sentido profundo de la palabra justicia.<br><br>La motosierra, esta vez, apunta a las ra\u00edces.<br><br>Y cuando las ra\u00edces son arrancadas, el \u00e1rbol entero tambalea.<\/p>\n\n\n\n<p>Fuente:<\/p>\n\n\n\n<ul class=\"wp-block-list\">\n<li>https:\/\/www.pagina12.com.ar\/827611-motosierra-a-la-memoria-las-consecuencias-de-la-degradacion-<\/li>\n<\/ul>\n","protected":false},"excerpt":{"rendered":"<p>La degradaci\u00f3n de la Secretar\u00eda de Derechos Humanos a una simple subsecretar\u00eda, el vaciamiento del Museo Sitio de Memoria ESMA y del Archivo Nacional de la Memoria, y la militarizaci\u00f3n simb\u00f3lica del espacio, marcan el inicio de un nuevo negacionismo de Estado. Una pol\u00edtica de olvido planificada desde el poder. En la madrugada del pa\u00eds,&#8230;<\/p>\n","protected":false},"author":1,"featured_media":4395,"comment_status":"open","ping_status":"open","sticky":false,"template":"","format":"standard","meta":{"_monsterinsights_skip_tracking":false,"_monsterinsights_sitenote_active":false,"_monsterinsights_sitenote_note":"","_monsterinsights_sitenote_category":0,"footnotes":"","jetpack_publicize_message":"","jetpack_publicize_feature_enabled":true,"jetpack_social_post_already_shared":true,"jetpack_social_options":{"image_generator_settings":{"template":"highway","default_image_id":0,"font":"","enabled":false},"version":2}},"categories":[1908,4],"tags":[],"class_list":["post-4396","post","type-post","status-publish","format-standard","has-post-thumbnail","hentry","category-derechos-humanos","category-sociedad"],"jetpack_publicize_connections":[],"_links":{"self":[{"href":"https:\/\/www.enorsai.com\/noticias\/wp-json\/wp\/v2\/posts\/4396","targetHints":{"allow":["GET"]}}],"collection":[{"href":"https:\/\/www.enorsai.com\/noticias\/wp-json\/wp\/v2\/posts"}],"about":[{"href":"https:\/\/www.enorsai.com\/noticias\/wp-json\/wp\/v2\/types\/post"}],"author":[{"embeddable":true,"href":"https:\/\/www.enorsai.com\/noticias\/wp-json\/wp\/v2\/users\/1"}],"replies":[{"embeddable":true,"href":"https:\/\/www.enorsai.com\/noticias\/wp-json\/wp\/v2\/comments?post=4396"}],"version-history":[{"count":1,"href":"https:\/\/www.enorsai.com\/noticias\/wp-json\/wp\/v2\/posts\/4396\/revisions"}],"predecessor-version":[{"id":5957,"href":"https:\/\/www.enorsai.com\/noticias\/wp-json\/wp\/v2\/posts\/4396\/revisions\/5957"}],"wp:featuredmedia":[{"embeddable":true,"href":"https:\/\/www.enorsai.com\/noticias\/wp-json\/wp\/v2\/media\/4395"}],"wp:attachment":[{"href":"https:\/\/www.enorsai.com\/noticias\/wp-json\/wp\/v2\/media?parent=4396"}],"wp:term":[{"taxonomy":"category","embeddable":true,"href":"https:\/\/www.enorsai.com\/noticias\/wp-json\/wp\/v2\/categories?post=4396"},{"taxonomy":"post_tag","embeddable":true,"href":"https:\/\/www.enorsai.com\/noticias\/wp-json\/wp\/v2\/tags?post=4396"}],"curies":[{"name":"wp","href":"https:\/\/api.w.org\/{rel}","templated":true}]}}