{"id":4394,"date":"2025-05-21T14:10:50","date_gmt":"2025-05-21T17:10:50","guid":{"rendered":"https:\/\/www.enorsai.com\/noticias\/sociedad\/los-gremios-fueguinos-confirman-un-paro-general-con-fuerte-respaldo-multisectorial-en-defensa-del-trabajo-y-la-industria\/"},"modified":"2025-05-21T14:10:50","modified_gmt":"2025-05-21T17:10:50","slug":"los-gremios-fueguinos-confirman-un-paro-general-con-fuerte-respaldo-multisectorial-en-defensa-del-trabajo-y-la-industria","status":"publish","type":"post","link":"https:\/\/www.enorsai.com\/noticias\/sociedad\/los-gremios-fueguinos-confirman-un-paro-general-con-fuerte-respaldo-multisectorial-en-defensa-del-trabajo-y-la-industria\/","title":{"rendered":"Los gremios fueguinos confirman un paro general con fuerte respaldo multisectorial en defensa del trabajo y la industria"},"content":{"rendered":"\n<p><strong><em>La huelga de la dignidad: Tierra del Fuego se planta contra el ajuste de Milei. Los gremios fueguinos confirman un paro general con fuerte respaldo multisectorial en defensa del trabajo y la industria<\/em><\/strong><br><br>La provincia m\u00e1s austral del pa\u00eds vuelve a marcar el pulso del descontento social. Este mi\u00e9rcoles 22 de mayo, Tierra del Fuego se sumar\u00e1 al paro general convocado por la CGT con un claro mensaje: basta de pol\u00edticas destructivas del tejido productivo. Desde la Uni\u00f3n Obrera Metal\u00fargica (UOM) hasta gremios del transporte, estatales, bancarios y judiciales, las organizaciones sindicales fueguinas saldr\u00e1n a las calles para frenar el brutal ajuste del gobierno de Javier Milei, que amenaza con liquidar miles de empleos en la isla.<br><br>Durante una conferencia de prensa en R\u00edo Grande, la CGT local oficializ\u00f3 la medida de fuerza de 24 horas, con un acto central convocado por la UOM frente a la planta de Mirgor \u2014empresa \u00edcono del entramado industrial de la provincia\u2014. All\u00ed, se leer\u00e1 un documento conjunto que expone el deterioro alarmante de la econom\u00eda fueguina a causa del plan econ\u00f3mico libertario.<br><br>\u201cVa a ser un d\u00eda de lucha importante para todos los que habitamos Tierra del Fuego\u201d, advirtieron los gremialistas, que no dudaron en se\u00f1alar al gobierno nacional como responsable directo de la sangr\u00eda laboral que se avecina. Seg\u00fan estimaciones del sindicato metal\u00fargico, las pol\u00edticas de apertura indiscriminada de importaciones, recorte de subsidios y desregulaci\u00f3n est\u00e1n poniendo en riesgo cerca de 6.000 puestos de trabajo en la industria fueguina.<br><br>El ataque a la Ley 19.640 y el desguace del empleo<br><br>El trasfondo del paro es claro: Milei quiere dinamitar el r\u00e9gimen de promoci\u00f3n industrial establecido por la Ley 19.640, que permiti\u00f3 el desarrollo econ\u00f3mico de Tierra del Fuego como enclave productivo estrat\u00e9gico. Bajo el argumento de \u201cachicar el gasto p\u00fablico\u201d y eliminar \u201cprivilegios\u201d, el gobierno nacional pretende borrar de un plumazo d\u00e9cadas de trabajo y arraigo en la isla.<br><br>Pero la resistencia no se hace esperar. La CGT fueguina \u2014junto con organizaciones enroladas en la CTA, movimientos sociales y fuerzas pol\u00edticas opositoras\u2014 est\u00e1n levantando una barricada de unidad ante lo que consideran un intento de desmantelar no s\u00f3lo la industria, sino tambi\u00e9n la soberan\u00eda territorial.<br><br>\u201cNo vamos a aceptar que se sacrifiquen nuestras fuentes de trabajo en nombre del mercado. Los empresarios deben garantizar que los puestos en el sector industrial se mantengan\u201d, dijeron los dirigentes, apuntando tambi\u00e9n contra el silencio c\u00f3mplice de algunos sectores del empresariado local, m\u00e1s preocupados por preservar rentabilidad que por sostener empleo.<br><br>Amplia adhesi\u00f3n y desaf\u00edo a la conciliaci\u00f3n obligatoria<br><br>Pese a que algunos sindicatos \u2014como los Petroleros\u2014 est\u00e1n atados por conciliaci\u00f3n obligatoria y no podr\u00e1n movilizar, el paro contar\u00e1 con una masiva adhesi\u00f3n. La lista incluye a la UOM, ATE, ATSA, ASIMRA, Camioneros, La Bancaria, Judiciales, Remiseros, colectiveros del transporte urbano, el CEC y el gremio docente SUTEF.<br><br>En otras palabras: la provincia se paraliza. La protesta excede lo gremial y se vuelve pol\u00edtica. Porque lo que est\u00e1 en juego no es s\u00f3lo un salario o un convenio colectivo, sino la continuidad misma del proyecto fueguino.<br><br>La avanzada de Milei y el espejo de 2001<br><br>El ajuste de Milei no es un fen\u00f3meno aislado. Es parte de una avanzada ideol\u00f3gica que concibe al Estado como enemigo y al mercado como \u00fanica br\u00fajula. Pero en territorios como Tierra del Fuego, esa l\u00f3gica tiene consecuencias dram\u00e1ticas: desinversi\u00f3n, desocupaci\u00f3n, fuga de talentos y desarraigo.<br><br>La historia reciente ofrece un espejo elocuente. En 2001, la crisis dej\u00f3 cicatrices profundas en la isla. Hoy, los fueguinos vuelven a ver c\u00f3mo las recetas del Fondo Monetario y los economistas de Excel amenazan con barrer con conquistas sociales, salariales e industriales.<br><br>Por eso, este paro no es s\u00f3lo una jornada de lucha: es un grito colectivo que trasciende las fronteras provinciales. Es una advertencia al poder central: no se puede gobernar con motosierra y desprecio por la gente.<br><br>El paro como punto de inflexi\u00f3n<br><br>Este mi\u00e9rcoles, las calles de R\u00edo Grande, Ushuaia y Tolhuin ser\u00e1n escenario de una movilizaci\u00f3n que promete ser hist\u00f3rica. Porque mientras en Buenos Aires se apuran para aprobar la Ley Bases y avanzar con la privatizaci\u00f3n de empresas p\u00fablicas, en el sur del pa\u00eds se enciende una chispa de rebeld\u00eda.<br><br>En tiempos donde la pol\u00edtica parece rendida al mandato del capital financiero, los trabajadores fueguinos ofrecen una lecci\u00f3n de dignidad. No hay transformaci\u00f3n posible si es contra los de abajo. No hay libertad si es para despedir. Y no hay futuro sin industria.<br><br>Fuente:<\/p>\n\n\n\n<ul class=\"wp-block-list\">\n<li>https:\/\/www.actualidadtdf.com.ar\/gremios-confirmaron-el-paro-general-para-este-miercoles\/<\/li>\n<\/ul>\n","protected":false},"excerpt":{"rendered":"<p>La huelga de la dignidad: Tierra del Fuego se planta contra el ajuste de Milei. Los gremios fueguinos confirman un paro general con fuerte respaldo multisectorial en defensa del trabajo y la industria La provincia m\u00e1s austral del pa\u00eds vuelve a marcar el pulso del descontento social. Este mi\u00e9rcoles 22 de mayo, Tierra del Fuego&#8230;<\/p>\n","protected":false},"author":1,"featured_media":4393,"comment_status":"open","ping_status":"open","sticky":false,"template":"","format":"standard","meta":{"_monsterinsights_skip_tracking":false,"_monsterinsights_sitenote_active":false,"_monsterinsights_sitenote_note":"","_monsterinsights_sitenote_category":0,"footnotes":"","jetpack_publicize_message":"","jetpack_publicize_feature_enabled":true,"jetpack_social_post_already_shared":true,"jetpack_social_options":{"image_generator_settings":{"template":"highway","default_image_id":0,"font":"","enabled":false},"version":2}},"categories":[4],"tags":[43,793,45,1492,476,1306],"class_list":["post-4394","post","type-post","status-publish","format-standard","has-post-thumbnail","hentry","category-sociedad","tag-crisis","tag-gremios","tag-milei","tag-paro-general","tag-tierra-del-fuego","tag-trabajo"],"jetpack_publicize_connections":[],"_links":{"self":[{"href":"https:\/\/www.enorsai.com\/noticias\/wp-json\/wp\/v2\/posts\/4394","targetHints":{"allow":["GET"]}}],"collection":[{"href":"https:\/\/www.enorsai.com\/noticias\/wp-json\/wp\/v2\/posts"}],"about":[{"href":"https:\/\/www.enorsai.com\/noticias\/wp-json\/wp\/v2\/types\/post"}],"author":[{"embeddable":true,"href":"https:\/\/www.enorsai.com\/noticias\/wp-json\/wp\/v2\/users\/1"}],"replies":[{"embeddable":true,"href":"https:\/\/www.enorsai.com\/noticias\/wp-json\/wp\/v2\/comments?post=4394"}],"version-history":[{"count":0,"href":"https:\/\/www.enorsai.com\/noticias\/wp-json\/wp\/v2\/posts\/4394\/revisions"}],"wp:featuredmedia":[{"embeddable":true,"href":"https:\/\/www.enorsai.com\/noticias\/wp-json\/wp\/v2\/media\/4393"}],"wp:attachment":[{"href":"https:\/\/www.enorsai.com\/noticias\/wp-json\/wp\/v2\/media?parent=4394"}],"wp:term":[{"taxonomy":"category","embeddable":true,"href":"https:\/\/www.enorsai.com\/noticias\/wp-json\/wp\/v2\/categories?post=4394"},{"taxonomy":"post_tag","embeddable":true,"href":"https:\/\/www.enorsai.com\/noticias\/wp-json\/wp\/v2\/tags?post=4394"}],"curies":[{"name":"wp","href":"https:\/\/api.w.org\/{rel}","templated":true}]}}