{"id":4390,"date":"2025-05-21T10:28:33","date_gmt":"2025-05-21T13:28:33","guid":{"rendered":"https:\/\/www.enorsai.com\/noticias\/?p=4390"},"modified":"2025-05-24T12:34:48","modified_gmt":"2025-05-24T15:34:48","slug":"en-la-antesala-del-paro-nacional-de-ate-rodolfo-aguiar-recibio-una-amenaza-de-muerte-y-desaparicion-por-parte-de-un-militante-libertario","status":"publish","type":"post","link":"https:\/\/www.enorsai.com\/noticias\/politica\/en-la-antesala-del-paro-nacional-de-ate-rodolfo-aguiar-recibio-una-amenaza-de-muerte-y-desaparicion-por-parte-de-un-militante-libertario\/","title":{"rendered":"ATE: Rodolfo Aguiar recibi\u00f3 una amenaza de muerte y desaparici\u00f3n por parte de un militante libertario"},"content":{"rendered":"\n<p><strong><em>La amenaza expl\u00edcita al dirigente estatal Rodolfo Aguiar no es un caso aislado ni una excentricidad digital. Es el s\u00edntoma de un clima de \u00e9poca donde el odio se institucionaliza, la violencia se legitima y la democracia se deshilacha bajo el fuego cruzado de discursos extremistas, avalados \u2014por acci\u00f3n u omisi\u00f3n\u2014 desde las m\u00e1s altas esferas del gobierno de Javier Milei. Lo que est\u00e1 en juego no es una persona. Es el derecho a disentir, a organizarse, a protestar.<\/em><\/strong><\/p>\n\n\n\n<p>\u201cRez\u00e1 por tu vida, te juro voy preso pero le hago un bien enorme a la patria. Hay que hacer desaparecer a esta bosta\u201d. La frase no se filtr\u00f3 de una novela dist\u00f3pica ni de un expediente judicial de la \u00faltima dictadura. Fue escrita hace apenas unas horas, en plena democracia, por un fan\u00e1tico libertario desde su cuenta de Instagram, dirigida directamente a Rodolfo Aguiar, Secretario General de la Asociaci\u00f3n Trabajadores del Estado (ATE). La amenaza fue p\u00fablica, cruda y directa: muerte y desaparici\u00f3n para quien se atreve a representar trabajadores en tiempos de ajuste y represi\u00f3n.<\/p>\n\n\n\n<p>El agresor se hace llamar \u201cEl Vidriero Liberal\u201d. Su nombre real \u2014seg\u00fan se supo\u2014 corresponde a un vendedor de cristales del partido de General San Mart\u00edn, en la provincia de Buenos Aires. En redes sociales no se esconde: milita fervorosamente por Javier Milei, profiere insultos contra referentes sindicales, pol\u00edticos opositores y toda persona que no comulgue con su cosmovisi\u00f3n cargada de odio y nostalgia por las botas. Es negacionista, antiderechos y profundamente violento. Lo m\u00e1s perturbador no es que exista, sino que se siente habilitado. Empoderado. Autorizado por un contexto pol\u00edtico donde la deshumanizaci\u00f3n del otro se ha vuelto moneda corriente.<\/p>\n\n\n\n<p>La amenaza lleg\u00f3 horas antes del paro nacional convocado por ATE. No es casual. En el pa\u00eds de Milei, organizarse sindicalmente es casi un acto de subversi\u00f3n. Defender derechos laborales equivale a desafiar al mercado sagrado. Y convocar a la protesta, en esta Argentina, es visto por el gobierno como un acto terrorista. Desde ese marco ideol\u00f3gico, donde el Estado debe desaparecer y los sindicatos son una r\u00e9mora \u201cmarxista\u201d del pasado, no es sorprendente que un seguidor radicalizado amenace con hacer \u201cdesaparecer\u201d al principal referente de ATE. La palabra no fue elegida al azar. En un pa\u00eds atravesado por la memoria de 30.000 desaparecidos, usarla como m\u00e9todo de amenaza pol\u00edtica no solo es infame, es profundamente simb\u00f3lico. Es un mensaje en s\u00ed mismo.<\/p>\n\n\n\n<p>Aguiar no se qued\u00f3 callado. Denunci\u00f3 el hecho penalmente. Advirti\u00f3 sobre la gravedad del clima pol\u00edtico que se vive. Y fue contundente: \u201cTenemos que frenar a estos energ\u00famenos que est\u00e1n corriendo los l\u00edmites de la democracia\u201d. Porque eso es lo que est\u00e1 ocurriendo. La amenaza a su integridad f\u00edsica no es un caso aislado. Es el resultado directo de un proceso de degradaci\u00f3n institucional donde el adversario se convierte en enemigo y donde los discursos de odio, lejos de ser frenados por el Estado, son muchas veces legitimados desde el atril presidencial o por los funcionarios que integran el gabinete.<\/p>\n\n\n\n<p>Y, como siempre, la Justicia llega tarde. O ni siquiera llega. \u201cHasta ahora, la Justicia ha sido la gran ausente. Esperamos que finalmente act\u00fae con ejemplaridad frente a un ataque sin precedentes a todos los derechos constitucionales\u201d, expres\u00f3 Aguiar. Tiene raz\u00f3n. En este contexto, el silencio del Poder Judicial no es neutralidad, es complicidad. Cada vez que se ignoran este tipo de amenazas, se corre un poco m\u00e1s el l\u00edmite de lo tolerable. Y una vez que ese l\u00edmite desaparece, ya no hay democracia que lo resista.<\/p>\n\n\n\n<p>Pero no se trata solo de un problema judicial. Es profundamente pol\u00edtico. \u00bfQu\u00e9 hace el gobierno de Javier Milei ante este tipo de hechos? Nada. O peor: elige mirar para otro lado mientras sus operadores digitales, influencers y trolls replican discursos similares, celebran el odio y fomentan la confrontaci\u00f3n. Patricia Bullrich, ministra de Seguridad, fue incluso invocada directamente en el mensaje amenazante: \u201c\u00a1Patricia, metelo preso de una vez a este mierda, por favor!\u201d. La escena es aterradora: un ciudadano pidi\u00e9ndole a la ministra que encarcele sin juicio previo a un sindicalista, simplemente por cumplir su funci\u00f3n. \u00bfY Bullrich? Silencio. Ni una palabra. Ni una condena. Ni un gesto de repudio.<\/p>\n\n\n\n<p>Ese silencio \u2014como todo en pol\u00edtica\u2014 habla. Habla de un gobierno que no est\u00e1 dispuesto a ponerle freno a los sectores m\u00e1s radicalizados de su base. Habla de una gesti\u00f3n que se alimenta del enfrentamiento y necesita de un enemigo interno constante para justificar su brutal ajuste. Habla de una administraci\u00f3n que prefiere estigmatizar al sindicalismo antes que garantizar la paz social. En definitiva, habla de un Estado ausente cuando se trata de proteger a quienes no est\u00e1n alineados con su modelo ultraliberal y represivo.<\/p>\n\n\n\n<p>La amenaza a Aguiar tambi\u00e9n es un mensaje para todos los trabajadores organizados: \u201cNo se metan. No protesten. No levanten la voz. Porque el costo puede ser su vida\u201d. Esa es la verdadera dimensi\u00f3n del hecho. No estamos ante una amenaza personal. Es un intento de disciplinamiento colectivo. Una advertencia para los que marchan, para los que se oponen, para los que se organizan. Es un globo de ensayo. Un experimento de miedo.<\/p>\n\n\n\n<p>Pero cuidado: no hay que subestimarlos. Los ataques no son anecd\u00f3ticos. Son parte de un plan. Porque cuando el presidente de la Naci\u00f3n llama \u201ccasta\u201d a todo aquel que lo critique, cuando se recorta el presupuesto de los organismos de derechos humanos, cuando se reinstala el discurso de \u201cguerra cultural\u201d, se habilita una zona gris donde todo vale. Y en esa zona gris, las amenazas como la que recibi\u00f3 Aguiar ya no son aberraciones. Son consecuencias.<\/p>\n\n\n\n<p>La violencia pol\u00edtica en la Argentina de Milei escala, se vuelve m\u00e1s cruda, m\u00e1s expl\u00edcita, m\u00e1s impune. No se trata de una percepci\u00f3n. Es un hecho. Hoy fue Aguiar. Ma\u00f1ana puede ser cualquier dirigente social, periodista, docente o artista que se anime a expresar disenso. La pregunta es: \u00bfhasta cu\u00e1ndo se va a tolerar esto? \u00bfCu\u00e1l es el punto de quiebre? \u00bfHabr\u00e1 que lamentar una tragedia para que el Estado act\u00fae?<\/p>\n\n\n\n<p>El pa\u00eds no puede normalizar el odio como forma de hacer pol\u00edtica. No podemos resignarnos a que las redes sociales se conviertan en trincheras de amenazas, ni aceptar que el poder mire para otro lado cuando se violan los derechos b\u00e1sicos. La democracia no es solo votar cada cuatro a\u00f1os. Es tambi\u00e9n garantizar que todos \u2014incluso los que piensan distinto\u2014 puedan expresarse, protestar y vivir sin miedo.<\/p>\n\n\n\n<p>Por eso, lo que est\u00e1 en juego con esta amenaza no es solo la vida de Rodolfo Aguiar. Es la salud de nuestra democracia. Es el derecho a disentir sin que eso implique una sentencia de muerte escrita desde el anonimato virtual, pero con el aval t\u00e1cito del poder real.<\/p>\n\n\n\n<p>Fuente:<\/p>\n\n\n\n<ul class=\"wp-block-list\">\n<li><a href=\"https:\/\/www.infogremiales.com.ar\/escala-la-violencia-politica-en-la-era-milei-y-ahora-amenazaron-de-muerte-y-desaparicion-a-rodolfo-aguiar-en-la-previa-al-paro-de-ate\/\">https:\/\/www.infogremiales.com.ar\/escala-la-violencia-politica-en-la-era-milei-y-ahora-amenazaron-de-muerte-y-desaparicion-a-rodolfo-aguiar-en-la-previa-al-paro-de-ate\/<\/a><\/li>\n<\/ul>\n","protected":false},"excerpt":{"rendered":"<p>La amenaza expl\u00edcita al dirigente estatal Rodolfo Aguiar no es un caso aislado ni una excentricidad digital. Es el s\u00edntoma de un clima de \u00e9poca donde el odio se institucionaliza, la violencia se legitima y la democracia se deshilacha bajo el fuego cruzado de discursos extremistas, avalados \u2014por acci\u00f3n u omisi\u00f3n\u2014 desde las m\u00e1s altas&#8230;<\/p>\n","protected":false},"author":1,"featured_media":4391,"comment_status":"open","ping_status":"open","sticky":false,"template":"","format":"standard","meta":{"_monsterinsights_skip_tracking":false,"_monsterinsights_sitenote_active":false,"_monsterinsights_sitenote_note":"","_monsterinsights_sitenote_category":0,"footnotes":"","jetpack_publicize_message":"","jetpack_publicize_feature_enabled":true,"jetpack_social_post_already_shared":true,"jetpack_social_options":{"image_generator_settings":{"template":"highway","default_image_id":0,"font":"","enabled":false},"version":2}},"categories":[2],"tags":[],"class_list":["post-4390","post","type-post","status-publish","format-standard","has-post-thumbnail","hentry","category-politica"],"jetpack_publicize_connections":[],"_links":{"self":[{"href":"https:\/\/www.enorsai.com\/noticias\/wp-json\/wp\/v2\/posts\/4390","targetHints":{"allow":["GET"]}}],"collection":[{"href":"https:\/\/www.enorsai.com\/noticias\/wp-json\/wp\/v2\/posts"}],"about":[{"href":"https:\/\/www.enorsai.com\/noticias\/wp-json\/wp\/v2\/types\/post"}],"author":[{"embeddable":true,"href":"https:\/\/www.enorsai.com\/noticias\/wp-json\/wp\/v2\/users\/1"}],"replies":[{"embeddable":true,"href":"https:\/\/www.enorsai.com\/noticias\/wp-json\/wp\/v2\/comments?post=4390"}],"version-history":[{"count":2,"href":"https:\/\/www.enorsai.com\/noticias\/wp-json\/wp\/v2\/posts\/4390\/revisions"}],"predecessor-version":[{"id":4485,"href":"https:\/\/www.enorsai.com\/noticias\/wp-json\/wp\/v2\/posts\/4390\/revisions\/4485"}],"wp:featuredmedia":[{"embeddable":true,"href":"https:\/\/www.enorsai.com\/noticias\/wp-json\/wp\/v2\/media\/4391"}],"wp:attachment":[{"href":"https:\/\/www.enorsai.com\/noticias\/wp-json\/wp\/v2\/media?parent=4390"}],"wp:term":[{"taxonomy":"category","embeddable":true,"href":"https:\/\/www.enorsai.com\/noticias\/wp-json\/wp\/v2\/categories?post=4390"},{"taxonomy":"post_tag","embeddable":true,"href":"https:\/\/www.enorsai.com\/noticias\/wp-json\/wp\/v2\/tags?post=4390"}],"curies":[{"name":"wp","href":"https:\/\/api.w.org\/{rel}","templated":true}]}}