{"id":4386,"date":"2025-05-21T10:16:32","date_gmt":"2025-05-21T13:16:32","guid":{"rendered":"https:\/\/www.enorsai.com\/noticias\/?p=4386"},"modified":"2025-05-21T10:16:32","modified_gmt":"2025-05-21T13:16:32","slug":"la-desregulacion-de-milei-que-amenaza-la-soberania-maritima-argentina-y-podria-llevar-a-la-desaparicion-de-la-marina-mercante-nacional","status":"publish","type":"post","link":"https:\/\/www.enorsai.com\/noticias\/economia\/la-desregulacion-de-milei-que-amenaza-la-soberania-maritima-argentina-y-podria-llevar-a-la-desaparicion-de-la-marina-mercante-nacional\/","title":{"rendered":"La desregulaci\u00f3n de Milei que amenaza la soberan\u00eda mar\u00edtima argentina y podr\u00eda llevar a la desaparici\u00f3n de la Marina Mercante Nacional"},"content":{"rendered":"\n<p><strong><em>La reciente desregulaci\u00f3n del mercado de cabotaje mar\u00edtimo por parte del gobierno de Javier Milei ha encendido alarmas en diversos sectores. Mientras el Ejecutivo argumenta que la medida busca recuperar competitividad y sanear la crisis del sector, sindicatos y expertos advierten sobre la p\u00e9rdida de soberan\u00eda, la precarizaci\u00f3n laboral y el riesgo de desaparici\u00f3n de la Marina Mercante Nacional.<\/em><\/strong><\/p>\n\n\n\n<p>(Por Nicol\u00e1s Valdez) El gobierno de Javier Milei ha oficializado, mediante el Decreto de Necesidad y Urgencia (DNU) 340\/2025, una profunda desregulaci\u00f3n del mercado de cabotaje mar\u00edtimo y fluvial. Esta medida permite que buques de bandera extranjera operen bajo matr\u00edcula argentina, flexibiliza requisitos laborales y elimina trabas burocr\u00e1ticas, con el objetivo declarado de recuperar la competitividad y sanear la crisis que afronta el sector.<\/p>\n\n\n\n<p>El ministro de Desregulaci\u00f3n y Transformaci\u00f3n del Estado, Federico Sturzenegger, defendi\u00f3 la normativa en su cuenta de X, asegurando que \u00abel DNU 340\/25 con firma de Javier Milei rescata el esp\u00edritu constitucional\u00bb, citando el art\u00edculo 26 de la Constituci\u00f3n Nacional que establece que \u00abla navegaci\u00f3n de los r\u00edos interiores de la Naci\u00f3n es libre para todas las banderas, con sujeci\u00f3n \u00fanicamente a los reglamentos que dicte la autoridad nacional\u00bb.<\/p>\n\n\n\n<p>Sin embargo, esta desregulaci\u00f3n ha generado un fuerte rechazo por parte de sindicatos y expertos del sector. La Federaci\u00f3n Sindical Mar\u00edtima y Fluvial (FESIMAF) alert\u00f3 que la medida pone en peligro a un sector que emplea a m\u00e1s de 20.000 personas de forma directa y podr\u00eda llevar a la desaparici\u00f3n de la Marina Mercante Nacional. Desde el Sindicato de Conductores Navales (Siconara) y otras organizaciones del sector, se advirti\u00f3 que se trata de un \u00abgolpe hist\u00f3rico\u00bb al cabotaje argentino y una entrega directa de la log\u00edstica mar\u00edtima a intereses for\u00e1neos.<\/p>\n\n\n\n<p>La desregulaci\u00f3n tambi\u00e9n ha sido criticada por su impacto en la soberan\u00eda nacional. El secretario de Relaciones Laborales del Sindicato de Obreros Mar\u00edtimos Unidos (SOMU), Alejandro Vargas, enfatiz\u00f3 en \u00abla importancia de proteger la actividad nacional, el trabajo digno y los convenios colectivos\u00bb, y lament\u00f3 la escasa participaci\u00f3n de legisladores oficialistas en el recinto. \u00abSin tripulantes argentinos, no hay soberan\u00eda nacional\u00bb, expres\u00f3.<\/p>\n\n\n<ul class=\"wp-block-latest-posts__list is-grid columns-3 wp-block-latest-posts\"><li><div class=\"wp-block-latest-posts__featured-image\"><img loading=\"lazy\" decoding=\"async\" width=\"300\" height=\"185\" src=\"https:\/\/www.enorsai.com\/noticias\/wp-content\/uploads\/2025\/07\/20250704-gas-300x185.webp\" class=\"attachment-medium size-medium wp-post-image\" alt=\"\" style=\"\" srcset=\"https:\/\/www.enorsai.com\/noticias\/wp-content\/uploads\/2025\/07\/20250704-gas-300x185.webp 300w, https:\/\/www.enorsai.com\/noticias\/wp-content\/uploads\/2025\/07\/20250704-gas.webp 760w\" sizes=\"auto, (max-width: 300px) 100vw, 300px\" \/><\/div><a class=\"wp-block-latest-posts__post-title\" href=\"https:\/\/www.enorsai.com\/noticias\/politica\/milei-lo-hizo-hay-desabastecimiento-de-gas-y-limitan-la-venta-de-gnc\/\">Milei lo hizo: hay desabastecimiento de gas y limitan la venta de GNC<\/a><\/li>\n<li><div class=\"wp-block-latest-posts__featured-image\"><img loading=\"lazy\" decoding=\"async\" width=\"300\" height=\"200\" src=\"https:\/\/www.enorsai.com\/noticias\/wp-content\/uploads\/2026\/04\/kicillof-salud-300x200.jpg\" class=\"attachment-medium size-medium wp-post-image\" alt=\"\" style=\"\" srcset=\"https:\/\/www.enorsai.com\/noticias\/wp-content\/uploads\/2026\/04\/kicillof-salud-300x200.jpg 300w, https:\/\/www.enorsai.com\/noticias\/wp-content\/uploads\/2026\/04\/kicillof-salud-1024x683.jpg 1024w, https:\/\/www.enorsai.com\/noticias\/wp-content\/uploads\/2026\/04\/kicillof-salud-768x512.jpg 768w, https:\/\/www.enorsai.com\/noticias\/wp-content\/uploads\/2026\/04\/kicillof-salud-600x400.jpg 600w, https:\/\/www.enorsai.com\/noticias\/wp-content\/uploads\/2026\/04\/kicillof-salud.jpg 1068w\" sizes=\"auto, (max-width: 300px) 100vw, 300px\" \/><\/div><a class=\"wp-block-latest-posts__post-title\" href=\"https:\/\/www.enorsai.com\/noticias\/sociedad\/salud\/kicillof-refuerza-la-entrega-de-medicamentos-ante-el-ajuste-de-milei\/\">Kicillof refuerza la entrega de medicamentos ante el ajuste de Milei<\/a><\/li>\n<li><div class=\"wp-block-latest-posts__featured-image\"><img loading=\"lazy\" decoding=\"async\" width=\"300\" height=\"169\" src=\"https:\/\/www.enorsai.com\/noticias\/wp-content\/uploads\/2026\/04\/La-cantidad-de-locales-vacios-crecio-385-en-la-Ciudad-de-Buenos-Aires-300x169.png\" class=\"attachment-medium size-medium wp-post-image\" alt=\"\" style=\"\" srcset=\"https:\/\/www.enorsai.com\/noticias\/wp-content\/uploads\/2026\/04\/La-cantidad-de-locales-vacios-crecio-385-en-la-Ciudad-de-Buenos-Aires-300x169.png 300w, https:\/\/www.enorsai.com\/noticias\/wp-content\/uploads\/2026\/04\/La-cantidad-de-locales-vacios-crecio-385-en-la-Ciudad-de-Buenos-Aires-768x432.png 768w, https:\/\/www.enorsai.com\/noticias\/wp-content\/uploads\/2026\/04\/La-cantidad-de-locales-vacios-crecio-385-en-la-Ciudad-de-Buenos-Aires.png 960w\" sizes=\"auto, (max-width: 300px) 100vw, 300px\" \/><\/div><a class=\"wp-block-latest-posts__post-title\" href=\"https:\/\/www.enorsai.com\/noticias\/economia\/la-cantidad-de-locales-vacios-crecio-385-en-la-ciudad-de-buenos-aires\/\">La cantidad de locales vac\u00edos creci\u00f3 38,5% en la Ciudad de Buenos Aires<\/a><\/li>\n<\/ul>\n\n\n<p>Adem\u00e1s, la medida declara como \u00abservicio esencial\u00bb a la navegaci\u00f3n mar\u00edtima y fluvial para el transporte comercial de personas, mercader\u00edas y servicios conexos, lo que implica que no podr\u00e1n realizarse paros gremiales en el sector. Esta disposici\u00f3n ha sido interpretada como un intento de limitar el derecho a huelga y debilitar la capacidad de negociaci\u00f3n de los trabajadores.<\/p>\n\n\n\n<p>En este contexto, la desregulaci\u00f3n del mercado de cabotaje mar\u00edtimo y fluvial se presenta como una medida pol\u00e9mica que, bajo el argumento de mejorar la competitividad, podr\u00eda tener consecuencias negativas para la soberan\u00eda nacional, el empleo y las condiciones laborales en el sector. El debate sobre el equilibrio entre apertura econ\u00f3mica y protecci\u00f3n de los intereses nacionales contin\u00faa abierto y requiere de un an\u00e1lisis profundo y participativo.<\/p>\n\n\n\n<p>Fuentes:<\/p>\n\n\n\n<ul class=\"wp-block-list\">\n<li><a href=\"https:\/\/prensamercosur.org\/2025\/04\/25\/preocupacion-por-el-posible-impacto-de-un-proyecto-de-desregulacion-del-cabotaje-maritimo-argentino\/?utm_source=chatgpt.com\">https:\/\/prensamercosur.org\/2025\/04\/25\/preocupacion-por-el-posible-impacto-de-un-proyecto-de-desregulacion-del-cabotaje-maritimo-argentino\/<\/a><\/li>\n\n\n\n<li><a href=\"https:\/\/elintransigente.com\/2025\/05\/no-podran-hacer-paros-gremiales-el-gobierno-nacional-definio-la-actividad-maritima-como-servicio-esencial\/?utm_source=chatgpt.com\">https:\/\/elintransigente.com\/2025\/05\/no-podran-hacer-paros-gremiales-el-gobierno-nacional-definio-la-actividad-maritima-como-servicio-esencial\/<\/a><\/li>\n\n\n\n<li><a href=\"https:\/\/www.infobae.com\/economia\/2025\/05\/21\/desregulacion-el-gobierno-aprobo-un-nuevo-regimen-para-la-marina-mercante-y-declaro-servicio-esencial-a-la-navegacion\/?utm_source=chatgpt.com\">https:\/\/www.infobae.com\/economia\/2025\/05\/21\/desregulacion-el-gobierno-aprobo-un-nuevo-regimen-para-la-marina-mercante-y-declaro-servicio-esencial-a-la-navegacion\/<\/a><\/li>\n\n\n\n<li><a href=\"https:\/\/www.eldestapeweb.com\/politica\/transporte\/motosierra-profunda-sturzenegger-avanza-con-un-dnu-que-pone-en-peligro-a-un-sector-con-20-000-empleos-202412238561?utm_source=chatgpt.com\">https:\/\/www.eldestapeweb.com\/politica\/transporte\/motosierra-profunda-sturzenegger-avanza-con-un-dnu-que-pone-en-peligro-a-un-sector-con-20-000-empleos-202412238561<\/a><\/li>\n\n\n\n<li><a href=\"https:\/\/algoencomun.com.ar\/marina-mercante-al-borde-del-abismo-desregulacion-inminente-amenaza-3-000-puestos-de-trabajo\/?utm_source=chatgpt.com#google_vignette\">https:\/\/algoencomun.com.ar\/marina-mercante-al-borde-del-abismo-desregulacion-inminente-amenaza-3-000-puestos-de-trabajo\/<\/a><\/li>\n<\/ul>\n","protected":false},"excerpt":{"rendered":"<p>La reciente desregulaci\u00f3n del mercado de cabotaje mar\u00edtimo por parte del gobierno de Javier Milei ha encendido alarmas en diversos sectores. Mientras el Ejecutivo argumenta que la medida busca recuperar competitividad y sanear la crisis del sector, sindicatos y expertos advierten sobre la p\u00e9rdida de soberan\u00eda, la precarizaci\u00f3n laboral y el riesgo de desaparici\u00f3n de&#8230;<\/p>\n","protected":false},"author":11,"featured_media":4387,"comment_status":"open","ping_status":"open","sticky":false,"template":"","format":"standard","meta":{"_monsterinsights_skip_tracking":false,"_monsterinsights_sitenote_active":false,"_monsterinsights_sitenote_note":"","_monsterinsights_sitenote_category":0,"footnotes":"","jetpack_publicize_message":"","jetpack_publicize_feature_enabled":true,"jetpack_social_post_already_shared":true,"jetpack_social_options":{"image_generator_settings":{"template":"highway","default_image_id":0,"font":"","enabled":false},"version":2}},"categories":[3],"tags":[],"class_list":["post-4386","post","type-post","status-publish","format-standard","has-post-thumbnail","hentry","category-economia"],"jetpack_publicize_connections":[],"_links":{"self":[{"href":"https:\/\/www.enorsai.com\/noticias\/wp-json\/wp\/v2\/posts\/4386","targetHints":{"allow":["GET"]}}],"collection":[{"href":"https:\/\/www.enorsai.com\/noticias\/wp-json\/wp\/v2\/posts"}],"about":[{"href":"https:\/\/www.enorsai.com\/noticias\/wp-json\/wp\/v2\/types\/post"}],"author":[{"embeddable":true,"href":"https:\/\/www.enorsai.com\/noticias\/wp-json\/wp\/v2\/users\/11"}],"replies":[{"embeddable":true,"href":"https:\/\/www.enorsai.com\/noticias\/wp-json\/wp\/v2\/comments?post=4386"}],"version-history":[{"count":1,"href":"https:\/\/www.enorsai.com\/noticias\/wp-json\/wp\/v2\/posts\/4386\/revisions"}],"predecessor-version":[{"id":4388,"href":"https:\/\/www.enorsai.com\/noticias\/wp-json\/wp\/v2\/posts\/4386\/revisions\/4388"}],"wp:featuredmedia":[{"embeddable":true,"href":"https:\/\/www.enorsai.com\/noticias\/wp-json\/wp\/v2\/media\/4387"}],"wp:attachment":[{"href":"https:\/\/www.enorsai.com\/noticias\/wp-json\/wp\/v2\/media?parent=4386"}],"wp:term":[{"taxonomy":"category","embeddable":true,"href":"https:\/\/www.enorsai.com\/noticias\/wp-json\/wp\/v2\/categories?post=4386"},{"taxonomy":"post_tag","embeddable":true,"href":"https:\/\/www.enorsai.com\/noticias\/wp-json\/wp\/v2\/tags?post=4386"}],"curies":[{"name":"wp","href":"https:\/\/api.w.org\/{rel}","templated":true}]}}