{"id":4383,"date":"2025-05-21T09:54:38","date_gmt":"2025-05-21T12:54:38","guid":{"rendered":"http:\/\/www.enorsai.com\/noticias\/?p=4383"},"modified":"2025-05-21T09:54:38","modified_gmt":"2025-05-21T12:54:38","slug":"pro-los-complices-del-ajuste-y-verdugos-de-los-jubilados","status":"publish","type":"post","link":"https:\/\/www.enorsai.com\/noticias\/politica\/pro-los-complices-del-ajuste-y-verdugos-de-los-jubilados\/","title":{"rendered":"PRO: Los c\u00f3mplices del ajuste y verdugos de los jubilados"},"content":{"rendered":"\n<p><strong><em>A pesar del deterioro brutal en los haberes previsionales, el bloque que responde a Mauricio Macri se niega a dar qu\u00f3rum para debatir proyectos que buscan recomponer el ingreso de los adultos mayores. La obediencia al plan econ\u00f3mico de Milei pesa m\u00e1s que la dignidad de los jubilados.<\/em><\/strong><\/p>\n\n\n\n<p>El PRO sell\u00f3 su rendici\u00f3n incondicional ante Javier Milei. Ni las traiciones electorales ni la crisis social frenan su sumisi\u00f3n. En un contexto de marchas de jubilados, haberes por debajo de la l\u00ednea de indigencia y bonos congelados, la decisi\u00f3n del bloque liderado por Cristian Ritondo de bloquear el debate en Diputados desenmascara un pacto de poder que castiga sin miramientos a los m\u00e1s vulnerables.<\/p>\n\n\n\n<p>En la Argentina de 2025, mientras los jubilados marchan una vez m\u00e1s exigiendo un haber digno y una vejez sin miseria, el bloque del PRO le da la espalda a esa realidad con una frialdad quir\u00fargica. Lo hace, adem\u00e1s, con una sonrisa diplom\u00e1tica, escud\u00e1ndose en tecnicismos y repitiendo con obediencia doctrinaria los mantras del ajuste libertario. Porque cuando hay que elegir entre los adultos mayores y el mercado, entre la gente y los negocios, el macrismo ya no duda. Se entrega. Se rinde. Se pliega.<\/p>\n\n\n\n<p>La escena no admite dobleces. Este mi\u00e9rcoles, la oposici\u00f3n parlamentaria buscaba reunir qu\u00f3rum para tratar una serie de proyectos urgentes: recomposici\u00f3n del bono previsional \u2014estancado en los $70.000 desde hace meses pese a una inflaci\u00f3n acumulada de pesadilla\u2014 y la reactivaci\u00f3n de la moratoria previsional, vencida y no prorrogada por el gobierno de Javier Milei. Tambi\u00e9n hab\u00eda en agenda una declaraci\u00f3n de zona de desastre para localidades bonaerenses arrasadas por el \u00faltimo temporal. Pero nada de eso le import\u00f3 al PRO.<\/p>\n\n\n\n<p>Cristian Ritondo, presidente del bloque macrista, se encarg\u00f3 de anunciarlo sin titubeos en un escenario que es todo un s\u00edmbolo: el foro de la C\u00e1mara de Empresarios de Estados Unidos en la Argentina. All\u00ed, ante un auditorio de ejecutivos, asegur\u00f3 que el PRO no iba a dar qu\u00f3rum. \u201cAtenta contra el plan econ\u00f3mico\u201d, dijo sin ruborizarse, como si garantizar una pensi\u00f3n m\u00ednimamente digna fuera una provocaci\u00f3n peligrosa, una amenaza fiscal, un acto de rebeld\u00eda.<\/p>\n\n\n\n<p>\u00bfY el respeto por quienes trabajaron toda su vida? \u00bfY la responsabilidad del Estado para con sus adultos mayores? No, eso no entra en la ecuaci\u00f3n del mileismo ni de su nuevo socio conurbano. La sensibilidad social fue descartada como una \u201cchicana\u201d, un truco pol\u00edtico m\u00e1s. Seg\u00fan Ritondo, lo importante es no desestabilizar el ajuste, aunque ese ajuste desangre.<\/p>\n\n\n\n<p>En este juego perverso, el PRO ya no se disfraza. Su lealtad est\u00e1 con Milei, aunque ese mismo Milei les haya serruchado el piso en las elecciones porte\u00f1as y humillado p\u00fablicamente al presentar a Manuel Adorni como candidato, dej\u00e1ndolos fuera del reparto. Lejos de responder con dignidad, optaron por agachar la cabeza y seguir alineados. El resultado: una rendici\u00f3n sin condiciones. Una entrega total al plan de demolici\u00f3n del Estado.<\/p>\n\n\n\n<p>El contexto no podr\u00eda ser m\u00e1s cruel. Los proyectos en discusi\u00f3n no ped\u00edan la luna. Hablaban de actualizar el bono previsional a $100.000 o $115.000 \u2014valores que ni siquiera alcanzan a cubrir la canasta b\u00e1sica de un jubilado, estimada ya muy por encima de los $250.000\u2014, y de aplicar una recomposici\u00f3n del 7,2% a los haberes. Tambi\u00e9n se discut\u00eda reinstaurar la moratoria para que miles de personas que no llegaron a completar los aportes por d\u00e9cadas de informalidad no queden afuera del sistema. Pero nada de eso parece suficiente para conmover a los operadores del ajuste.<\/p>\n\n\n\n<p>Es m\u00e1s, en esa misma sesi\u00f3n se revelaron las verdaderas prioridades. Mientras niegan el pan a los jubilados, los diputados del PRO s\u00ed estuvieron sentados cuando el oficialismo necesit\u00f3 debatir el nuevo acuerdo con el FMI, que implica m\u00e1s deuda, m\u00e1s condicionamientos y, claro, m\u00e1s recortes sociales. La doble vara no puede ser m\u00e1s obscena: para el Fondo, todo. Para los jubilados, nada.<\/p>\n\n\n<ul class=\"wp-block-latest-posts__list is-grid columns-3 wp-block-latest-posts\"><li><div class=\"wp-block-latest-posts__featured-image\"><img loading=\"lazy\" decoding=\"async\" width=\"150\" height=\"150\" src=\"https:\/\/www.enorsai.com\/noticias\/wp-content\/uploads\/2025\/07\/20250704-gas-150x150.webp\" class=\"attachment-thumbnail size-thumbnail wp-post-image\" alt=\"\" style=\"\" \/><\/div><a class=\"wp-block-latest-posts__post-title\" href=\"https:\/\/www.enorsai.com\/noticias\/politica\/milei-lo-hizo-hay-desabastecimiento-de-gas-y-limitan-la-venta-de-gnc\/\">Milei lo hizo: hay desabastecimiento de gas y limitan la venta de GNC<\/a><\/li>\n<li><div class=\"wp-block-latest-posts__featured-image\"><img loading=\"lazy\" decoding=\"async\" width=\"150\" height=\"150\" src=\"https:\/\/www.enorsai.com\/noticias\/wp-content\/uploads\/2026\/04\/kicillof-salud-150x150.jpg\" class=\"attachment-thumbnail size-thumbnail wp-post-image\" alt=\"\" style=\"\" \/><\/div><a class=\"wp-block-latest-posts__post-title\" href=\"https:\/\/www.enorsai.com\/noticias\/sociedad\/salud\/kicillof-refuerza-la-entrega-de-medicamentos-ante-el-ajuste-de-milei\/\">Kicillof refuerza la entrega de medicamentos ante el ajuste de Milei<\/a><\/li>\n<li><div class=\"wp-block-latest-posts__featured-image\"><img loading=\"lazy\" decoding=\"async\" width=\"150\" height=\"150\" src=\"https:\/\/www.enorsai.com\/noticias\/wp-content\/uploads\/2026\/04\/La-cantidad-de-locales-vacios-crecio-385-en-la-Ciudad-de-Buenos-Aires-150x150.png\" class=\"attachment-thumbnail size-thumbnail wp-post-image\" alt=\"\" style=\"\" \/><\/div><a class=\"wp-block-latest-posts__post-title\" href=\"https:\/\/www.enorsai.com\/noticias\/economia\/la-cantidad-de-locales-vacios-crecio-385-en-la-ciudad-de-buenos-aires\/\">La cantidad de locales vac\u00edos creci\u00f3 38,5% en la Ciudad de Buenos Aires<\/a><\/li>\n<\/ul>\n\n\n<p>La c\u00e1mara de Diputados, presidida por Mart\u00edn Menem, se encuentra hoy atravesada por un tablero de alianzas en constante mutaci\u00f3n, pero hay algo que permanece: el blindaje que PRO y La Libertad Avanza se brindan mutuamente cuando se trata de evitar cualquier medida que interrumpa el ajuste. Y si bien algunos radicales disidentes, la izquierda, la Coalici\u00f3n C\u00edvica y Uni\u00f3n por la Patria intentan forzar el debate, los n\u00fameros siguen siendo ajustados. La presencia o ausencia de apenas un par de legisladores puede definirlo todo.<\/p>\n\n\n\n<p>En este clima de tensi\u00f3n y desesperanza, incluso dentro del propio PRO hay fisuras. Algunos diputados, como \u00c1lvaro Gonz\u00e1lez o H\u00e9ctor Baldassi, que responden a sectores m\u00e1s moderados como Horacio Rodr\u00edguez Larreta, podr\u00edan desmarcarse. Pero hasta ahora, su actitud ha sido err\u00e1tica. El grueso del bloque sigue obedeciendo el mandato de Macri: cerrar filas con Milei. El resto son excepciones que apenas disimulan el rumbo decidido.<\/p>\n\n\n\n<p>El problema de fondo, sin embargo, no es s\u00f3lo aritm\u00e9tico. Es \u00e9tico. \u00bfQu\u00e9 democracia parlamentaria tenemos cuando uno de los principales bloques opositores \u2014al menos en los papeles\u2014 decide vaciar el Congreso en lugar de defender a sus ciudadanos m\u00e1s vulnerables? \u00bfDe qu\u00e9 sirve votar representantes si, una vez en el recinto, eligen no representar a nadie m\u00e1s que a los mercados?<\/p>\n\n\n\n<p>Los jubilados no son una carga. Son los cimientos vivientes de una sociedad que les dio la espalda. Son mujeres y hombres que trabajaron, criaron, aportaron, vivieron y ahora, en lugar de recibir cuidado, reciben desprecio. El gobierno los empuja a la indigencia, y el PRO, en su rol de c\u00f3mplice necesario, act\u00faa como verdugo silencioso.<\/p>\n\n\n\n<p>En medio de todo esto, la calle no calla. Las movilizaciones de jubilados se multiplican. Las ollas populares frente al Congreso se llenan de historias de abandono. El malestar crece y se acumula como una olla de presi\u00f3n a punto de estallar. Pero en las alturas del poder, las decisiones ya est\u00e1n tomadas. Para Milei y Macri, los jubilados son simplemente un costo a reducir. Una variable m\u00e1s en la contabilidad del ajuste eterno.<\/p>\n\n\n\n<p>La Argentina de hoy no s\u00f3lo discute n\u00fameros. Discute su alma. Discute si la pol\u00edtica est\u00e1 para mejorar la vida o para castigar a los que ya no tienen fuerzas para resistir. Y ante esa discusi\u00f3n, el PRO eligi\u00f3 su trinchera: al lado del l\u00e1tigo, no de los ca\u00eddos.<\/p>\n\n\n\n<p>El debate parlamentario sobre las jubilaciones es mucho m\u00e1s que una disputa t\u00e9cnica. Es un espejo de nuestra decadencia pol\u00edtica. Es el s\u00edntoma de un pa\u00eds que, atrapado entre el fanatismo ultraliberal y el oportunismo conservador, parece haber perdido el rumbo moral.<\/p>\n\n\n\n<p>La historia juzgar\u00e1 a quienes hoy deciden mirar para otro lado mientras los jubilados mueren en la miseria. Y quiz\u00e1s tambi\u00e9n nos juzgue a todos por permitir que eso ocurriera sin gritar lo suficiente.<\/p>\n\n\n\n<p>Fuente:<\/p>\n\n\n\n<ul class=\"wp-block-list\">\n<li><a href=\"https:\/\/www.tiempoar.com.ar\/ta_article\/la-rendicion-incondicional-del-pro-ante-milei-se-plasma-en-el-debate-por-mejorar-las-jubilaciones-el-bloque-no-dara-quorum\/\">https:\/\/www.tiempoar.com.ar\/ta_article\/la-rendicion-incondicional-del-pro-ante-milei-se-plasma-en-el-debate-por-mejorar-las-jubilaciones-el-bloque-no-dara-quorum\/<\/a><\/li>\n<\/ul>\n","protected":false},"excerpt":{"rendered":"<p>A pesar del deterioro brutal en los haberes previsionales, el bloque que responde a Mauricio Macri se niega a dar qu\u00f3rum para debatir proyectos que buscan recomponer el ingreso de los adultos mayores. La obediencia al plan econ\u00f3mico de Milei pesa m\u00e1s que la dignidad de los jubilados. El PRO sell\u00f3 su rendici\u00f3n incondicional ante&#8230;<\/p>\n","protected":false},"author":1,"featured_media":4384,"comment_status":"open","ping_status":"open","sticky":false,"template":"","format":"standard","meta":{"_monsterinsights_skip_tracking":false,"_monsterinsights_sitenote_active":false,"_monsterinsights_sitenote_note":"","_monsterinsights_sitenote_category":0,"footnotes":"","jetpack_publicize_message":"","jetpack_publicize_feature_enabled":true,"jetpack_social_post_already_shared":true,"jetpack_social_options":{"image_generator_settings":{"template":"highway","default_image_id":0,"font":"","enabled":false},"version":2}},"categories":[2],"tags":[1491,257,106,1284,616],"class_list":["post-4383","post","type-post","status-publish","format-standard","has-post-thumbnail","hentry","category-politica","tag-ajuste-economico","tag-congreso","tag-javier-milei","tag-jubilaciones","tag-pro"],"jetpack_publicize_connections":[],"_links":{"self":[{"href":"https:\/\/www.enorsai.com\/noticias\/wp-json\/wp\/v2\/posts\/4383","targetHints":{"allow":["GET"]}}],"collection":[{"href":"https:\/\/www.enorsai.com\/noticias\/wp-json\/wp\/v2\/posts"}],"about":[{"href":"https:\/\/www.enorsai.com\/noticias\/wp-json\/wp\/v2\/types\/post"}],"author":[{"embeddable":true,"href":"https:\/\/www.enorsai.com\/noticias\/wp-json\/wp\/v2\/users\/1"}],"replies":[{"embeddable":true,"href":"https:\/\/www.enorsai.com\/noticias\/wp-json\/wp\/v2\/comments?post=4383"}],"version-history":[{"count":1,"href":"https:\/\/www.enorsai.com\/noticias\/wp-json\/wp\/v2\/posts\/4383\/revisions"}],"predecessor-version":[{"id":4385,"href":"https:\/\/www.enorsai.com\/noticias\/wp-json\/wp\/v2\/posts\/4383\/revisions\/4385"}],"wp:featuredmedia":[{"embeddable":true,"href":"https:\/\/www.enorsai.com\/noticias\/wp-json\/wp\/v2\/media\/4384"}],"wp:attachment":[{"href":"https:\/\/www.enorsai.com\/noticias\/wp-json\/wp\/v2\/media?parent=4383"}],"wp:term":[{"taxonomy":"category","embeddable":true,"href":"https:\/\/www.enorsai.com\/noticias\/wp-json\/wp\/v2\/categories?post=4383"},{"taxonomy":"post_tag","embeddable":true,"href":"https:\/\/www.enorsai.com\/noticias\/wp-json\/wp\/v2\/tags?post=4383"}],"curies":[{"name":"wp","href":"https:\/\/api.w.org\/{rel}","templated":true}]}}