{"id":4380,"date":"2025-05-21T08:00:00","date_gmt":"2025-05-21T11:00:00","guid":{"rendered":"https:\/\/www.enorsai.com\/noticias\/?p=4380"},"modified":"2025-05-21T06:06:03","modified_gmt":"2025-05-21T09:06:03","slug":"el-tren-solidario-que-llega-donde-milei-no-entre-la-tragedia-y-la-indiferencia-estatal","status":"publish","type":"post","link":"https:\/\/www.enorsai.com\/noticias\/sociedad\/el-tren-solidario-que-llega-donde-milei-no-entre-la-tragedia-y-la-indiferencia-estatal\/","title":{"rendered":"El tren solidario que llega donde Milei no: Entre la tragedia y la indiferencia estatal"},"content":{"rendered":"\n<p><strong><em>Mientras Javier Milei se esconde detr\u00e1s del dogma del Estado m\u00ednimo, una formaci\u00f3n cargada de humanidad arrib\u00f3 a Campana con lo que el Gobierno no quiso enviar: ayuda concreta para los inundados.<\/em><\/strong><\/p>\n\n\n\n<p>(Mart\u00edn Vel\u00e1zquez) La organizaci\u00f3n Tren Solidario lleg\u00f3 a la localidad bonaerense con vagones llenos de alimentos, frazadas y esperanza. Lo hizo sin respaldo oficial, sin marketing libertario ni cinismo neoliberal. A contramano de la crueldad gubernamental, ciudadanos y ciudadanas comunes salieron al rescate. La pregunta se impone: \u00bfd\u00f3nde est\u00e1 el Estado cuando m\u00e1s se lo necesita?<\/p>\n\n\n\n<p>En un pa\u00eds donde la palabra \u201csolidaridad\u201d parece haber sido borrada de los discursos oficiales y reemplazada por la ley de la selva que el presidente Javier Milei predica como si fuera un mantra, un tren cargado de dignidad y compromiso irrumpi\u00f3 en las v\u00edas como un s\u00edmbolo inc\u00f3modo. Lleg\u00f3 a Campana el Tren Solidario, colmado de donaciones recolectadas por ciudadanos que decidieron no mirar para otro lado, mientras el Gobierno Nacional se mantiene en su habitual par\u00e1lisis ideol\u00f3gica, disfrazada de pureza doctrinaria.<\/p>\n\n\n\n<figure class=\"wp-block-embed is-type-video is-provider-youtube wp-block-embed-youtube wp-embed-aspect-16-9 wp-has-aspect-ratio\"><div class=\"wp-block-embed__wrapper\">\n<iframe loading=\"lazy\" title=\"EL TREN SOLIDARIO LLEG\u00d3 A CAMPANA\" width=\"640\" height=\"360\" src=\"https:\/\/www.youtube.com\/embed\/UGUVInjXVQI?start=6&#038;feature=oembed\" frameborder=\"0\" allow=\"accelerometer; autoplay; clipboard-write; encrypted-media; gyroscope; picture-in-picture; web-share\" referrerpolicy=\"strict-origin-when-cross-origin\" allowfullscreen><\/iframe>\n<\/div><\/figure>\n\n\n\n<p>Las im\u00e1genes hablan solas: vagones repletos de alimentos no perecederos, agua mineral, colchones, frazadas, productos de limpieza y ropa de abrigo. No se trat\u00f3 de una log\u00edstica estatal, ni de un operativo coordinado por el Ministerio de Defensa ni por Desarrollo Social. Nada de eso. Fue el fruto de la organizaci\u00f3n civil, de una sociedad que se reh\u00fasa a naturalizar el abandono. Campana, una de las zonas m\u00e1s golpeadas por el feroz temporal que azot\u00f3 la provincia de Buenos Aires durante m\u00e1s de 48 horas, recibi\u00f3 esta bocanada de alivio con la misma emoci\u00f3n con la que se espera un salvavidas en altamar.<\/p>\n\n\n\n<p>Mientras tanto, el presidente Milei brilla por su ausencia. No hubo cadena nacional. No hubo declaraciones. No hubo promesas. No hubo siquiera un tuit. Tres personas murieron producto del temporal, centenares lo perdieron todo y, sin embargo, desde la Casa Rosada se impuso el m\u00e1s absoluto silencio. El relato de la libertad, el mercado y la autosuficiencia individual parece no incluir protocolos para cat\u00e1strofes clim\u00e1ticas. Porque, en la l\u00f3gica libertaria que el Gobierno intenta imponer a fuerza de l\u00e1tigo y desfinanciamiento, si te inund\u00e1s, es tu problema. Si necesit\u00e1s abrigo, rez\u00e1. Si tu casa se destruy\u00f3, endeudate o resignate.<\/p>\n\n\n<ul class=\"wp-block-latest-posts__list is-grid columns-3 wp-block-latest-posts\"><li><div class=\"wp-block-latest-posts__featured-image\"><img loading=\"lazy\" decoding=\"async\" width=\"300\" height=\"169\" src=\"https:\/\/www.enorsai.com\/noticias\/wp-content\/uploads\/2026\/03\/8M-Milei-ataca-al-feminismo-como-un-viejo-machirulo-300x169.png\" class=\"attachment-medium size-medium wp-post-image\" alt=\"\" style=\"\" srcset=\"https:\/\/www.enorsai.com\/noticias\/wp-content\/uploads\/2026\/03\/8M-Milei-ataca-al-feminismo-como-un-viejo-machirulo-300x169.png 300w, https:\/\/www.enorsai.com\/noticias\/wp-content\/uploads\/2026\/03\/8M-Milei-ataca-al-feminismo-como-un-viejo-machirulo-1024x576.png 1024w, https:\/\/www.enorsai.com\/noticias\/wp-content\/uploads\/2026\/03\/8M-Milei-ataca-al-feminismo-como-un-viejo-machirulo-768x432.png 768w, https:\/\/www.enorsai.com\/noticias\/wp-content\/uploads\/2026\/03\/8M-Milei-ataca-al-feminismo-como-un-viejo-machirulo.png 1280w\" sizes=\"auto, (max-width: 300px) 100vw, 300px\" \/><\/div><a class=\"wp-block-latest-posts__post-title\" href=\"https:\/\/www.enorsai.com\/noticias\/politica\/derrumbe-total-mas-del-70-de-los-argentinos-rechaza-a-milei-y-su-casta\/\">Derrumbe total: m\u00e1s del 70% de los argentinos rechaza a Milei y su casta<\/a><\/li>\n<li><div class=\"wp-block-latest-posts__featured-image\"><img loading=\"lazy\" decoding=\"async\" width=\"300\" height=\"185\" src=\"https:\/\/www.enorsai.com\/noticias\/wp-content\/uploads\/2025\/07\/20250704-gas-300x185.webp\" class=\"attachment-medium size-medium wp-post-image\" alt=\"\" style=\"\" srcset=\"https:\/\/www.enorsai.com\/noticias\/wp-content\/uploads\/2025\/07\/20250704-gas-300x185.webp 300w, https:\/\/www.enorsai.com\/noticias\/wp-content\/uploads\/2025\/07\/20250704-gas.webp 760w\" sizes=\"auto, (max-width: 300px) 100vw, 300px\" \/><\/div><a class=\"wp-block-latest-posts__post-title\" href=\"https:\/\/www.enorsai.com\/noticias\/politica\/milei-lo-hizo-hay-desabastecimiento-de-gas-y-limitan-la-venta-de-gnc\/\">Milei lo hizo: hay desabastecimiento de gas y limitan la venta de GNC<\/a><\/li>\n<li><div class=\"wp-block-latest-posts__featured-image\"><img loading=\"lazy\" decoding=\"async\" width=\"300\" height=\"200\" src=\"https:\/\/www.enorsai.com\/noticias\/wp-content\/uploads\/2026\/04\/kicillof-salud-300x200.jpg\" class=\"attachment-medium size-medium wp-post-image\" alt=\"\" style=\"\" srcset=\"https:\/\/www.enorsai.com\/noticias\/wp-content\/uploads\/2026\/04\/kicillof-salud-300x200.jpg 300w, https:\/\/www.enorsai.com\/noticias\/wp-content\/uploads\/2026\/04\/kicillof-salud-1024x683.jpg 1024w, https:\/\/www.enorsai.com\/noticias\/wp-content\/uploads\/2026\/04\/kicillof-salud-768x512.jpg 768w, https:\/\/www.enorsai.com\/noticias\/wp-content\/uploads\/2026\/04\/kicillof-salud-600x400.jpg 600w, https:\/\/www.enorsai.com\/noticias\/wp-content\/uploads\/2026\/04\/kicillof-salud.jpg 1068w\" sizes=\"auto, (max-width: 300px) 100vw, 300px\" \/><\/div><a class=\"wp-block-latest-posts__post-title\" href=\"https:\/\/www.enorsai.com\/noticias\/sociedad\/salud\/kicillof-refuerza-la-entrega-de-medicamentos-ante-el-ajuste-de-milei\/\">Kicillof refuerza la entrega de medicamentos ante el ajuste de Milei<\/a><\/li>\n<\/ul>\n\n\n<p>Pero ah\u00ed est\u00e1 el Tren Solidario, como un cachetazo a esa concepci\u00f3n despiadada del Estado que Milei encarna. Desde 2001 esta organizaci\u00f3n trabaja desinteresadamente con un objetivo claro: tender la mano cuando todo se desmorona. Su director, Sergio Rojas, lo resumi\u00f3 con lucidez: \u201cSomos conscientes de que no es la soluci\u00f3n al problema, pero ayuda a paliar la situaci\u00f3n. Queda demostrado que cuando todos los sectores se solidarizan, no importa de qu\u00e9 lado est\u00e9n, se logran cosas como estas\u201d. Palabras que pesan, que interpelan, que desenmascaran.<\/p>\n\n\n\n<p>Y es que la tragedia de Campana no es un hecho aislado. Semanas atr\u00e1s, la misma formaci\u00f3n viaj\u00f3 a Bah\u00eda Blanca, tambi\u00e9n devastada por otro temporal, tambi\u00e9n abandonada por el Gobierno Nacional. \u00bfCu\u00e1ntas veces m\u00e1s deber\u00e1n los ciudadanos reemplazar al Estado? \u00bfCu\u00e1ntas tragedias m\u00e1s deben ocurrir para que alguien en el Ejecutivo entienda que gobernar no es mirar balances, sino cuidar a la gente?<\/p>\n\n\n\n<p>El silencio oficial duele, pero tambi\u00e9n indigna. No se trata de una omisi\u00f3n casual, sino de una pol\u00edtica deliberada. Javier Milei no cree en el Estado como herramienta de cuidado y protecci\u00f3n. Su gesti\u00f3n lo confirma a diario: desfinanciamiento de programas sociales, despidos masivos en \u00e1reas clave, eliminaci\u00f3n de subsidios, desmantelamiento del sistema de alerta temprana. La tormenta fue natural, pero el abandono fue profundamente pol\u00edtico.<\/p>\n\n\n\n<p>La llegada del Tren Solidario a Campana, y pr\u00f3ximamente a Z\u00e1rate, no es solo una acci\u00f3n concreta y urgente frente al desastre. Es, tambi\u00e9n, una denuncia viva y m\u00f3vil del vaciamiento estatal. Una interpelaci\u00f3n rodante que pone en evidencia que, cuando el poder se repliega detr\u00e1s del Excel y el dogmatismo, son los pueblos los que salen a dar la cara. Con barbijos, con manos callosas, con l\u00e1grimas y con fuerza.<\/p>\n\n\n\n<p>Porque no hay \u00e9pica en un Gobierno que abandona. No hay grandeza en un presidente que decide ignorar a los m\u00e1s vulnerables. No hay valent\u00eda en refugiarse tras slogans vac\u00edos mientras se multiplican las necesidades. Lo que s\u00ed hay, y mucho, es una sociedad dispuesta a resistir, a organizarse, a luchar contra la deshumanizaci\u00f3n institucionalizada que pretende imponer el mile\u00edsmo como nueva normalidad.<\/p>\n\n\n\n<p>Las escenas de Campana podr\u00edan haber sido distintas. Con un Estado presente, con un sistema de contenci\u00f3n preparado, con un presidente preocupado por su gente y no por sus rankings en redes sociales. Pero no. Una vez m\u00e1s, la respuesta no vino desde arriba, sino desde abajo. Desde Retiro hasta las zonas inundadas, el tren avanz\u00f3 como una met\u00e1fora poderosa del pa\u00eds real, del que sufre y no claudica, del que se organiza mientras los poderosos especulan o duermen la siesta de la indiferencia.<\/p>\n\n\n\n<p>Sergio Rojas no pidi\u00f3 aplausos ni c\u00e1maras. Habl\u00f3 de lo esencial. De que \u201cesto no soluciona todo, pero ayuda\u201d. Y en ese \u201cayuda\u201d hay m\u00e1s pol\u00edtica que en todas las conferencias de prensa del gobierno libertario. Hay Estado popular sin Estado formal. Hay sociedad sin gobierno. Y eso, por m\u00e1s que les pese a los adoradores del mercado como \u00fanico dios, es la verdadera red de contenci\u00f3n que mantiene de pie a la Argentina.<\/p>\n\n\n\n<p>Hoy el tren solidario es m\u00e1s que un gesto. Es una bofetada \u00e9tica a quienes decidieron retirarse del contrato social. Es la respuesta de un pa\u00eds que no olvida que la empat\u00eda tambi\u00e9n es una forma de hacer pol\u00edtica. Y, sobre todo, es una advertencia: por m\u00e1s que intenten destruirlo, el tejido solidario de la sociedad sigue resistiendo. Y rueda, fuerte, sobre rieles que ning\u00fan ajuste podr\u00e1 oxidar.<\/p>\n\n\n\n<p>Fuente:<\/p>\n\n\n\n<ul class=\"wp-block-list\">\n<li><a href=\"https:\/\/noticiasargentinas.com\/sociedad\/llego-el-tren-solidario-a-campana-para-entregar-las-donaciones-tras-el-temporal-fatal_a682ce548d42817ffc9672969\">https:\/\/noticiasargentinas.com\/sociedad\/llego-el-tren-solidario-a-campana-para-entregar-las-donaciones-tras-el-temporal-fatal_a682ce548d42817ffc9672969<\/a><\/li>\n<\/ul>\n","protected":false},"excerpt":{"rendered":"<p>Mientras Javier Milei abandona a los inundados con su dogma del Estado ausente, el Tren Solidario lleg\u00f3 a Campana repleto de donaciones. Fue la gente, no el Gobierno, quien tendi\u00f3 una mano. Frente al cinismo oficial, una locomotora de humanidad demostr\u00f3 que la solidaridad sigue rodando m\u00e1s fuerte que nunca.<\/p>\n","protected":false},"author":13,"featured_media":4381,"comment_status":"open","ping_status":"open","sticky":false,"template":"","format":"standard","meta":{"_monsterinsights_skip_tracking":false,"_monsterinsights_sitenote_active":false,"_monsterinsights_sitenote_note":"","_monsterinsights_sitenote_category":0,"footnotes":"","jetpack_publicize_message":"\ud83d\ude82\ud83d\udc94 Mientras el Gobierno de Milei mira para otro lado, el pueblo responde. El Tren Solidario lleg\u00f3 a Campana con ayuda real para quienes lo perdieron todo tras el temporal. Una historia que duele pero tambi\u00e9n inspira.","jetpack_publicize_feature_enabled":true,"jetpack_social_post_already_shared":true,"jetpack_social_options":{"image_generator_settings":{"template":"highway","enabled":false},"version":2}},"categories":[4],"tags":[712,1488,43,854,838,45,1490,1231,857,1489],"class_list":["post-4380","post","type-post","status-publish","format-standard","has-post-thumbnail","hentry","category-sociedad","tag-abandono","tag-campana-2","tag-crisis","tag-emergencia","tag-inundaciones","tag-milei","tag-sociedad","tag-solidaridad","tag-temporal","tag-tren"],"jetpack_publicize_connections":[],"_links":{"self":[{"href":"https:\/\/www.enorsai.com\/noticias\/wp-json\/wp\/v2\/posts\/4380","targetHints":{"allow":["GET"]}}],"collection":[{"href":"https:\/\/www.enorsai.com\/noticias\/wp-json\/wp\/v2\/posts"}],"about":[{"href":"https:\/\/www.enorsai.com\/noticias\/wp-json\/wp\/v2\/types\/post"}],"author":[{"embeddable":true,"href":"https:\/\/www.enorsai.com\/noticias\/wp-json\/wp\/v2\/users\/13"}],"replies":[{"embeddable":true,"href":"https:\/\/www.enorsai.com\/noticias\/wp-json\/wp\/v2\/comments?post=4380"}],"version-history":[{"count":1,"href":"https:\/\/www.enorsai.com\/noticias\/wp-json\/wp\/v2\/posts\/4380\/revisions"}],"predecessor-version":[{"id":4382,"href":"https:\/\/www.enorsai.com\/noticias\/wp-json\/wp\/v2\/posts\/4380\/revisions\/4382"}],"wp:featuredmedia":[{"embeddable":true,"href":"https:\/\/www.enorsai.com\/noticias\/wp-json\/wp\/v2\/media\/4381"}],"wp:attachment":[{"href":"https:\/\/www.enorsai.com\/noticias\/wp-json\/wp\/v2\/media?parent=4380"}],"wp:term":[{"taxonomy":"category","embeddable":true,"href":"https:\/\/www.enorsai.com\/noticias\/wp-json\/wp\/v2\/categories?post=4380"},{"taxonomy":"post_tag","embeddable":true,"href":"https:\/\/www.enorsai.com\/noticias\/wp-json\/wp\/v2\/tags?post=4380"}],"curies":[{"name":"wp","href":"https:\/\/api.w.org\/{rel}","templated":true}]}}