{"id":4372,"date":"2025-05-21T05:31:53","date_gmt":"2025-05-21T08:31:53","guid":{"rendered":"https:\/\/www.enorsai.com\/noticias\/?p=4372"},"modified":"2025-05-21T05:31:53","modified_gmt":"2025-05-21T08:31:53","slug":"datos-milei-perdio-donde-alguna-vez-fue-esperanza-los-barrios-populares-de-caba-le-dieron-la-espalda-al-presidente","status":"publish","type":"post","link":"https:\/\/www.enorsai.com\/noticias\/politica\/datos-milei-perdio-donde-alguna-vez-fue-esperanza-los-barrios-populares-de-caba-le-dieron-la-espalda-al-presidente\/","title":{"rendered":"\u00a1Datos! Milei perdi\u00f3 donde alguna vez fue esperanza: Los barrios populares de CABA le dieron la espalda al presidente"},"content":{"rendered":"\n<p><strong>La rebeli\u00f3n silenciosa de las villas:<\/strong> Los barrios populares de la Ciudad de Buenos Aires le dieron la espalda al presidente Javier Milei. En villas y comunas del sur porte\u00f1o, donde en 2023 hab\u00eda triunfado, ahora cosecha derrotas dolorosas. El voto castigo se hace sentir donde m\u00e1s duele.<\/p>\n\n\n\n<p>(Por Nicol\u00e1s Valdez) Las elecciones en las villas 1-11-14, 21-24 y el Barrio 31 marcan un giro inesperado: el peronismo recupera terreno en territorios empobrecidos donde Milei hab\u00eda ganado con su discurso contra \u201cla casta\u201d. La ca\u00edda en el apoyo libertario revela el l\u00edmite del experimento ultraderechista frente al hambre, la desilusi\u00f3n y la bronca acumulada.<\/p>\n\n\n\n<p>Algo se quebr\u00f3. El ruido seco de esa fractura todav\u00eda no llega a todos los despachos del poder, pero en las calles polvorientas de la Villa 21-24, entre los pasillos del Bajo Flores o en las canchas improvisadas de Villa Lugano, el mensaje es claro: la paciencia se agot\u00f3. Javier Milei, que en 2023 hab\u00eda logrado conquistar las zonas m\u00e1s humildes de la Ciudad con su ret\u00f3rica incendiaria, ahora enfrenta el principio de su declive. Y como suele pasar en la historia pol\u00edtica argentina, ese declive comienza donde menos se lo esperaba: entre los m\u00e1s pobres.<\/p>\n\n\n\n<p>Los datos no mienten. En la Villa 21-24, donde Milei hab\u00eda vencido por una diferencia m\u00ednima a Sergio Massa en agosto de 2023, esta vez fue Leandro Santoro quien se impuso de manera contundente. No fue una victoria ajustada: duplic\u00f3 el porcentaje de votos que obtuvo Manuel Adorni, la figura que el oficialismo eligi\u00f3 para representar su espacio. El libertarismo se desmoron\u00f3 del 41% al 19%. Una ca\u00edda estrepitosa que no puede explicarse s\u00f3lo por el desgaste o el \u00abclima electoral\u00bb. Esto tiene ra\u00edces m\u00e1s profundas: hambre, desilusi\u00f3n, abandono.<\/p>\n\n\n\n<p>Pero el fen\u00f3meno no se reduce a una villa ni a un barrio. En la 1-11-14, aquel basti\u00f3n simb\u00f3lico que alguna vez se mencion\u00f3 como ejemplo de la llegada del \u00able\u00f3n\u00bb a los territorios hist\u00f3ricamente peronistas, el panorama es similar. Donde Milei hab\u00eda sacado una ventaja de casi 6 puntos frente al PJ en las PASO del 2023, ahora Santoro se impone con diferencias que oscilan entre el 3% y el 15%, seg\u00fan las escuelas relevadas. En la Comuna 8 \u2014una especie de term\u00f3metro electoral del conurbano\u2014 los n\u00fameros tambi\u00e9n son lapidarios: el peronismo se impone por casi 8 puntos.<\/p>\n\n\n\n<p>Este giro no es casual. Es una respuesta. Una reacci\u00f3n de los sectores m\u00e1s castigados frente a un gobierno que prometi\u00f3 dinamitar privilegios, pero termin\u00f3 volando por los aires las escasas seguridades que le quedaban a los pobres. Las tarifas suben, los comedores no reciben alimentos, las changas desaparecen, los salarios no alcanzan y la motosierra corta siempre del mismo lado. \u00bfDe qu\u00e9 sirve gritar contra la casta cuando en la heladera no hay nada? \u00bfA qui\u00e9n le importa el d\u00e9ficit fiscal si el gas se corta porque no se puede pagar? \u00bfQu\u00e9 sentido tiene repetir el mantra de la libertad si lo que se impone es la ley del m\u00e1s fuerte?<\/p>\n\n\n\n<p>Los libertarios intentan aferrarse al argumento del ausentismo: \u201chubo menos participaci\u00f3n en los sectores populares\u201d, repiten como consuelo. Y es cierto. La asistencia en algunas villas oscil\u00f3 entre el 20% y el 33%. Pero ese dato no es una exculpaci\u00f3n, es parte del mismo s\u00edntoma: la apat\u00eda, la decepci\u00f3n, el rechazo a una pol\u00edtica que ya no representa ni siquiera a quienes supuestamente ven\u00edan a salvar. La antipol\u00edtica, ese caballo de Troya con el que Milei irrumpi\u00f3 en la escena, se volvi\u00f3 contra \u00e9l. No moviliza, no convence, no entusiasma. Aburre. Y duele.<\/p>\n\n\n\n<p>Un consultor citado por LPO lo resume con crudeza: \u201cUna participaci\u00f3n m\u00e1s baja que la media tributa a la antipol\u00edtica, pero eso Milei no lo pudo capitalizar\u201d. Exacto. Lo que funcion\u00f3 como arma electoral, se transform\u00f3 en boomerang. La rebeli\u00f3n contra \u201cel sistema\u201d termina golpeando al propio sistema libertario, que desde el gobierno se mimetiz\u00f3 r\u00e1pidamente con lo peor de la vieja pol\u00edtica: ajuste brutal, discursos vac\u00edos y escasa sensibilidad social.<\/p>\n\n\n<div class=\"wp-block-image\">\n<figure class=\"alignleft size-full is-resized\"><img loading=\"lazy\" decoding=\"async\" width=\"421\" height=\"387\" src=\"https:\/\/www.enorsai.com\/noticias\/wp-content\/uploads\/2025\/05\/image-26.png\" alt=\"\" class=\"wp-image-4373\" style=\"width:440px;height:auto\" srcset=\"https:\/\/www.enorsai.com\/noticias\/wp-content\/uploads\/2025\/05\/image-26.png 421w, https:\/\/www.enorsai.com\/noticias\/wp-content\/uploads\/2025\/05\/image-26-300x276.png 300w\" sizes=\"auto, (max-width: 421px) 100vw, 421px\" \/><\/figure>\n<\/div>\n\n\n<p>El estudio del economista Hern\u00e1n Letcher aporta una mirada clave para entender el trasfondo de este fen\u00f3meno. All\u00ed se traza una l\u00ednea clara entre los que ganan y los que pierden con el \u201cd\u00f3lar barato\u201d. En las comunas donde el ingreso familiar no supera los 2200 d\u00f3lares mensuales, el peronismo gan\u00f3. En los sectores que s\u00ed pueden acceder al ahorro en divisa extranjera, ganaron los libertarios. La grieta ya no es ideol\u00f3gica, ni siquiera generacional: es econ\u00f3mica. Y es cada vez m\u00e1s obscena.<\/p>\n\n\n\n<p>En la Ciudad de Buenos Aires, esa divisi\u00f3n es geogr\u00e1fica: en las comunas 4, 8, 9, 5 y 3 \u2014el sur, hist\u00f3ricamente postergado\u2014 gan\u00f3 el PJ. En cambio, en la 6 y 7 \u2014zonas de clase media consolidada\u2014 la diferencia libertaria fue m\u00ednima: 730 y 231 votos. \u00bfCu\u00e1l es el mensaje detr\u00e1s de esos n\u00fameros? Simple: Milei est\u00e1 dejando de ser una opci\u00f3n popular. Su capital simb\u00f3lico en los sectores m\u00e1s humildes se erosiona a la velocidad de los aumentos. Y cuando la fe se convierte en bronca, no hay red social ni cadena nacional que pueda contener la furia.<\/p>\n\n\n\n<p>En el Barrio 31, otro de los epicentros de ese \u201cvoto outsider\u201d que supo entusiasmar a los m\u00e1s golpeados por la crisis, los resultados tambi\u00e9n son reveladores. Milei hab\u00eda ganado all\u00ed, aunque por debajo del total que sumaban Massa y Grabois. Esta vez, Adorni qued\u00f3 tercero. La ca\u00edda no es s\u00f3lo en votos. Es en credibilidad, en representaci\u00f3n, en presencia.<\/p>\n\n\n\n<p>Quienes habitan los m\u00e1rgenes de la Ciudad, quienes sufren la exclusi\u00f3n sistem\u00e1tica de los servicios, el trabajo formal y la educaci\u00f3n de calidad, ya no ven en el gobierno libertario una esperanza. La promesa de la motosierra no s\u00f3lo no mejor\u00f3 sus vidas: las empeor\u00f3. Y cuando el hambre aprieta, el discurso se vuelve ruido. La bronca, en cambio, se transforma en acci\u00f3n pol\u00edtica. Y esa acci\u00f3n, por ahora, se canaliza en el regreso del peronismo a esos territorios.<\/p>\n\n\n\n<p>Es cierto que a\u00fan hay incertidumbre. Nadie puede afirmar que este giro se consolidar\u00e1 en las pr\u00f3ximas elecciones. Hay consultores que advierten: \u201cA menor nivel socioecon\u00f3mico hubo menos movilizaci\u00f3n, eso es una mala noticia para el PJ\u201d. Puede ser. Pero tambi\u00e9n puede ser el principio de algo m\u00e1s profundo. Una rebeli\u00f3n silenciosa. Un murmullo que crece desde abajo y que empieza a decir \u201cbasta\u201d.<\/p>\n\n\n\n<p>Porque en las villas ya no creen en el relato de la libertad. Ahora piden comida, trabajo, respeto. Y aunque la pol\u00edtica tradicional tenga mucho que explicar, el presente muestra que los que prometieron cambiarlo todo est\u00e1n m\u00e1s c\u00f3modos en la l\u00f3gica del ajuste y el desprecio que en la transformaci\u00f3n social.<\/p>\n\n\n\n<p>Milei est\u00e1 dejando de ser el \u201coutsider\u201d para convertirse en lo que tanto dijo odiar: un presidente desconectado de su pueblo. En las villas m\u00e1s grandes de la Ciudad ya no lo votan. \u00bfCu\u00e1nto falta para que eso se repita en el conurbano y en todo el pa\u00eds?<\/p>\n\n\n\n<p>Fuente:<\/p>\n\n\n\n<ul class=\"wp-block-list\">\n<li><a href=\"https:\/\/www.lapoliticaonline.com\/politica\/cae-el-apoyo-a-milei-en-barrios-populares-perdio-en-la-1-11-14-y-la-21-24-donde-habia-ganado-en-2023\/\">https:\/\/www.lapoliticaonline.com\/politica\/cae-el-apoyo-a-milei-en-barrios-populares-perdio-en-la-1-11-14-y-la-21-24-donde-habia-ganado-en-2023\/<\/a><\/li>\n<\/ul>\n","protected":false},"excerpt":{"rendered":"<p>El experimento libertario comienza a mostrar grietas donde m\u00e1s hab\u00eda prendido: los barrios populares. En villas como la 21-24 y la 1-11-14, Milei fue derrotado donde antes triunfaba. La desconexi\u00f3n entre promesas de libertad y realidad cotidiana ya genera un efecto bumer\u00e1n. El sur porte\u00f1o empieza a despertar.<\/p>\n","protected":false},"author":11,"featured_media":4374,"comment_status":"open","ping_status":"open","sticky":false,"template":"","format":"standard","meta":{"_monsterinsights_skip_tracking":false,"_monsterinsights_sitenote_active":false,"_monsterinsights_sitenote_note":"","_monsterinsights_sitenote_category":0,"footnotes":"","jetpack_publicize_message":"\ud83d\udcc9 El sur de la Ciudad le dio la espalda a Milei: perdi\u00f3 en las villas donde hab\u00eda ganado en 2023. La bronca por el ajuste ya se hace sentir en las urnas. \u00bfEl conurbano ser\u00e1 el pr\u00f3ximo?","jetpack_publicize_feature_enabled":true,"jetpack_social_post_already_shared":false,"jetpack_social_options":{"image_generator_settings":{"template":"highway","enabled":false},"version":2}},"categories":[2],"tags":[585,1486,43,190,45,363,475,72,1485,1483],"class_list":["post-4372","post","type-post","status-publish","format-standard","has-post-thumbnail","hentry","category-politica","tag-caba","tag-comunas","tag-crisis","tag-elecciones","tag-milei","tag-peronismo","tag-pobreza","tag-politica","tag-villas","tag-votantes"],"jetpack_publicize_connections":[],"_links":{"self":[{"href":"https:\/\/www.enorsai.com\/noticias\/wp-json\/wp\/v2\/posts\/4372","targetHints":{"allow":["GET"]}}],"collection":[{"href":"https:\/\/www.enorsai.com\/noticias\/wp-json\/wp\/v2\/posts"}],"about":[{"href":"https:\/\/www.enorsai.com\/noticias\/wp-json\/wp\/v2\/types\/post"}],"author":[{"embeddable":true,"href":"https:\/\/www.enorsai.com\/noticias\/wp-json\/wp\/v2\/users\/11"}],"replies":[{"embeddable":true,"href":"https:\/\/www.enorsai.com\/noticias\/wp-json\/wp\/v2\/comments?post=4372"}],"version-history":[{"count":1,"href":"https:\/\/www.enorsai.com\/noticias\/wp-json\/wp\/v2\/posts\/4372\/revisions"}],"predecessor-version":[{"id":4375,"href":"https:\/\/www.enorsai.com\/noticias\/wp-json\/wp\/v2\/posts\/4372\/revisions\/4375"}],"wp:featuredmedia":[{"embeddable":true,"href":"https:\/\/www.enorsai.com\/noticias\/wp-json\/wp\/v2\/media\/4374"}],"wp:attachment":[{"href":"https:\/\/www.enorsai.com\/noticias\/wp-json\/wp\/v2\/media?parent=4372"}],"wp:term":[{"taxonomy":"category","embeddable":true,"href":"https:\/\/www.enorsai.com\/noticias\/wp-json\/wp\/v2\/categories?post=4372"},{"taxonomy":"post_tag","embeddable":true,"href":"https:\/\/www.enorsai.com\/noticias\/wp-json\/wp\/v2\/tags?post=4372"}],"curies":[{"name":"wp","href":"https:\/\/api.w.org\/{rel}","templated":true}]}}