{"id":4364,"date":"2025-05-20T21:52:07","date_gmt":"2025-05-21T00:52:07","guid":{"rendered":"https:\/\/www.enorsai.com\/noticias\/?p=4364"},"modified":"2025-05-20T21:52:07","modified_gmt":"2025-05-21T00:52:07","slug":"el-retroceso-electoral-de-milei-en-caba-del-balotaje-a-las-legislativas-tuvo-una-perdida-de-mas-de-medio-millon-de-votos","status":"publish","type":"post","link":"https:\/\/www.enorsai.com\/noticias\/politica\/el-retroceso-electoral-de-milei-en-caba-del-balotaje-a-las-legislativas-tuvo-una-perdida-de-mas-de-medio-millon-de-votos\/","title":{"rendered":"El Retroceso Electoral de Milei en CABA: Del balotaje a las legislativas tuvo una perdida de m\u00e1s de medio mill\u00f3n de votos"},"content":{"rendered":"\n<p><strong><em>En menos de dos a\u00f1os, Javier Milei perdi\u00f3 m\u00e1s de 500.000 votos en la Ciudad de Buenos Aires, evidenciando un desgaste en su apoyo urbano y planteando interrogantes sobre la sostenibilidad de su modelo pol\u00edtico.<\/em><\/strong><\/p>\n\n\n\n<p>(Por Osvaldo Peralta) En noviembre de 2023, Javier Milei alcanz\u00f3 un hist\u00f3rico 57,25% de los votos en la Ciudad de Buenos Aires durante el balotaje presidencial. Sin embargo, en las elecciones legislativas de mayo de 2025, su partido, La Libertad Avanza, obtuvo solo el 30,1%, lo que representa una p\u00e9rdida de m\u00e1s de medio mill\u00f3n de votos. Este descenso plantea preguntas sobre la eficacia de su gobierno y la fidelidad de su electorado.<\/p>\n\n\n\n<p>El ascenso mete\u00f3rico de Javier Milei en la pol\u00edtica argentina encontr\u00f3 su punto culminante en noviembre de 2023, cuando, con el respaldo de Juntos por el Cambio, obtuvo el 57,25% de los votos en la Ciudad de Buenos Aires durante el balotaje presidencial . Este triunfo consolid\u00f3 su imagen como el l\u00edder del cambio y la renovaci\u00f3n pol\u00edtica.<\/p>\n\n\n\n<p>Sin embargo, el panorama cambi\u00f3 dr\u00e1sticamente en las elecciones legislativas de mayo de 2025. La Libertad Avanza, encabezada por el vocero presidencial Manuel Adorni, logr\u00f3 apenas el 30,1% de los votos en la capital . Esta cifra representa una p\u00e9rdida de m\u00e1s de 500.000 votos en comparaci\u00f3n con el balotaje de 2023, donde Milei hab\u00eda obtenido 1.034.157 votos .<\/p>\n\n\n\n<p>La disminuci\u00f3n en el apoyo no puede atribuirse \u00fanicamente a la baja participaci\u00f3n electoral, que fue del 53,3% en las legislativas de 2025 . El descontento con las pol\u00edticas implementadas por el gobierno de Milei, como los recortes en servicios p\u00fablicos y las medidas de austeridad, ha generado cr\u00edticas y ha erosionado la confianza de muchos votantes.<\/p>\n\n\n\n<p>Adem\u00e1s, la fragmentaci\u00f3n de la derecha, evidenciada por la ca\u00edda del PRO al tercer lugar con un 15,9% de los votos , ha generado un reacomodamiento en el electorado que no necesariamente favorece a Milei. El peronismo, con Leandro Santoro como candidato, logr\u00f3 el segundo puesto con un perfil m\u00e1s moderado, captando parte del voto desencantado.<\/p>\n\n\n\n<p>Este retroceso plantea interrogantes sobre la capacidad de Milei para mantener su base de apoyo en la Ciudad de Buenos Aires y sobre la viabilidad de su proyecto pol\u00edtico a largo plazo. La p\u00e9rdida de m\u00e1s de medio mill\u00f3n de votos en menos de dos a\u00f1os es un indicativo claro de que el entusiasmo inicial ha dado paso a una evaluaci\u00f3n m\u00e1s cr\u00edtica de su gesti\u00f3n.<\/p>\n\n\n\n<p>Fuentes:<\/p>\n\n\n\n<ul class=\"wp-block-list\">\n<li><a href=\"https:\/\/www.ellitoral.com\/politica\/milei-massa-ciudad-buenos-aires-resultados-balotaje_0_01874zVM5S.html?utm_source=chatgpt.com\">https:\/\/www.ellitoral.com\/politica\/milei-massa-ciudad-buenos-aires-resultados-balotaje_0_01874zVM5S.html<\/a><\/li>\n\n\n\n<li><a href=\"https:\/\/apnews.com\/article\/argentina-election-milei-farright-macri-b4dd011e0ca43e6e3a6ffc9e37b12608\">https:\/\/apnews.com\/article\/argentina-election-milei-farright-macri-<\/a><\/li>\n\n\n\n<li><a href=\"https:\/\/tn.com.ar\/elecciones-2023\/resultados-balotaje-elecciones-2023-comuna-05-ciudad-autonoma-de-buenos-aires\/?utm_source=chatgpt.com\">https:\/\/tn.com.ar\/elecciones-2023\/resultados-balotaje-elecciones-2023-comuna-05-ciudad-autonoma-de-buenos-aires\/<\/a><\/li>\n\n\n\n<li><a href=\"https:\/\/www.infobae.com\/politica\/2023\/11\/20\/resultados-en-caba-del-balotaje-2023-entre-javier-milei-y-sergio-massa-quien-gano\/?utm_source=chatgpt.com\">https:\/\/www.infobae.com\/politica\/2023\/11\/20\/resultados-en-caba-del-balotaje-2023-entre-javier-milei-y-sergio-massa-quien-gano\/<\/a><\/li>\n<\/ul>\n\n\n\n<p><br><\/p>\n","protected":false},"excerpt":{"rendered":"<p>En menos de dos a\u00f1os, Javier Milei perdi\u00f3 m\u00e1s de 500.000 votos en la Ciudad de Buenos Aires, pasando del 57,25% en el balotaje de 2023 al 30,1% en las legislativas de 2025. Este descenso refleja un desgaste en su apoyo urbano y plantea dudas sobre la sostenibilidad de su modelo pol\u00edtico.<\/p>\n","protected":false},"author":9,"featured_media":4365,"comment_status":"open","ping_status":"open","sticky":false,"template":"","format":"standard","meta":{"_monsterinsights_skip_tracking":false,"_monsterinsights_sitenote_active":false,"_monsterinsights_sitenote_note":"","_monsterinsights_sitenote_category":0,"footnotes":"","jetpack_publicize_message":"","jetpack_publicize_feature_enabled":true,"jetpack_social_post_already_shared":true,"jetpack_social_options":{"image_generator_settings":{"template":"highway","default_image_id":0,"font":"","enabled":false},"version":2}},"categories":[2],"tags":[1484,133,190,1464,1417,45,363,72,616,1483],"class_list":["post-4364","post","type-post","status-publish","format-standard","has-post-thumbnail","hentry","category-politica","tag-balotaje","tag-buenosaires","tag-elecciones","tag-lalibertadavanza","tag-legislativas","tag-milei","tag-peronismo","tag-politica","tag-pro","tag-votantes"],"jetpack_publicize_connections":[],"_links":{"self":[{"href":"https:\/\/www.enorsai.com\/noticias\/wp-json\/wp\/v2\/posts\/4364","targetHints":{"allow":["GET"]}}],"collection":[{"href":"https:\/\/www.enorsai.com\/noticias\/wp-json\/wp\/v2\/posts"}],"about":[{"href":"https:\/\/www.enorsai.com\/noticias\/wp-json\/wp\/v2\/types\/post"}],"author":[{"embeddable":true,"href":"https:\/\/www.enorsai.com\/noticias\/wp-json\/wp\/v2\/users\/9"}],"replies":[{"embeddable":true,"href":"https:\/\/www.enorsai.com\/noticias\/wp-json\/wp\/v2\/comments?post=4364"}],"version-history":[{"count":1,"href":"https:\/\/www.enorsai.com\/noticias\/wp-json\/wp\/v2\/posts\/4364\/revisions"}],"predecessor-version":[{"id":4366,"href":"https:\/\/www.enorsai.com\/noticias\/wp-json\/wp\/v2\/posts\/4364\/revisions\/4366"}],"wp:featuredmedia":[{"embeddable":true,"href":"https:\/\/www.enorsai.com\/noticias\/wp-json\/wp\/v2\/media\/4365"}],"wp:attachment":[{"href":"https:\/\/www.enorsai.com\/noticias\/wp-json\/wp\/v2\/media?parent=4364"}],"wp:term":[{"taxonomy":"category","embeddable":true,"href":"https:\/\/www.enorsai.com\/noticias\/wp-json\/wp\/v2\/categories?post=4364"},{"taxonomy":"post_tag","embeddable":true,"href":"https:\/\/www.enorsai.com\/noticias\/wp-json\/wp\/v2\/tags?post=4364"}],"curies":[{"name":"wp","href":"https:\/\/api.w.org\/{rel}","templated":true}]}}