{"id":4360,"date":"2025-05-20T21:07:20","date_gmt":"2025-05-21T00:07:20","guid":{"rendered":"https:\/\/www.enorsai.com\/noticias\/?p=4360"},"modified":"2025-05-20T21:07:20","modified_gmt":"2025-05-21T00:07:20","slug":"la-catastrofe-que-milei-ignora-el-norte-bonaerense-bajo-el-agua-y-una-alarmante-falta-de-respuesta-de-estado-nacional","status":"publish","type":"post","link":"https:\/\/www.enorsai.com\/noticias\/sociedad\/la-catastrofe-que-milei-ignora-el-norte-bonaerense-bajo-el-agua-y-una-alarmante-falta-de-respuesta-de-estado-nacional\/","title":{"rendered":"La cat\u00e1strofe que Milei ignora: El norte bonaerense bajo el agua y una alarmante falta de respuesta de Estado nacional"},"content":{"rendered":"\n<p><strong><em>La provincia de Buenos Aires enfrenta una cat\u00e1strofe clim\u00e1tica que arras\u00f3 38 municipios y dej\u00f3 v\u00edctimas fatales, mientras el gobierno de Javier Milei retiene un fondo de casi un bill\u00f3n de pesos destinado por ley a desastres. La ayuda no llega, las obras est\u00e1n paralizadas y el ajuste muestra su costado m\u00e1s cruel.<\/em><\/strong><\/p>\n\n\n\n<p>(Por Sof\u00eda Arregui) El gobernador Axel Kicillof reclama al Ejecutivo nacional el env\u00edo del Fondo de Emergencia para cat\u00e1strofes, creado para atender situaciones como la que atraviesan Campana, Salto y otros distritos del norte provincial. Mientras las aguas retroceden, el abandono del gobierno libertario se hace m\u00e1s evidente que nunca. Las lluvias se llevan casas, caminos y vidas, pero tambi\u00e9n desnudan una pol\u00edtica: la del Estado ausente por decisi\u00f3n ideol\u00f3gica.<\/p>\n\n\n\n<h3 class=\"wp-block-heading\"><strong>Una provincia en crisis, un gobierno que mira para otro lado<\/strong><\/h3>\n\n\n\n<p>En el norte de la provincia de Buenos Aires no s\u00f3lo llueve agua: llueve bronca, desesperaci\u00f3n y abandono. Desde el viernes pasado, 38 distritos bonaerenses fueron golpeados por un temporal que dej\u00f3 tres muertos, miles de evacuados, viviendas destruidas y rutas anegadas. En Campana todav\u00eda hay zonas bajo un metro y medio de agua. En Salto, el drenaje es tan lento como la respuesta del gobierno nacional. La emergencia es real, tangible, dolorosa. Pero en la Casa Rosada, el silencio es atronador.<\/p>\n\n\n\n<p>El gobernador Axel Kicillof no se qued\u00f3 esperando milagros. Encabez\u00f3 reuniones del Comit\u00e9 de Emergencia, recorri\u00f3 los distritos m\u00e1s afectados, articul\u00f3 la asistencia inmediata junto a su gabinete y a los intendentes. Coordin\u00f3 la entrega de alimentos, colchones, frazadas, kits de limpieza, chapas, bidones de agua, ropa y zapatillas. Mont\u00f3 operativos de seguridad y defini\u00f3 una agenda urgente de reconstrucci\u00f3n y obras hidr\u00e1ulicas. Pero hay algo que no puede hacer solo: destrabar el fondo espec\u00edfico para cat\u00e1strofes que acumula cerca de un bill\u00f3n de pesos y que, por ley, debe ser utilizado ante crisis como la actual. Ese fondo depende del gobierno de Javier Milei. Y, hasta el momento, no apareci\u00f3 ni un peso.<\/p>\n\n\n\n<figure class=\"wp-block-image size-large is-resized\"><img loading=\"lazy\" decoding=\"async\" width=\"1024\" height=\"683\" src=\"https:\/\/www.enorsai.com\/noticias\/wp-content\/uploads\/2025\/05\/image-25-1024x683.png\" alt=\"\" class=\"wp-image-4361\" style=\"width:786px;height:auto\" srcset=\"https:\/\/www.enorsai.com\/noticias\/wp-content\/uploads\/2025\/05\/image-25-1024x683.png 1024w, https:\/\/www.enorsai.com\/noticias\/wp-content\/uploads\/2025\/05\/image-25-300x200.png 300w, https:\/\/www.enorsai.com\/noticias\/wp-content\/uploads\/2025\/05\/image-25-768x512.png 768w, https:\/\/www.enorsai.com\/noticias\/wp-content\/uploads\/2025\/05\/image-25.png 1200w\" sizes=\"auto, (max-width: 1024px) 100vw, 1024px\" \/><\/figure>\n\n\n\n<h3 class=\"wp-block-heading\"><strong>Cat\u00e1strofe clim\u00e1tica, cat\u00e1strofe pol\u00edtica<\/strong><\/h3>\n\n\n\n<p>Lo que sucede en el norte bonaerense no es simplemente un fen\u00f3meno meteorol\u00f3gico excepcional. Es la consecuencia directa de una pol\u00edtica nacional que decidi\u00f3 frenar obras hidr\u00e1ulicas ya licitadas o en ejecuci\u00f3n, desfinanciar a las provincias, destruir los mecanismos de asistencia y recortar brutalmente los presupuestos en infraestructura. El ajuste libertario no es una abstracci\u00f3n macroecon\u00f3mica: tiene efectos concretos y devastadores. Cuando se para una obra, no se ahorra dinero. Se expone a una comunidad. Se multiplica el riesgo. Se potencia la tragedia.<\/p>\n\n\n\n<p>Kicillof fue claro y directo: las obras que hubieran evitado gran parte de esta cat\u00e1strofe ya estaban planificadas y en marcha. Diez proyectos hidr\u00e1ulicos fundamentales quedaron paralizados o sin financiamiento por decisi\u00f3n del Ejecutivo nacional. Ahora, la provincia eval\u00faa retomarlas con fondos propios, aunque sabe que no alcanza. Las arcas bonaerenses no pueden cubrir lo que el Estado nacional abandon\u00f3 por razones ideol\u00f3gicas. Porque en la l\u00f3gica del mile\u00edsmo, toda inversi\u00f3n p\u00fablica es gasto superfluo, todo auxilio es populismo, toda cat\u00e1strofe es ajena.<\/p>\n\n\n\n<p>Pero la realidad es m\u00e1s cruda que la ret\u00f3rica liberal. Y se impone como el agua que arrasa con todo a su paso.<\/p>\n\n\n<ul class=\"wp-block-latest-posts__list is-grid columns-3 wp-block-latest-posts has-medium-font-size\"><li><div class=\"wp-block-latest-posts__featured-image\"><img loading=\"lazy\" decoding=\"async\" width=\"300\" height=\"185\" src=\"https:\/\/www.enorsai.com\/noticias\/wp-content\/uploads\/2025\/07\/20250704-gas-300x185.webp\" class=\"attachment-medium size-medium wp-post-image\" alt=\"\" style=\"\" srcset=\"https:\/\/www.enorsai.com\/noticias\/wp-content\/uploads\/2025\/07\/20250704-gas-300x185.webp 300w, https:\/\/www.enorsai.com\/noticias\/wp-content\/uploads\/2025\/07\/20250704-gas.webp 760w\" sizes=\"auto, (max-width: 300px) 100vw, 300px\" \/><\/div><a class=\"wp-block-latest-posts__post-title\" href=\"https:\/\/www.enorsai.com\/noticias\/politica\/milei-lo-hizo-hay-desabastecimiento-de-gas-y-limitan-la-venta-de-gnc\/\">Milei lo hizo: hay desabastecimiento de gas y limitan la venta de GNC<\/a><\/li>\n<li><div class=\"wp-block-latest-posts__featured-image\"><img loading=\"lazy\" decoding=\"async\" width=\"300\" height=\"200\" src=\"https:\/\/www.enorsai.com\/noticias\/wp-content\/uploads\/2026\/04\/kicillof-salud-300x200.jpg\" class=\"attachment-medium size-medium wp-post-image\" alt=\"\" style=\"\" srcset=\"https:\/\/www.enorsai.com\/noticias\/wp-content\/uploads\/2026\/04\/kicillof-salud-300x200.jpg 300w, https:\/\/www.enorsai.com\/noticias\/wp-content\/uploads\/2026\/04\/kicillof-salud-1024x683.jpg 1024w, https:\/\/www.enorsai.com\/noticias\/wp-content\/uploads\/2026\/04\/kicillof-salud-768x512.jpg 768w, https:\/\/www.enorsai.com\/noticias\/wp-content\/uploads\/2026\/04\/kicillof-salud-600x400.jpg 600w, https:\/\/www.enorsai.com\/noticias\/wp-content\/uploads\/2026\/04\/kicillof-salud.jpg 1068w\" sizes=\"auto, (max-width: 300px) 100vw, 300px\" \/><\/div><a class=\"wp-block-latest-posts__post-title\" href=\"https:\/\/www.enorsai.com\/noticias\/sociedad\/salud\/kicillof-refuerza-la-entrega-de-medicamentos-ante-el-ajuste-de-milei\/\">Kicillof refuerza la entrega de medicamentos ante el ajuste de Milei<\/a><\/li>\n<li><div class=\"wp-block-latest-posts__featured-image\"><img loading=\"lazy\" decoding=\"async\" width=\"300\" height=\"169\" src=\"https:\/\/www.enorsai.com\/noticias\/wp-content\/uploads\/2026\/04\/La-cantidad-de-locales-vacios-crecio-385-en-la-Ciudad-de-Buenos-Aires-300x169.png\" class=\"attachment-medium size-medium wp-post-image\" alt=\"\" style=\"\" srcset=\"https:\/\/www.enorsai.com\/noticias\/wp-content\/uploads\/2026\/04\/La-cantidad-de-locales-vacios-crecio-385-en-la-Ciudad-de-Buenos-Aires-300x169.png 300w, https:\/\/www.enorsai.com\/noticias\/wp-content\/uploads\/2026\/04\/La-cantidad-de-locales-vacios-crecio-385-en-la-Ciudad-de-Buenos-Aires-768x432.png 768w, https:\/\/www.enorsai.com\/noticias\/wp-content\/uploads\/2026\/04\/La-cantidad-de-locales-vacios-crecio-385-en-la-Ciudad-de-Buenos-Aires.png 960w\" sizes=\"auto, (max-width: 300px) 100vw, 300px\" \/><\/div><a class=\"wp-block-latest-posts__post-title\" href=\"https:\/\/www.enorsai.com\/noticias\/economia\/la-cantidad-de-locales-vacios-crecio-385-en-la-ciudad-de-buenos-aires\/\">La cantidad de locales vac\u00edos creci\u00f3 38,5% en la Ciudad de Buenos Aires<\/a><\/li>\n<\/ul>\n\n\n<h3 class=\"wp-block-heading\"><strong>La emergencia no espera decretos ni excusas<\/strong><\/h3>\n\n\n\n<p>Mientras Javier Milei agita fantasmas de casta y se pasea por eventos internacionales dando conferencias contra el Estado, en su propio pa\u00eds cientos de familias lo perdieron todo. La foto que no aparece en los discursos libertarios es la de una madre con sus hijos evacuados, con el agua hasta las rodillas, esperando una ayuda que no llega. Es la del productor rural que ve su campo inundado porque una represa no se termin\u00f3. Es la del bombero voluntario que remonta una canoa entre calles que ayer eran asfalto.<\/p>\n\n\n\n<p>No hay que ser ingeniero hidr\u00e1ulico para entender que las inundaciones son evitables. Lo saben los intendentes, lo saben los vecinos, lo saben incluso los t\u00e9cnicos del propio Estado nacional. Pero lo que falta no es informaci\u00f3n, sino decisi\u00f3n pol\u00edtica. El fondo para emergencias existe. Est\u00e1 contemplado por ley. Es de uso espec\u00edfico. Pero el gobierno de Milei, en su cruzada antisistema, prefiere mirar para otro lado. Porque admitir la necesidad de asistir a una provincia ser\u00eda reconocer el rol del Estado. Y eso, para los libertarios, es una blasfemia.<\/p>\n\n\n\n<h3 class=\"wp-block-heading\"><strong>Una respuesta que se construye con acci\u00f3n, no con esl\u00f3ganes<\/strong><\/h3>\n\n\n\n<p>El contraste no podr\u00eda ser m\u00e1s evidente. Mientras la provincia de Buenos Aires organiza operativos de asistencia, planifica la reconstrucci\u00f3n y exige lo que le corresponde, el gobierno nacional opta por la indiferencia. Es una narrativa cruel: si el Estado nacional no interviene ante una cat\u00e1strofe que afecta a casi cuarenta municipios y deja muertos, \u00bfcu\u00e1ndo lo har\u00e1? \u00bfCu\u00e1ntas tragedias m\u00e1s son necesarias para que se active el fondo espec\u00edfico de emergencias? \u00bfO acaso ese bill\u00f3n de pesos est\u00e1 reservado para salvar bancos, no vidas?<\/p>\n\n\n\n<p>El ministro Gabriel Katopodis fue tajante: \u201cEsta tormenta triplic\u00f3 los registros hist\u00f3ricos\u201d. No es una lluvia m\u00e1s. Es un evento extremo. Y por eso mismo, es el test de estr\u00e9s de una pol\u00edtica p\u00fablica. Hoy, esa pol\u00edtica p\u00fablica no responde. El ajuste no s\u00f3lo congela obras y despide empleados. Tambi\u00e9n posterga auxilios, interrumpe cadenas de ayuda y pone en riesgo la vida de miles de personas. No es simplemente una cuesti\u00f3n de ineficiencia: es una pol\u00edtica deliberada de desprotecci\u00f3n.<\/p>\n\n\n\n<h3 class=\"wp-block-heading\"><strong>Una advertencia que se convierte en denuncia<\/strong><\/h3>\n\n\n\n<p>Kicillof no dud\u00f3 en se\u00f1alar lo que muchos piensan: hay un Estado nacional ausente, una Naci\u00f3n que se desentiende de las provincias. Y hay un modelo que, en nombre de la eficiencia, est\u00e1 destruyendo los mecanismos b\u00e1sicos de cuidado. El gobernador fue contundente: \u201cNo podemos quedarnos de brazos cruzados mientras el gobierno nacional no realiza las obras que necesitan los bonaerenses\u201d. La frase tiene la potencia de un diagn\u00f3stico y la urgencia de una denuncia.<\/p>\n\n\n\n<p>Porque no se trata s\u00f3lo del agua que baja lentamente en Campana o Salto. Se trata del desprecio por los m\u00e1s vulnerables, de la insensibilidad de un proyecto que cree que la vida es una variable de mercado. Se trata de elegir entre el blindaje financiero o la dignidad humana.<\/p>\n\n\n\n<h3 class=\"wp-block-heading\"><strong>Un final que todav\u00eda no lleg\u00f3, pero ya dice demasiado<\/strong><\/h3>\n\n\n\n<p>Las lluvias cesan, el agua baja, los evacuados vuelven a sus casas. Pero el da\u00f1o est\u00e1 hecho. Y la respuesta del gobierno nacional sigue ausente. No hay anuncio, no hay decreto, no hay transferencia. El fondo para cat\u00e1strofes sigue guardado, como si el desastre fuera ajeno, como si las provincias fueran un costo a recortar. Como si los muertos no fueran tambi\u00e9n ciudadanos argentinos.<\/p>\n\n\n\n<p>En cada cuadra inundada, en cada casa destruida, en cada vecino que lo perdi\u00f3 todo, hay una historia que interpela y una pregunta que incomoda: \u00bfde qu\u00e9 sirve un Estado que abandona a su gente cuando m\u00e1s lo necesita?<\/p>\n\n\n\n<p><strong>Porque cuando el Estado se retira, el agua no perdona. Y el olvido, tampoco.<\/strong><\/p>\n","protected":false},"excerpt":{"rendered":"<p>Mientras miles de familias bonaerenses sufren los estragos del agua, Javier Milei retiene un fondo de cat\u00e1strofes de casi un bill\u00f3n de pesos. Axel Kicillof exige respuestas mientras denuncia el abandono y la paralizaci\u00f3n de obras hidr\u00e1ulicas. El ajuste libertario muestra su cara m\u00e1s cruel: la indiferencia ante el desastre.<\/p>\n","protected":false},"author":12,"featured_media":4362,"comment_status":"open","ping_status":"open","sticky":false,"template":"","format":"standard","meta":{"_monsterinsights_skip_tracking":false,"_monsterinsights_sitenote_active":false,"_monsterinsights_sitenote_note":"","_monsterinsights_sitenote_category":0,"footnotes":"","jetpack_publicize_message":"\ud83c\udf27\ufe0f\ud83d\udc94 Mientras el agua arrasa hogares, el gobierno nacional guarda silencio. Kicillof exige los fondos de emergencia que Milei retiene mientras paraliza obras clave. \u00bfHasta cu\u00e1ndo va a ignorar el sufrimiento del pueblo?","jetpack_publicize_feature_enabled":true,"jetpack_social_post_already_shared":false,"jetpack_social_options":{"image_generator_settings":{"template":"highway","enabled":false},"version":2}},"categories":[4],"tags":[712,58,133,1230,854,838,104,45,1482,916],"class_list":["post-4360","post","type-post","status-publish","format-standard","has-post-thumbnail","hentry","category-sociedad","tag-abandono","tag-ajuste","tag-buenosaires","tag-catastrofe","tag-emergencia","tag-inundaciones","tag-kicillof","tag-milei","tag-obras","tag-provincias"],"jetpack_publicize_connections":[],"_links":{"self":[{"href":"https:\/\/www.enorsai.com\/noticias\/wp-json\/wp\/v2\/posts\/4360","targetHints":{"allow":["GET"]}}],"collection":[{"href":"https:\/\/www.enorsai.com\/noticias\/wp-json\/wp\/v2\/posts"}],"about":[{"href":"https:\/\/www.enorsai.com\/noticias\/wp-json\/wp\/v2\/types\/post"}],"author":[{"embeddable":true,"href":"https:\/\/www.enorsai.com\/noticias\/wp-json\/wp\/v2\/users\/12"}],"replies":[{"embeddable":true,"href":"https:\/\/www.enorsai.com\/noticias\/wp-json\/wp\/v2\/comments?post=4360"}],"version-history":[{"count":1,"href":"https:\/\/www.enorsai.com\/noticias\/wp-json\/wp\/v2\/posts\/4360\/revisions"}],"predecessor-version":[{"id":4363,"href":"https:\/\/www.enorsai.com\/noticias\/wp-json\/wp\/v2\/posts\/4360\/revisions\/4363"}],"wp:featuredmedia":[{"embeddable":true,"href":"https:\/\/www.enorsai.com\/noticias\/wp-json\/wp\/v2\/media\/4362"}],"wp:attachment":[{"href":"https:\/\/www.enorsai.com\/noticias\/wp-json\/wp\/v2\/media?parent=4360"}],"wp:term":[{"taxonomy":"category","embeddable":true,"href":"https:\/\/www.enorsai.com\/noticias\/wp-json\/wp\/v2\/categories?post=4360"},{"taxonomy":"post_tag","embeddable":true,"href":"https:\/\/www.enorsai.com\/noticias\/wp-json\/wp\/v2\/tags?post=4360"}],"curies":[{"name":"wp","href":"https:\/\/api.w.org\/{rel}","templated":true}]}}