{"id":435,"date":"2025-01-31T19:25:19","date_gmt":"2025-01-31T19:25:19","guid":{"rendered":"https:\/\/www.enorsai.com\/noticias\/?p=435"},"modified":"2025-01-31T19:25:19","modified_gmt":"2025-01-31T19:25:19","slug":"al-closet-no-volvemos-el-movimiento-trans-y-diverso-resiste-el-odio-de-milei-en-las-calles","status":"publish","type":"post","link":"https:\/\/www.enorsai.com\/noticias\/sociedad\/al-closet-no-volvemos-el-movimiento-trans-y-diverso-resiste-el-odio-de-milei-en-las-calles\/","title":{"rendered":"Al cl\u00f3set no volvemos: el movimiento trans y diverso resiste el odio de Milei en las calles"},"content":{"rendered":"\n<p><\/p>\n\n\n\n<p><br><em><strong>Mar\u00eda P\u00eda Ceballos, referente trans de Salta, denuncia el avance de pol\u00edticas de exclusi\u00f3n y convoca a una movilizaci\u00f3n masiva este s\u00e1bado. \u00abEl odio no nos va a silenciar\u00bb, asegura.<\/strong><\/em><\/p>\n\n\n\n<p><br>Frente al discurso de odio y las pol\u00edticas de exclusi\u00f3n del gobierno de Javier Milei, el movimiento trans y diverso se organiza para resistir. Este s\u00e1bado, plazas de todo el pa\u00eds ser\u00e1n testigos de una movilizaci\u00f3n hist\u00f3rica bajo la consigna: \u00abAl cl\u00f3set no volvemos, al calabozo no volvemos\u00bb.<\/p>\n\n\n\n<p><br>El gobierno de Javier Milei no solo est\u00e1 desmantelando el Estado, sino que tambi\u00e9n est\u00e1 librando una guerra cultural contra la diversidad y los derechos humanos. Mar\u00eda P\u00eda Ceballos, referente del movimiento trans en Salta, lo tiene claro: \u00abEste s\u00e1bado salimos a las calles para decir basta al odio, a la exclusi\u00f3n y a la violencia\u00bb. En una entrevista radial en\u00a0<em>Radio 10 &#8211; De vuelta<\/em>, Ceballos detall\u00f3 c\u00f3mo el discurso de Milei y su gobierno est\u00e1 impactando en la vida de las personas LGBT, especialmente las trans, y convoc\u00f3 a una movilizaci\u00f3n masiva para defender los derechos conquistados.<\/p>\n\n\n\n<p>\u00abYa ven\u00edamos denunciando discursos de odio el a\u00f1o pasado, pero esto trasciende. Son pol\u00edticas de crueldad hacia las minor\u00edas espec\u00edficas, pero no solo a nosotras, las personas LGBT, sino a las mujeres, a los migrantes, a los pueblos ind\u00edgenas, a los trabajadores\u00bb, afirm\u00f3 Ceballos. La referente trans destac\u00f3 que, desde que Milei asumi\u00f3, se han incrementado los casos de violencia y discriminaci\u00f3n. \u00abAl dejar de existir un INADI, al dejar de existir un ministerio, llegamos a una justicia que no toma la denuncia por discriminaci\u00f3n. Nos vuelven a golpear, nos vuelven a se\u00f1alar, volvemos a pasar amenazas en el espacio p\u00fablico\u00bb, denunci\u00f3.<\/p>\n\n\n\n<p><a href=\"https:\/\/www.enorsai.com\/noticias\/sociedad\/el-odio-como-politica-como-el-gobierno-de-milei-destruye-la-diversidad-y-amenaza-los-derechos-conquistados\/\"><strong>El odio como pol\u00edtica: c\u00f3mo el gobierno de Milei destruye la diversidad y amenaza los derechos conquistados<\/strong><br><\/a><\/p>\n\n\n\n<p>El s\u00e1bado, plazas de todo el pa\u00eds ser\u00e1n escenario de una movilizaci\u00f3n hist\u00f3rica. En Salta, las convocatorias son m\u00faltiples: en Cafayate, a partir de las 17 horas en el Parque de la Familia; en Tartagal, a las 19 horas en Plaza Italia; y en Salta Capital, desde las 17 horas en la Plaza Nueve de Julio. \u00abEsperamos una multitud en todas las plazas del pa\u00eds. Uno de los mensajes va a ser que al cl\u00f3set no volvemos y al calabozo no volvemos. Nunca m\u00e1s\u00bb, afirm\u00f3 Ceballos.<\/p>\n\n\n\n<p>La referente trans record\u00f3 que los derechos conquistados no fueron un regalo, sino el resultado de a\u00f1os de lucha. \u00abNadie nos regal\u00f3 nada. La ley de matrimonio igualitario se aprob\u00f3 en 2010, pero la primera presentaci\u00f3n sobre uni\u00f3n civil fue en 1990. Pasaron muchos a\u00f1os de lucha en las calles, con organizaciones y personas LGBT. Se logr\u00f3 con consenso social, en el Congreso, con nosotras y nosotres ah\u00ed\u00bb, se\u00f1al\u00f3. Ceballos enfatiz\u00f3 que los umbrales de la democracia deben basarse en los derechos humanos para todas, todos y todes. <\/p>\n\n\n\n<p><a href=\"https:\/\/www.enorsai.com\/noticias\/sociedad\/de-la-democracia-a-la-tirania-como-el-gobierno-de-milei-desmantela-derechos-y-profundiza-la-pobreza-en-argentina\/\"><strong>De la democracia a la tiran\u00eda: c\u00f3mo el gobierno de Milei desmantela derechos y profundiza la pobreza en Argentina<\/strong><br><\/a><\/p>\n\n\n\n<p>Frente al avance del odio y la exclusi\u00f3n, Ceballos llam\u00f3 a la unidad y la resistencia. \u00abNecesitamos a toda nuestra sociedad para recuperar esa historia reciente que habla de la memoria, de la lucha, de miles de compa\u00f1eras y compa\u00f1eres que ya no est\u00e1n pero que dejaron su vida por otro mundo posible. Un mundo que no es con el racismo ni con el fascismo\u00bb, afirm\u00f3. La referente trans tambi\u00e9n destac\u00f3 la importancia de habitar el espacio p\u00fablico y realizar acciones directas. \u00abEste s\u00e1bado vamos a hacer distintas intervenciones que tienen que ver con nuestros recorridos en la salud, el trabajo y la educaci\u00f3n. El Estado a\u00fan le falta mucho para reparar nuestras vidas\u00bb, se\u00f1al\u00f3.<\/p>\n\n\n\n<p>Ceballos record\u00f3 que, durante d\u00e9cadas, las personas trans fueron sujetas de la clandestinidad, la criminalizaci\u00f3n y las peores violencias. \u00abDe la vuelta a la democracia, hemos logrado conquistas enormes al lado del gran movimiento de mujeres y de derechos humanos en Argentina. Y no vamos a claudicar. Nuestro coraz\u00f3n est\u00e1 para salir a dar esa fuerza que se necesita frente a tanto odio y a tanto discurso pol\u00edtico que promueve la crueldad y la deshumanizaci\u00f3n\u00bb, concluy\u00f3.<\/p>\n\n\n\n<figure class=\"wp-block-image size-full\"><img loading=\"lazy\" decoding=\"async\" width=\"696\" height=\"521\" src=\"https:\/\/www.enorsai.com\/noticias\/wp-content\/uploads\/2025\/01\/66478573_404123267113410_3958090037194653696_n-696x521-1.jpg\" alt=\"\" class=\"wp-image-437\" srcset=\"https:\/\/www.enorsai.com\/noticias\/wp-content\/uploads\/2025\/01\/66478573_404123267113410_3958090037194653696_n-696x521-1.jpg 696w, https:\/\/www.enorsai.com\/noticias\/wp-content\/uploads\/2025\/01\/66478573_404123267113410_3958090037194653696_n-696x521-1-300x225.jpg 300w\" sizes=\"auto, (max-width: 696px) 100vw, 696px\" \/><\/figure>\n\n\n\n<hr class=\"wp-block-separator has-alpha-channel-opacity\"\/>\n","protected":false},"excerpt":{"rendered":"<p>Mar\u00eda P\u00eda Ceballos, referente trans de Salta, denuncia el avance de pol\u00edticas de exclusi\u00f3n y convoca a una movilizaci\u00f3n masiva este s\u00e1bado. \u00abEl odio no nos va a silenciar\u00bb, asegura. Frente al discurso de odio y las pol\u00edticas de exclusi\u00f3n del gobierno de Javier Milei, el movimiento trans y diverso se organiza para resistir. Este&#8230;<\/p>\n","protected":false},"author":4,"featured_media":436,"comment_status":"open","ping_status":"open","sticky":false,"template":"","format":"standard","meta":{"_monsterinsights_skip_tracking":false,"_monsterinsights_sitenote_active":false,"_monsterinsights_sitenote_note":"","_monsterinsights_sitenote_category":0,"footnotes":"","jetpack_publicize_message":"","jetpack_publicize_feature_enabled":true,"jetpack_social_post_already_shared":true,"jetpack_social_options":{"image_generator_settings":{"template":"highway","default_image_id":0,"font":"","enabled":false},"version":2}},"categories":[4],"tags":[116,114,115,118,113,117],"class_list":["post-435","post","type-post","status-publish","format-standard","has-post-thumbnail","hentry","category-sociedad","tag-derechos-lgbt-en-argentina","tag-discurso-de-odio-de-milei","tag-marcha-contra-la-exclusion","tag-maria-pia-ceballos","tag-movimiento-trans-argentina","tag-resistencia-social"],"jetpack_publicize_connections":[],"_links":{"self":[{"href":"https:\/\/www.enorsai.com\/noticias\/wp-json\/wp\/v2\/posts\/435","targetHints":{"allow":["GET"]}}],"collection":[{"href":"https:\/\/www.enorsai.com\/noticias\/wp-json\/wp\/v2\/posts"}],"about":[{"href":"https:\/\/www.enorsai.com\/noticias\/wp-json\/wp\/v2\/types\/post"}],"author":[{"embeddable":true,"href":"https:\/\/www.enorsai.com\/noticias\/wp-json\/wp\/v2\/users\/4"}],"replies":[{"embeddable":true,"href":"https:\/\/www.enorsai.com\/noticias\/wp-json\/wp\/v2\/comments?post=435"}],"version-history":[{"count":1,"href":"https:\/\/www.enorsai.com\/noticias\/wp-json\/wp\/v2\/posts\/435\/revisions"}],"predecessor-version":[{"id":438,"href":"https:\/\/www.enorsai.com\/noticias\/wp-json\/wp\/v2\/posts\/435\/revisions\/438"}],"wp:featuredmedia":[{"embeddable":true,"href":"https:\/\/www.enorsai.com\/noticias\/wp-json\/wp\/v2\/media\/436"}],"wp:attachment":[{"href":"https:\/\/www.enorsai.com\/noticias\/wp-json\/wp\/v2\/media?parent=435"}],"wp:term":[{"taxonomy":"category","embeddable":true,"href":"https:\/\/www.enorsai.com\/noticias\/wp-json\/wp\/v2\/categories?post=435"},{"taxonomy":"post_tag","embeddable":true,"href":"https:\/\/www.enorsai.com\/noticias\/wp-json\/wp\/v2\/tags?post=435"}],"curies":[{"name":"wp","href":"https:\/\/api.w.org\/{rel}","templated":true}]}}