{"id":4327,"date":"2025-05-20T08:16:48","date_gmt":"2025-05-20T11:16:48","guid":{"rendered":"https:\/\/www.enorsai.com\/noticias\/?p=4327"},"modified":"2025-05-20T08:16:48","modified_gmt":"2025-05-20T11:16:48","slug":"mas-despidos-en-el-ingenio-ledesma-otros-235-operarios-en-la-calle","status":"publish","type":"post","link":"https:\/\/www.enorsai.com\/noticias\/politica\/mas-despidos-en-el-ingenio-ledesma-otros-235-operarios-en-la-calle\/","title":{"rendered":"M\u00e1s despidos en el Ingenio Ledesma: otros 235 operarios en la calle"},"content":{"rendered":"\n<p><strong><em>Son m\u00e1s de 300 los despidos antes del inicio de la zafra. El Sindicato de Obreros y Empleados del Az\u00facar del Ingenio Ledesma (SOEAIL) inici\u00f3 un plan de lucha por la reincorporaci\u00f3n. La compa\u00f1\u00eda adujo que est\u00e1 en crisis y se anticipan m\u00e1s despidos. \u201cVa a impactar tremendamente en la econom\u00eda local\u201d, avisan.<\/em><\/strong><\/p>\n\n\n\n<p>El secretario general del Sindicato de Obreros y Empleados del Az\u00facar del Ingenio Ledesma (SOEAIL), Luciano Lezano, denunci\u00f3 que la empresa despidi\u00f3 a 235 trabajadores en Jujuy y les est\u00e1 adeudando dinero de las liquidaciones, ya que les pag\u00f3 solo el 60%.<\/p>\n\n\n\n<p>\u201cA d\u00edas de las paritarias ya nos ech\u00f3 a 235 compa\u00f1eros. La compa\u00f1\u00eda expone que est\u00e1n haciendo una reestructuraci\u00f3n y deciden abaratar costos porque le es m\u00e1s barato contratar mano de obra que seguir pagando a trabajadores que ya tienen a\u00f1os de antig\u00fcedad, que tienen categor\u00eda, que tienen permanencias, y que tienen derecho adquirido\u201d, explic\u00f3 Lezano a Salta\/12.<\/p>\n\n\n\n<p>Desde el Sindicato se\u00f1alaron que a pesar de haberse conformado una mesa de conciliaci\u00f3n con la participaci\u00f3n de Ledesma y los representantes gremiales, con la Secretar\u00eda de Trabajo de la provincia como mediadora, el proceso no ha tenido buenos resultados. \u201cEl problema es que la Secretar\u00eda de Trabajo es como si estuviera ausente, porque nosotros exponemos todos nuestros argumentos, exponemos toda la situaci\u00f3n econ\u00f3mica en la que verdaderamente est\u00e1 la empresa y hay una mentira de que est\u00e1 en crisis, porque ellos dicen que est\u00e1n en crisis. El secretario de Trabajo no hace m\u00e1s que redactar el acta y Ledesma se sigue negando a retrotraer esta acci\u00f3n que hizo despidiendo a los compa\u00f1eros\u201d, cont\u00f3 Lezano.<\/p>\n\n\n\n<p>Se\u00f1al\u00f3 que \u201cson 235 (las) familias que quedaron en la calle\u201d y esto \u201cva a impactar tremendamente en la econom\u00eda local\u201d porque la intenci\u00f3n es profundizar el ajuste: \u201cNos mencionaron que quieren eliminar muchos sectores, muchos departamentos de trabajo\u201d por lo que \u201cpresumimos que van a ser cientos los despedidos hacia adelante\u201d, advirti\u00f3.<\/p>\n\n\n\n<p>El Sindicato inici\u00f3 un plan de lucha, \u201cal comienzo, escalonado, visibilizando todo, haciendo una marcha una movilizaci\u00f3n, una olla popular\u201d, dijo Lezano. \u201cVamos a seguir haciendo asambleas, tenemos reuniones de delegados ahora el martes, vamos a ver de convocar a una nueva asamblea y seguir trabajando sobre las acciones a seguir en el plan de lucha, pero no vamos a parar, vamos a hacer medidas m\u00e1s fuertes, m\u00e1s contundentes hasta que reincorporan a los 235 compa\u00f1eros despedidos y que nos paguen un salario digno que nos garantice todas las necesidades\u201d, manifest\u00f3 Lezano a Salta\/12.<\/p>\n\n\n\n<p>El Ingenio Ledesma ratific\u00f3 el despido de otros 235 operarios, habla de m\u00e1s cesant\u00edas en el corto plazo y ya hay temor por el impacto social en la regi\u00f3n<\/p>\n\n\n\n<p>\u201cLedesma utiliza todos nuestros recursos naturales, nuestra agua, nuestra gente, no pagan impuestos y, sin embargo, nos tienen as\u00ed, empobrecidos, usan a los compa\u00f1eros, los explotan, los compa\u00f1eros dejan su vida, su salud y no puede ser que ahora los echen as\u00ed como descartables y no tenemos a d\u00f3nde ir a trabajar\u201d, expres\u00f3 Lezano.<\/p>\n\n\n\n<p>El Ingenio est\u00e1 ubicado en General San Mart\u00edn, localidad de algo m\u00e1s de 45 mil personas. Se trata del principal empleador de la regi\u00f3n y el impacto de su ajuste podr\u00eda detonar conflictos sociales de gran magnitud por su onda expansiva.<\/p>\n\n\n\n<p>El secretario general asumi\u00f3 en este cargo hace 5 meses. Cont\u00f3 que est\u00e1n trabajando con un economista de Rosario que realiz\u00f3 un informe de las ganancias que presenta trimestralmente en la Bolsa de Valores la empresa Ledesma. \u201cNos dimos con que el a\u00f1o pasado cuando un 5 de septiembre ten\u00edamos nosotros cl\u00e1usula de revisi\u00f3n con la empresa Ledesma, la empresa nos dec\u00eda que no hab\u00eda plata y un 17 de septiembre se juntaba todo el directorio para repartirse entre 7 y m\u00e1s de 2.200 millones de d\u00f3lares\u201d, remarc\u00f3 y a\u00f1adi\u00f3 que ese mismo a\u00f1o, \u201cse volvi\u00f3 a juntar el directorio para repartirse otros 13.300 millones de d\u00f3lares. O sea que en crisis no est\u00e1n\u201d, afirm\u00f3.<\/p>\n\n\n\n<p>\u201cPor eso es que nosotros hemos comenzado a formar, a capacitar, a hacer asambleas, reuniones de delegados, y a exponer tambi\u00e9n al pueblo que no puede ser que tengamos una empresa multimillonaria y un pueblo empobrecido con trabajadores con salarios que ya ni siquiera son de clase media ni de clase pobre, son de clase indigente porque estamos por debajo de la canasta b\u00e1sica familiar 300 mil pesos menos, donde el trabajador azucarero cobra 800 mil y de esos 800 mil solamente 400 mil son en blanco y lo otro es no remunerativo\u201d, detall\u00f3.<\/p>\n\n\n\n<p>Por infogremiales<\/p>\n","protected":false},"excerpt":{"rendered":"<p>Son m\u00e1s de 300 los despidos antes del inicio de la zafra. El Sindicato de Obreros y Empleados del Az\u00facar del Ingenio Ledesma (SOEAIL) inici\u00f3 un plan de lucha por la reincorporaci\u00f3n. La compa\u00f1\u00eda adujo que est\u00e1 en crisis y se anticipan m\u00e1s despidos. \u201cVa a impactar tremendamente en la econom\u00eda local\u201d, avisan. El secretario&#8230;<\/p>\n","protected":false},"author":5,"featured_media":4328,"comment_status":"open","ping_status":"open","sticky":false,"template":"","format":"standard","meta":{"_monsterinsights_skip_tracking":false,"_monsterinsights_sitenote_active":false,"_monsterinsights_sitenote_note":"","_monsterinsights_sitenote_category":0,"footnotes":"","jetpack_publicize_message":"","jetpack_publicize_feature_enabled":true,"jetpack_social_post_already_shared":true,"jetpack_social_options":{"image_generator_settings":{"template":"highway","default_image_id":0,"font":"","enabled":false},"version":2}},"categories":[2],"tags":[58,43],"class_list":["post-4327","post","type-post","status-publish","format-standard","has-post-thumbnail","hentry","category-politica","tag-ajuste","tag-crisis"],"jetpack_publicize_connections":[],"_links":{"self":[{"href":"https:\/\/www.enorsai.com\/noticias\/wp-json\/wp\/v2\/posts\/4327","targetHints":{"allow":["GET"]}}],"collection":[{"href":"https:\/\/www.enorsai.com\/noticias\/wp-json\/wp\/v2\/posts"}],"about":[{"href":"https:\/\/www.enorsai.com\/noticias\/wp-json\/wp\/v2\/types\/post"}],"author":[{"embeddable":true,"href":"https:\/\/www.enorsai.com\/noticias\/wp-json\/wp\/v2\/users\/5"}],"replies":[{"embeddable":true,"href":"https:\/\/www.enorsai.com\/noticias\/wp-json\/wp\/v2\/comments?post=4327"}],"version-history":[{"count":1,"href":"https:\/\/www.enorsai.com\/noticias\/wp-json\/wp\/v2\/posts\/4327\/revisions"}],"predecessor-version":[{"id":4329,"href":"https:\/\/www.enorsai.com\/noticias\/wp-json\/wp\/v2\/posts\/4327\/revisions\/4329"}],"wp:featuredmedia":[{"embeddable":true,"href":"https:\/\/www.enorsai.com\/noticias\/wp-json\/wp\/v2\/media\/4328"}],"wp:attachment":[{"href":"https:\/\/www.enorsai.com\/noticias\/wp-json\/wp\/v2\/media?parent=4327"}],"wp:term":[{"taxonomy":"category","embeddable":true,"href":"https:\/\/www.enorsai.com\/noticias\/wp-json\/wp\/v2\/categories?post=4327"},{"taxonomy":"post_tag","embeddable":true,"href":"https:\/\/www.enorsai.com\/noticias\/wp-json\/wp\/v2\/tags?post=4327"}],"curies":[{"name":"wp","href":"https:\/\/api.w.org\/{rel}","templated":true}]}}