{"id":4323,"date":"2025-05-20T07:47:30","date_gmt":"2025-05-20T10:47:30","guid":{"rendered":"https:\/\/www.enorsai.com\/noticias\/?p=4323"},"modified":"2025-05-20T07:47:30","modified_gmt":"2025-05-20T10:47:30","slug":"el-portonazo-con-sueldos-por-debajo-de-la-linea-de-pobreza-los-docentes-universitarios-paralizan-la-unco-y-toman-sus-accesos","status":"publish","type":"post","link":"https:\/\/www.enorsai.com\/noticias\/sociedad\/el-portonazo-con-sueldos-por-debajo-de-la-linea-de-pobreza-los-docentes-universitarios-paralizan-la-unco-y-toman-sus-accesos\/","title":{"rendered":"\u00abEl Portonazo\u00bb: Con sueldos por debajo de la l\u00ednea de pobreza, los docentes universitarios paralizan la UNCo y toman sus accesos"},"content":{"rendered":"\n<p><strong><em>El bloqueo en la sede central de Neuqu\u00e9n marca un nuevo cap\u00edtulo en la lucha contra el brutal ajuste del gobierno nacional. El gremio ADUNC denuncia sueldos miserables, p\u00e9rdida del poder adquisitivo y abandono estatal. Mientras el Ministerio de Capital Humano impone aumentos irrisorios, la resistencia crece en cada rinc\u00f3n del pa\u00eds.<\/em><\/strong><\/p>\n\n\n\n<p>El martes amaneci\u00f3 con un gesto de dignidad en la Universidad Nacional del Comahue (UNCo). No fue una jornada m\u00e1s. El gremio docente ADUNC decidi\u00f3 endurecer su postura ante la indiferencia del Gobierno nacional encabezado por Javier Milei y ejecut\u00f3 lo que denominaron un \u201cportonazo\u201d: un bloqueo en uno de los accesos principales a la sede central de la universidad en Neuqu\u00e9n. Una imagen que incomoda al poder, pero que refleja la crudeza del presente: la educaci\u00f3n p\u00fablica est\u00e1 siendo desmantelada ante los ojos de una sociedad at\u00f3nita.<\/p>\n\n\n\n<p>Desde temprano, se interrumpi\u00f3 el paso en la Avenida Argentina, a la altura de la conocida farmacia y previo a la calle Albard\u00f3n. All\u00ed, con pancartas, banderas y la fuerza de la convicci\u00f3n, los docentes alzaron la voz. No hay otro camino cuando el salario no alcanza ni para lo b\u00e1sico. Seg\u00fan detall\u00f3 el gremio, el bloqueo apunt\u00f3 a restringir el acceso al estacionamiento del play\u00f3n central. Pero m\u00e1s all\u00e1 del aspecto log\u00edstico, el gesto encierra una carga simb\u00f3lica ineludible: est\u00e1n cerrando la puerta a la precarizaci\u00f3n, al abandono y a la humillaci\u00f3n.<\/p>\n\n\n\n<p>El escenario es tan cr\u00edtico como predecible. Mientras el gobierno nacional disfraza de \u201clibertad\u201d un ajuste voraz, los sueldos docentes se derrumban y el deterioro se torna estructural. Desde ADUNC explicaron que se ha incrementado la cantidad de docentes que se encuentran por debajo de la l\u00ednea de pobreza, algo que no deber\u00eda sorprender si se considera la brutal diferencia entre los magros aumentos salariales impuestos y la inflaci\u00f3n desbocada.<\/p>\n\n\n\n<p>No se trata de una met\u00e1fora: seg\u00fan los datos aportados por el gremio, la p\u00e9rdida del poder adquisitivo ya supera el 35%. La brecha entre los precios que escalan y los aumentos unilaterales, decretados sin discusi\u00f3n ni paritaria real, se ubica entre el 111% y el 129%. Frente a esta realidad, \u00bfc\u00f3mo no bloquear un port\u00f3n si te est\u00e1n cerrando el futuro?<\/p>\n\n\n\n<p>La situaci\u00f3n alcanza niveles obscenos cuando se detallan las cifras: el Ministerio de Capital Humano \u2014nombre dist\u00f3pico para una cartera que gestiona miseria\u2014 ofreci\u00f3 un \u201caumento\u201d del 1,3% retroactivo a marzo y otro 1,3% para abril. Una burla, un gesto que destila desprecio por el trabajo acad\u00e9mico, la formaci\u00f3n cr\u00edtica y el rol social de la universidad p\u00fablica. En lugar de fortalecer el conocimiento, se apuesta al desguace.<\/p>\n\n\n\n<p>Como si esto fuera poco, la protesta no se limita al \u00e1mbito neuquino. Por la tarde, cerca de las 14 horas, se anunci\u00f3 una volanteada en Cipolletti, en la Facultad de Ciencias de la Educaci\u00f3n y Psicolog\u00eda. La actividad busca seguir visibilizando el conflicto, explic\u00e1ndole a la comunidad que lo que est\u00e1 en juego no son privilegios sino derechos elementales. La docencia universitaria est\u00e1 harta de resistir con el cuerpo el peso de pol\u00edticas econ\u00f3micas dise\u00f1adas para empobrecer.<\/p>\n\n\n\n<p>No es casualidad que el conflicto estalle con esta virulencia. Desde que asumi\u00f3 Javier Milei, la consigna de la motosierra se convirti\u00f3 en una hoja de ruta para el saqueo. Bajo la excusa de la eficiencia y el orden fiscal, el gobierno ha decidido reducir a cenizas cada espacio estatal que represente inclusi\u00f3n, pensamiento cr\u00edtico y redistribuci\u00f3n. En ese marco, las universidades p\u00fablicas se volvieron un blanco predilecto: son, al mismo tiempo, s\u00edmbolo de igualdad y basti\u00f3n de resistencia.<\/p>\n\n\n\n<p>El \u201cportonazo\u201d no es un capricho ni una exageraci\u00f3n. Es la respuesta natural a una pol\u00edtica sistem\u00e1tica de desfinanciamiento. Es el acto de rebeld\u00eda de quienes educan a las futuras generaciones y, sin embargo, deben elegir entre pagar el alquiler o ir al supermercado. Es la forma que encontraron los y las docentes de gritar que ya no hay margen para el cinismo, que no se puede seguir ense\u00f1ando desde la miseria.<\/p>\n\n\n\n<p>Las medidas del gobierno nacional no solo deterioran las condiciones salariales. Tambi\u00e9n impactan en el \u00e1nimo, en el deseo, en el sentido mismo de ejercer la docencia. Muchos profesores y profesoras se ven empujados a renunciar a sus cargos porque el sueldo no justifica el esfuerzo. Se rompe as\u00ed el delicado entramado que sostiene a las casas de estudio: el compromiso docente, la vocaci\u00f3n por formar, la fe en la educaci\u00f3n como herramienta de transformaci\u00f3n.<\/p>\n\n\n\n<p>Y no se trata de una crisis sectorial. Lo que sucede en la Universidad del Comahue es apenas la expresi\u00f3n regional de un fen\u00f3meno nacional. El vaciamiento es generalizado, planificado, ejecutado con precisi\u00f3n quir\u00fargica. El gobierno de Milei quiere universidades d\u00f3ciles, domesticadas o simplemente cerradas. En su visi\u00f3n ultraliberal no hay lugar para lo colectivo, para el pensamiento cr\u00edtico ni para los derechos conquistados.<\/p>\n\n\n\n<p>Resulta escalofriante que, en pleno siglo XXI, tengamos que seguir explicando por qu\u00e9 la universidad p\u00fablica debe ser gratuita, inclusiva y de calidad. M\u00e1s a\u00fan, por qu\u00e9 los docentes merecen cobrar un salario digno, por qu\u00e9 la educaci\u00f3n no puede estar sujeta a las reglas del mercado. Mientras tanto, el gobierno aplica su programa con brutalidad, con desprecio y con una frialdad que hiela la sangre.<\/p>\n\n\n\n<p>Aun as\u00ed, en medio de tanta oscuridad, el \u201cportonazo\u201d es una se\u00f1al de vida. Una resistencia que interpela, que incomoda, que enciende la chispa del debate. No hay port\u00f3n que pueda contener la dignidad cuando \u00e9sta se organiza. Lo que se est\u00e1 jugando en la UNCo no es solo el sueldo de sus trabajadores: es el destino de la universidad p\u00fablica argentina.<\/p>\n\n\n\n<p>Si el ajuste contin\u00faa, si la motosierra sigue arrasando con la educaci\u00f3n, si la indiferencia persiste, la conflictividad social no har\u00e1 m\u00e1s que crecer. Porque no se puede callar a una comunidad educativa que ha hecho del compromiso su bandera. Porque el conocimiento no se entrega sin pelea. Porque hay portones que, lejos de cerrarse, se abren al calor de la lucha colectiva.<\/p>\n\n\n\n<p>Javier Milei deber\u00eda tomar nota. El pueblo universitario no se arrodilla. Ni ahora ni nunca.<\/p>\n","protected":false},"excerpt":{"rendered":"<p>El portonazo en la Universidad del Comahue expone la desesperaci\u00f3n de la docencia ante la desidia del gobierno de Javier Milei. Mientras la pobreza acecha las aulas, el ajuste destruye el trabajo universitario. Un grito colectivo frente al vaciamiento brutal de la educaci\u00f3n p\u00fablica que no se deja silenciar.<\/p>\n","protected":false},"author":9,"featured_media":4325,"comment_status":"open","ping_status":"open","sticky":false,"template":"","format":"standard","meta":{"_monsterinsights_skip_tracking":false,"_monsterinsights_sitenote_active":false,"_monsterinsights_sitenote_note":"","_monsterinsights_sitenote_category":0,"footnotes":"","jetpack_publicize_message":"\ud83d\udcda\ud83d\udd25 \u00a1El portonazo en la Universidad del Comahue no es solo una protesta, es un grito contra el ajuste brutal de Milei! La educaci\u00f3n p\u00fablica se defiende con lucha y unidad. \ud83d\udcaa","jetpack_publicize_feature_enabled":true,"jetpack_social_post_already_shared":false,"jetpack_social_options":{"image_generator_settings":{"template":"highway","enabled":false},"version":2}},"categories":[4],"tags":[1475,58,1476,513,276,45,475,371,263,1474],"class_list":["post-4323","post","type-post","status-publish","format-standard","has-post-thumbnail","hentry","category-sociedad","tag-adunc","tag-ajuste","tag-comahue","tag-docentes","tag-educacion","tag-milei","tag-pobreza","tag-protesta","tag-salarios","tag-universidades"],"jetpack_publicize_connections":[],"_links":{"self":[{"href":"https:\/\/www.enorsai.com\/noticias\/wp-json\/wp\/v2\/posts\/4323","targetHints":{"allow":["GET"]}}],"collection":[{"href":"https:\/\/www.enorsai.com\/noticias\/wp-json\/wp\/v2\/posts"}],"about":[{"href":"https:\/\/www.enorsai.com\/noticias\/wp-json\/wp\/v2\/types\/post"}],"author":[{"embeddable":true,"href":"https:\/\/www.enorsai.com\/noticias\/wp-json\/wp\/v2\/users\/9"}],"replies":[{"embeddable":true,"href":"https:\/\/www.enorsai.com\/noticias\/wp-json\/wp\/v2\/comments?post=4323"}],"version-history":[{"count":1,"href":"https:\/\/www.enorsai.com\/noticias\/wp-json\/wp\/v2\/posts\/4323\/revisions"}],"predecessor-version":[{"id":4326,"href":"https:\/\/www.enorsai.com\/noticias\/wp-json\/wp\/v2\/posts\/4323\/revisions\/4326"}],"wp:featuredmedia":[{"embeddable":true,"href":"https:\/\/www.enorsai.com\/noticias\/wp-json\/wp\/v2\/media\/4325"}],"wp:attachment":[{"href":"https:\/\/www.enorsai.com\/noticias\/wp-json\/wp\/v2\/media?parent=4323"}],"wp:term":[{"taxonomy":"category","embeddable":true,"href":"https:\/\/www.enorsai.com\/noticias\/wp-json\/wp\/v2\/categories?post=4323"},{"taxonomy":"post_tag","embeddable":true,"href":"https:\/\/www.enorsai.com\/noticias\/wp-json\/wp\/v2\/tags?post=4323"}],"curies":[{"name":"wp","href":"https:\/\/api.w.org\/{rel}","templated":true}]}}