{"id":4320,"date":"2025-05-20T07:27:04","date_gmt":"2025-05-20T10:27:04","guid":{"rendered":"https:\/\/www.enorsai.com\/noticias\/?p=4320"},"modified":"2025-05-20T07:27:04","modified_gmt":"2025-05-20T10:27:04","slug":"macri-huye-la-derrota-del-pro-el-exodo-amarillo-y-la-rendicion-ante-milei","status":"publish","type":"post","link":"https:\/\/www.enorsai.com\/noticias\/politica\/macri-huye-la-derrota-del-pro-el-exodo-amarillo-y-la-rendicion-ante-milei\/","title":{"rendered":"Macri huye: La derrota del PRO, el \u00e9xodo amarillo y la rendici\u00f3n ante Milei"},"content":{"rendered":"\n<p><strong><em>Mientras el partido que fund\u00f3 se desangra en internas y deserciones, Mauricio Macri arma las valijas y se exilia de la escena pol\u00edtica. Su primo Jorge queda al mando de una Ciudad que ya no responde, entre reproches, pedidos de cambios y un escenario de fragmentaci\u00f3n in\u00e9dita.<\/em><\/strong><\/p>\n\n\n\n<p>El PRO enfrenta su peor crisis desde su nacimiento. La derrota electoral en su basti\u00f3n hist\u00f3rico dej\u00f3 heridas abiertas, facturas internas y un \u00e9xodo hacia La Libertad Avanza. Mauricio Macri, arquitecto del desastre, escapa hacia Europa y Medio Oriente, mientras Jorge Macri intenta sostener el poder sin aliados, sin legislatura y sin rumbo claro. \u00bfAsistimos al principio del fin del macrismo como lo conocimos?<\/p>\n\n\n\n<p><strong>Macri se fue. Pero no se fue en silencio, ni en paz. Se fue dejando atr\u00e1s un partido hecho jirones, una Ciudad que ya no le responde y un electorado que eligi\u00f3 otro color. Lo que hasta ayer era amarillo, hoy es violeta y verde. Y lo que fue hegemon\u00eda, se transform\u00f3 en incertidumbre.<\/strong><\/p>\n\n\n\n<p>La escena tiene algo de tragic\u00f3mico: Mauricio Macri, fundador del PRO, ex presidente de la Naci\u00f3n y jefe espiritual del espacio, se toma un avi\u00f3n en plena debacle pol\u00edtica. El partido que ayud\u00f3 a construir atraviesa su momento m\u00e1s oscuro y \u00e9l, simplemente, desaparece del escenario. Viaja a Madrid, luego a Medio Oriente. Participa en homenajes, sonr\u00ede para las fotos, mientras en Buenos Aires el PRO se desmorona como un castillo de naipes.<\/p>\n\n\n\n<p>No es una fuga cualquiera. Es la huida de quien carga con el peso simb\u00f3lico de la peor derrota del PRO en su historia. Porque fue \u00e9l quien impuso el desdoblamiento electoral en la Ciudad. Fue \u00e9l quien se subi\u00f3 a la campa\u00f1a, con m\u00e1s ansiedad que estrategia. Fue \u00e9l quien acompa\u00f1\u00f3 a Silvia Lospennato a cada canal de televisi\u00f3n, a veces para hablar de m\u00e1s, otras para decir lo que nadie quer\u00eda escuchar. Fue \u00e9l quien dise\u00f1\u00f3 una arquitectura pol\u00edtica que termin\u00f3 por implosionar.<\/p>\n\n\n\n<p>Y ahora, frente a los escombros, se va.<\/p>\n\n\n\n<p>Los sectores \u00abacuerdistas\u00bb del PRO no dudan: la derrota es suya, enteramente suya. La campa\u00f1a porte\u00f1a, que deb\u00eda proteger al basti\u00f3n amarillo del arrastre nacional, termin\u00f3 nacionaliz\u00e1ndose por completo. Las comunas del norte, que hist\u00f3ricamente votaban PRO, se volcaron a La Libertad Avanza. Recoleta, s\u00edmbolo de la fidelidad macrista, hoy se ti\u00f1e de violeta libertario. En el sur, el peronismo resiste. En el centro, el progresismo crece. El mapa electoral ya no es amarillo. Es un mosaico inestable.<\/p>\n\n\n\n<p>La elecci\u00f3n fue un parteaguas. El primer oficialismo en perder su tierra en 2025. La derrota se multiplica al cuadrado por tratarse de su basti\u00f3n, y al cubo porque su propio jefe, Jorge Macri, no logr\u00f3 sostener el legado.<\/p>\n\n\n\n<p>En este contexto, el PRO entra en estado deliberativo. La palabra \u201casamblea\u201d retumba en los pasillos de la Legislatura porte\u00f1a, donde los n\u00fameros ya no cierran y los aliados ya no aparecen. Los radicales se fueron, la Coalici\u00f3n C\u00edvica se dispers\u00f3, los socialistas est\u00e1n lejos y Larreta, aquel que supieron despreciar, ahora es visto con nostalgia.<\/p>\n\n\n\n<p>Jorge Macri, sin escapatoria, queda solo. Hay quienes le exigen cambios urgentes en su gabinete. Le apuntan a nombres espec\u00edficos: C\u00e9sar Torres en Gobierno, Ignacio Biastocchi en Espacio P\u00fablico. Incluso se menciona la llegada de Mar\u00eda Eugenia Vidal como salvavidas de \u00faltima hora. Pero \u00e9l resiste. Dice que no habr\u00e1 volantazos. Que la elecci\u00f3n se nacionaliz\u00f3. Que su gesti\u00f3n no fue evaluada. Que todo es culpa del arrastre de Milei.<\/p>\n\n\n\n<p>\u00bfY Milei? Milei observa desde el otro lado de la grieta, satisfecho. Su plan avanza: debilitar al PRO desde adentro, desarmarlo, absorberlo dirigente por dirigente. Nada de frentes. Nada de coaliciones. Garrochazos individuales. Ofertas personalizadas. Quien quiera venir, que venga solo. El PRO ya no tiene estructura s\u00f3lida, ni rumbo com\u00fan. Es una bolsa de gatos, y algunos ya comenzaron a saltar.<\/p>\n\n\n\n<p>Cristian Ritondo y Diego Santilli son ahora los encargados de negociar con La Libertad Avanza. Pero, \u00bfqu\u00e9 tienen para ofrecer? Si hace unas semanas los libertarios dec\u00edan que el PRO \u201cestaba regalado\u201d, hoy los miran con displicencia. En el nuevo tablero, el partido amarillo es irrelevante. No suma votos. No genera expectativas. Y sobre todo, no tiene liderazgo.<\/p>\n\n\n\n<p>Porque Macri, el l\u00edder, se fue.<\/p>\n\n\n\n<p>Antes de partir, dej\u00f3 una frase como testamento: \u201cLos que estaban regalados ya se pasaron. Los que quedan tienen valores\u201d. Como si el problema del PRO fuese moral, y no pol\u00edtico. Como si se tratara de traiciones personales, y no de una implosi\u00f3n estructural.<\/p>\n\n\n\n<p>La escena es pat\u00e9tica: dirigentes del PRO implorando respeto a los libertarios, mendigando una silla en la mesa del poder, mientras Milei y Karina seleccionan qui\u00e9n entra y qui\u00e9n queda afuera. \u00bfQu\u00e9 principios pueden sostenerse cuando lo \u00fanico que importa es la cercan\u00eda al nuevo due\u00f1o del poder?<\/p>\n\n\n\n<p>Mientras tanto, en la Legislatura porte\u00f1a, ya se anticipan reconfiguraciones. Larreta, desde las sombras, teje una nueva bancada con Graciela Oca\u00f1a. Se habla de cinco legisladores que abandonar\u00e1n el bloque PRO. Las leyes, desde ahora, se negociar\u00e1n una por una. La gobernabilidad, ese viejo valor de la pol\u00edtica tradicional, vuelve a escena. Pero el PRO no est\u00e1 preparado. Perdi\u00f3 el m\u00fasculo. Perdi\u00f3 los aliados. Perdi\u00f3 la iniciativa.<\/p>\n\n\n\n<p>Y en el fondo, tambi\u00e9n perdi\u00f3 la Ciudad.<\/p>\n\n\n\n<p>Porque la Ciudad ya no es del PRO. Es de Milei, es de Santoro, es de los vecinos que votaron otra cosa. Jorge Macri lo sabe, aunque no lo diga. Por eso no quiere mover las piezas. Porque no sabe con qu\u00e9 reemplazarlas. Porque no tiene un plan. Porque no tiene un horizonte.<\/p>\n\n\n\n<p>La ca\u00edda del PRO no es solo electoral. Es simb\u00f3lica. Es la ca\u00edda de un modelo. El modelo Macri. El de la pol\u00edtica de CEOs, la gesti\u00f3n empresarial, la est\u00e9tica marketinera. Ese modelo hoy no entusiasma a nadie. Ni siquiera a sus propios fundadores.<\/p>\n\n\n\n<p>Y mientras Mauricio Macri se pierde en los pasillos de la Fundaci\u00f3n Libertad en Madrid o en alg\u00fan rinc\u00f3n de Medio Oriente, el partido que lleva su apellido se consume en peleas internas, reproches cruzados y negociaciones desesperadas con un Milei que los desprecia.<\/p>\n\n\n\n<p>\u00bfEs el final del macrismo? Tal vez no. Pero sin dudas es el principio de su eclipse. Porque los liderazgos no se delegan, no se exportan, no se tercerizan. Y hoy, el PRO no tiene l\u00edder. Solo tiene fantasmas.<\/p>\n\n\n\n<p>Fuente:<\/p>\n\n\n\n<ul class=\"wp-block-list\">\n<li><a href=\"https:\/\/www.pagina12.com.ar\/827123-macri-armo-las-valijas-y-dejo-atras-el-desbande-del-pro\">https:\/\/www.pagina12.com.ar\/827123-macri-armo-las-valijas-y-dejo-atras-el-desbande-del-pro<\/a><\/li>\n<\/ul>\n","protected":false},"excerpt":{"rendered":"<p>El gobierno de Javier Milei despliega un brutal ajuste que golpea a jubilados, trabajadores y estudiantes. Con un endeudamiento creciente y sumisi\u00f3n al capital financiero, se profundiza el modelo de exclusi\u00f3n. Las declaraciones de Horacio Rovelli revelan la magnitud de una pol\u00edtica econ\u00f3mica que sacrifica soberan\u00eda, derechos y futuro.<\/p>\n","protected":false},"author":12,"featured_media":4321,"comment_status":"open","ping_status":"open","sticky":false,"template":"","format":"standard","meta":{"_monsterinsights_skip_tracking":false,"_monsterinsights_sitenote_active":false,"_monsterinsights_sitenote_note":"","_monsterinsights_sitenote_category":0,"footnotes":"","jetpack_publicize_message":"\ud83d\udca5 Macri arm\u00f3 las valijas y se fue de gira mientras el PRO se desmorona. Derrota hist\u00f3rica, traiciones, internas, y un Jorge Macri que no puede sostener ni su Ciudad. \u00bfFin del macrismo?","jetpack_publicize_feature_enabled":true,"jetpack_social_post_already_shared":false,"jetpack_social_options":{"image_generator_settings":{"template":"highway","enabled":false},"version":2}},"categories":[2],"tags":[58,26,15,90,227,1284,45,475,1371,101],"class_list":["post-4320","post","type-post","status-publish","format-standard","has-post-thumbnail","hentry","category-politica","tag-ajuste","tag-deuda","tag-economia","tag-fmi","tag-inflacion","tag-jubilaciones","tag-milei","tag-pobreza","tag-privatizaciones","tag-recesion"],"jetpack_publicize_connections":[],"_links":{"self":[{"href":"https:\/\/www.enorsai.com\/noticias\/wp-json\/wp\/v2\/posts\/4320","targetHints":{"allow":["GET"]}}],"collection":[{"href":"https:\/\/www.enorsai.com\/noticias\/wp-json\/wp\/v2\/posts"}],"about":[{"href":"https:\/\/www.enorsai.com\/noticias\/wp-json\/wp\/v2\/types\/post"}],"author":[{"embeddable":true,"href":"https:\/\/www.enorsai.com\/noticias\/wp-json\/wp\/v2\/users\/12"}],"replies":[{"embeddable":true,"href":"https:\/\/www.enorsai.com\/noticias\/wp-json\/wp\/v2\/comments?post=4320"}],"version-history":[{"count":1,"href":"https:\/\/www.enorsai.com\/noticias\/wp-json\/wp\/v2\/posts\/4320\/revisions"}],"predecessor-version":[{"id":4322,"href":"https:\/\/www.enorsai.com\/noticias\/wp-json\/wp\/v2\/posts\/4320\/revisions\/4322"}],"wp:featuredmedia":[{"embeddable":true,"href":"https:\/\/www.enorsai.com\/noticias\/wp-json\/wp\/v2\/media\/4321"}],"wp:attachment":[{"href":"https:\/\/www.enorsai.com\/noticias\/wp-json\/wp\/v2\/media?parent=4320"}],"wp:term":[{"taxonomy":"category","embeddable":true,"href":"https:\/\/www.enorsai.com\/noticias\/wp-json\/wp\/v2\/categories?post=4320"},{"taxonomy":"post_tag","embeddable":true,"href":"https:\/\/www.enorsai.com\/noticias\/wp-json\/wp\/v2\/tags?post=4320"}],"curies":[{"name":"wp","href":"https:\/\/api.w.org\/{rel}","templated":true}]}}