{"id":4311,"date":"2025-05-19T15:52:28","date_gmt":"2025-05-19T18:52:28","guid":{"rendered":"https:\/\/www.enorsai.com\/noticias\/?p=4311"},"modified":"2025-05-19T15:52:28","modified_gmt":"2025-05-19T18:52:28","slug":"demoliendo-fake-news-patricia-bullrich-la-ministra-eterna-del-poder-real","status":"publish","type":"post","link":"https:\/\/www.enorsai.com\/noticias\/politica\/demoliendo-fake-news-patricia-bullrich-la-ministra-eterna-del-poder-real\/","title":{"rendered":"Demoliendo fake news: Patricia Bullrich, la Ministra Eterna del Poder Real"},"content":{"rendered":"\n<p><strong><em>Del peronismo montonero a La Libertad Avanza, la carrera pol\u00edtica de Patricia Bullrich es una radiograf\u00eda del oportunismo en estado puro. Mientras el PRO se desintegra y Milei la pone al frente del garrote estatal, el relato de la \u201cexitosa gesti\u00f3n\u201d se cae a pedazos.<\/em><\/strong><\/p>\n\n\n\n<p>En una investigaci\u00f3n minuciosa y demoledora realizada por el periodista Javier \u201cEl Profe\u201d Romero y su equipo, se repasa el sinuoso derrotero pol\u00edtico de Patricia Bullrich, sus saltos partidarios, sus v\u00ednculos con agencias extranjeras y sus m\u00faltiples fracasos como funcionaria. Una figura clave del r\u00e9gimen neoliberal que siempre sobrevive, a\u00fan a costa de la democracia.<\/p>\n\n\n\n<p>Patricia Bullrich no es una pol\u00edtica com\u00fan. Es, quiz\u00e1s, una de las personificaciones m\u00e1s n\u00edtidas del r\u00e9gimen que no se elige, ese que sobrevive a las urnas y se perpet\u00faa por otros medios. Mientras algunos la celebran como la \u201cdama de hierro argentina\u201d, otros \u2014con mayor lucidez hist\u00f3rica\u2014 la entienden como una operadora de intereses externos, alguien cuya lealtad nunca estuvo ni con los partidos ni con el pueblo, sino con el poder real.<\/p>\n\n\n\n<figure class=\"wp-block-embed is-type-video is-provider-youtube wp-block-embed-youtube wp-embed-aspect-16-9 wp-has-aspect-ratio\"><div class=\"wp-block-embed__wrapper\">\n<iframe loading=\"lazy\" title=\"Demoliendo Fake News: la carrera de Patricia Bullrich | Con El Profe Romero y equipo\" width=\"640\" height=\"360\" src=\"https:\/\/www.youtube.com\/embed\/O0JEwZzCw98?feature=oembed\" frameborder=\"0\" allow=\"accelerometer; autoplay; clipboard-write; encrypted-media; gyroscope; picture-in-picture; web-share\" referrerpolicy=\"strict-origin-when-cross-origin\" allowfullscreen><\/iframe>\n<\/div><\/figure>\n\n\n\n<p>La exposici\u00f3n realizada por Javier \u201cEl Profe\u201d Romero no deja lugar a dudas: estamos ante una de las carreras pol\u00edticas m\u00e1s incoherentes, funcionales y peligrosas de la Argentina reciente. Su recorrido revela m\u00e1s sobre el entramado profundo del poder que cualquier biograf\u00eda oficial.<\/p>\n\n\n\n<p>Bullrich comenz\u00f3 su militancia en la Juventud Peronista de los a\u00f1os 70. Con una hermana pareja del montonero Rodolfo Galimberti \u2014quien m\u00e1s tarde fue agente de la CIA y operador del tr\u00e1fico de armas en Am\u00e9rica Latina\u2014, Patricia no tard\u00f3 en dar el salto desde la izquierda revolucionaria al peronismo ortodoxo de los 80, siempre muy cerca de Antonio Cafiero. En los 90, sin tapujos ni verg\u00fcenza, se subi\u00f3 al tren del menemismo, para despu\u00e9s ser funcionaria de la Alianza que termin\u00f3 en sangre y helic\u00f3ptero.<\/p>\n\n\n\n<p>Se podr\u00eda pensar que un historial as\u00ed le habr\u00eda puesto un freno pol\u00edtico. Nada de eso. Bullrich es una experta en la supervivencia camale\u00f3nica: despu\u00e9s de fundar su propio partido, se ali\u00f3 con Elisa Carri\u00f3, luego con Pino Solanas, despu\u00e9s con Ricardo L\u00f3pez Murphy y finalmente con Mauricio Macri. En cada salto ideol\u00f3gico, Bullrich pareci\u00f3 no dejar ni rastro de sus convicciones anteriores. La \u00fanica constante fue su capacidad para posicionarse en el centro del poder, incluso en los gobiernos m\u00e1s cuestionados.<\/p>\n\n\n\n<p>Durante el gobierno de la Alianza fue una de las impulsoras del tristemente c\u00e9lebre recorte del 13% a jubilaciones y salarios p\u00fablicos. Se la recuerda tambi\u00e9n por su brutal campa\u00f1a contra los trabajadores organizados y su participaci\u00f3n en el gabinete que termin\u00f3 con una represi\u00f3n feroz en diciembre de 2001. En la Plaza de Mayo y en muchas provincias, el saldo fue tr\u00e1gico: muertos, heridos y una democracia en jaque.<\/p>\n\n\n\n<p>M\u00e1s tarde, en el gobierno de Cambiemos, volver\u00eda a escena como Ministra de Seguridad. Desde all\u00ed, Patricia Bullrich consolid\u00f3 su imagen p\u00fablica: la mano dura, el gatillo f\u00e1cil, la criminalizaci\u00f3n de la protesta y un preocupante desprecio por los derechos humanos. Su \u201cgesti\u00f3n exitosa\u201d se bas\u00f3, entre otras cosas, en reprimir manifestaciones sociales, justificar fusilamientos por la espalda \u2014como el caso de Rafael Nahuel o Santiago Maldonado\u2014 y estrechar lazos con el aparato de seguridad de Israel.<\/p>\n\n\n\n<p>Porque Bullrich no se sostiene sola. Su esposo, Guillermo Yanco, es representante de la C\u00e1mara de Comercio Argentino-Israel\u00ed, y mantiene relaciones directas con empresas proveedoras de armamento. La ministra nunca aclar\u00f3 las compras millonarias realizadas durante su gesti\u00f3n ni los nexos con el complejo industrial-militar extranjero. Todo indica que su verdadero respaldo no proviene de las urnas ni de la legitimidad popular, sino de agencias de inteligencia y redes de lobby geopol\u00edtico.<\/p>\n\n\n\n<p>\u00bfY ahora? Tras haber perdido las elecciones internas en Juntos por el Cambio, Patricia Bullrich no tuvo reparos en sumarse al gobierno de Javier Milei. Como Ministra de Seguridad, repite su manual represivo, esta vez con la legitimaci\u00f3n total de un r\u00e9gimen que se jacta de odiar al Estado pero lo usa para golpear, perseguir y censurar.<\/p>\n\n\n\n<p>Ella misma lo dijo: \u201cNo nac\u00ed con Macri\u201d. Y tiene raz\u00f3n. Naci\u00f3 antes, mucho antes, y su ADN pol\u00edtico siempre fue el del poder que no da explicaciones, que no necesita coherencia ideol\u00f3gica porque se sostiene con d\u00f3lares, contactos y sangre.<\/p>\n\n\n\n<p>Lo m\u00e1s escalofriante de su figura es que encarna una especie de \u201cministra eterna\u201d de todos los gobiernos que buscan disciplinar, recortar y reprimir. Su ret\u00f3rica puede variar, pero su esencia es inmutable: la obediencia a intereses transnacionales, la sumisi\u00f3n al poder financiero y la disposici\u00f3n incondicional a usar la fuerza para garantizar el orden neoliberal.<\/p>\n\n\n\n<p>En tiempos donde el PRO se deshace, donde Macri juega a ser titiritero desde las sombras y donde Milei promete \u201cdinamitar todo\u201d, Patricia Bullrich vuelve a escena como garante del garrote. Su rol es claro: asegurar que el ajuste pase sin resistencia, que el saqueo no encuentre murallas populares y que el Estado sea solo una fuerza bruta al servicio de los mercados.<\/p>\n\n\n\n<p>Pero que nadie se equivoque. Su persistencia en la pol\u00edtica no es m\u00e9rito propio. Como bien sugiere \u201cEl Profe\u201d Romero, detr\u00e1s de Bullrich siempre hubo estructuras que la sostuvieron. Desde la JP a la CIA, desde Galimberti hasta Netanyahu, su nombre es apenas una fachada de un engranaje m\u00e1s profundo, m\u00e1s oscuro, m\u00e1s permanente.<\/p>\n\n\n\n<p>Y mientras ella se presenta como \u201cla que no naci\u00f3 con Macri\u201d, lo cierto es que nunca perteneci\u00f3 a ning\u00fan proyecto colectivo genuino. Bullrich no tiene ra\u00edces pol\u00edticas; tiene conexiones. No representa ideas; representa negocios.<\/p>\n\n\n\n<p>Hoy, como ayer, los muertos los pone el pueblo. Ella, como siempre, pone la excusa.<\/p>\n\n\n\n<p><\/p>\n","protected":false},"excerpt":{"rendered":"<p>Patricia Bullrich es la cara visible del poder que no se elige. De montonera a ministra del ajuste, su carrera expone v\u00ednculos con agencias extranjeras, represi\u00f3n, y negocios con armas. Una figura clave del r\u00e9gimen neoliberal, analizada en profundidad por el periodista Javier \u201cEl Profe\u201d Romero en esta investigaci\u00f3n demoledora.<\/p>\n","protected":false},"author":1,"featured_media":4312,"comment_status":"open","ping_status":"open","sticky":false,"template":"","format":"standard","meta":{"_monsterinsights_skip_tracking":false,"_monsterinsights_sitenote_active":false,"_monsterinsights_sitenote_note":"","_monsterinsights_sitenote_category":0,"footnotes":"","jetpack_publicize_message":"\ud83d\udd0d \u00bfQui\u00e9n es realmente Patricia Bullrich?\nDe montonera a ministra del garrote, su historia es una radiograf\u00eda del oportunismo, la represi\u00f3n y los negocios con el poder real.\n\ud83d\udca3 Imperdible an\u00e1lisis de Javier \u201cEl Profe\u201d Romero.","jetpack_publicize_feature_enabled":true,"jetpack_social_post_already_shared":false,"jetpack_social_options":{"image_generator_settings":{"template":"highway","enabled":false},"version":2}},"categories":[2],"tags":[58,262,75,1471,45,463,72,616,365,86],"class_list":["post-4311","post","type-post","status-publish","format-standard","has-post-thumbnail","hentry","category-politica","tag-ajuste","tag-bullrich","tag-corrupcion","tag-inteligencia","tag-milei","tag-neoliberalismo","tag-politica","tag-pro","tag-represion","tag-seguridad"],"jetpack_publicize_connections":[],"_links":{"self":[{"href":"https:\/\/www.enorsai.com\/noticias\/wp-json\/wp\/v2\/posts\/4311","targetHints":{"allow":["GET"]}}],"collection":[{"href":"https:\/\/www.enorsai.com\/noticias\/wp-json\/wp\/v2\/posts"}],"about":[{"href":"https:\/\/www.enorsai.com\/noticias\/wp-json\/wp\/v2\/types\/post"}],"author":[{"embeddable":true,"href":"https:\/\/www.enorsai.com\/noticias\/wp-json\/wp\/v2\/users\/1"}],"replies":[{"embeddable":true,"href":"https:\/\/www.enorsai.com\/noticias\/wp-json\/wp\/v2\/comments?post=4311"}],"version-history":[{"count":1,"href":"https:\/\/www.enorsai.com\/noticias\/wp-json\/wp\/v2\/posts\/4311\/revisions"}],"predecessor-version":[{"id":4313,"href":"https:\/\/www.enorsai.com\/noticias\/wp-json\/wp\/v2\/posts\/4311\/revisions\/4313"}],"wp:featuredmedia":[{"embeddable":true,"href":"https:\/\/www.enorsai.com\/noticias\/wp-json\/wp\/v2\/media\/4312"}],"wp:attachment":[{"href":"https:\/\/www.enorsai.com\/noticias\/wp-json\/wp\/v2\/media?parent=4311"}],"wp:term":[{"taxonomy":"category","embeddable":true,"href":"https:\/\/www.enorsai.com\/noticias\/wp-json\/wp\/v2\/categories?post=4311"},{"taxonomy":"post_tag","embeddable":true,"href":"https:\/\/www.enorsai.com\/noticias\/wp-json\/wp\/v2\/tags?post=4311"}],"curies":[{"name":"wp","href":"https:\/\/api.w.org\/{rel}","templated":true}]}}