{"id":431,"date":"2025-01-31T17:45:14","date_gmt":"2025-01-31T17:45:14","guid":{"rendered":"https:\/\/www.enorsai.com\/noticias\/?p=431"},"modified":"2025-07-04T18:51:32","modified_gmt":"2025-07-04T21:51:32","slug":"el-odio-como-politica-como-el-gobierno-de-milei-destruye-la-diversidad-y-amenaza-los-derechos-conquistados","status":"publish","type":"post","link":"https:\/\/www.enorsai.com\/noticias\/sociedad\/el-odio-como-politica-como-el-gobierno-de-milei-destruye-la-diversidad-y-amenaza-los-derechos-conquistados\/","title":{"rendered":"El odio como pol\u00edtica: c\u00f3mo el gobierno de Milei destruye la diversidad y amenaza los derechos conquistados"},"content":{"rendered":"\n<p><br><em><strong>Mar\u00eda Rachid, presidenta de la Federaci\u00f3n Argentina LGBT, denuncia el discurso de odio del gobierno y convoca a una marcha masiva para defender la diversidad y los derechos humanos.<\/strong><\/em><\/p>\n\n\n\n<p><br>En una entrevista radial en\u00a0<em>Radio 10 &#8211; Argenzuela<\/em>, Mar\u00eda Rachid critic\u00f3 duramente al gobierno de Javier Milei por su discurso de odio, la destrucci\u00f3n de pol\u00edticas de diversidad y la amenaza de derogar leyes clave. \u00abEste gobierno est\u00e1 destruyendo el respeto a la diversidad\u00bb, asegur\u00f3.<\/p>\n\n\n\n<p><br>El gobierno de Javier Milei no solo est\u00e1 desmantelando el Estado, sino que tambi\u00e9n est\u00e1 librando una batalla cultural contra la diversidad y los derechos humanos. As\u00ed lo denunci\u00f3 Mar\u00eda Rachid, presidenta de la Federaci\u00f3n Argentina LGBT, en una entrevista radial en\u00a0<em>Radio 10 &#8211; Argenzuela<\/em>. \u00abEste gobierno est\u00e1 destruyendo todo lo que venimos construyendo hace tantos a\u00f1os. Hemos logrado una sociedad que respeta la diversidad, que trabaja por los derechos de las mujeres y que ha avanzado en el cuidado del medio ambiente. Ahora, est\u00e1n destruyendo todo eso\u00bb, afirm\u00f3 Rachid.<\/p>\n\n\n\n<p>El discurso de odio y discriminaci\u00f3n del gobierno no es nuevo, pero alcanz\u00f3 su punto m\u00e1s \u00e1lgido durante el Foro de Davos, donde Milei y sus ministros anunciaron el env\u00edo de proyectos para derogar leyes y normativas que garantizan derechos conquistados. \u00abEl discurso de Davos est\u00e1 lleno de odio, de discriminaci\u00f3n, de violencia hacia las diversidades, hacia las mujeres, hacia quienes luchamos por los derechos humanos en Argentina. Adem\u00e1s, hay amenazas concretas. Milei habla de extirpar un c\u00e1ncer, refiri\u00e9ndose a quienes defendemos la diversidad, los derechos de las mujeres y el medio ambiente\u00bb, se\u00f1al\u00f3 Rachid.<\/p>\n\n\n\n<p>La l\u00edder <strong>LGBT<\/strong> tambi\u00e9n cuestion\u00f3 el argumento del gobierno de que defiende la libertad. \u00abLa libertad est\u00e1 en poder ser quien cada uno quiere ser, en vivir una vida sin violencia. No s\u00e9 qu\u00e9 libertad defienden ellos. \u00bfLa libertad de discriminar? \u00bfLa libertad de golpear, de violentar, de perseguir? Esa no es la libertad que construimos en Argentina\u00bb, afirm\u00f3.<\/p>\n\n\n\n<figure class=\"wp-block-image size-full\"><img loading=\"lazy\" decoding=\"async\" width=\"473\" height=\"589\" src=\"https:\/\/www.enorsai.com\/noticias\/wp-content\/uploads\/2025\/01\/marchaantifascista.png\" alt=\"\" class=\"wp-image-432\" srcset=\"https:\/\/www.enorsai.com\/noticias\/wp-content\/uploads\/2025\/01\/marchaantifascista.png 473w, https:\/\/www.enorsai.com\/noticias\/wp-content\/uploads\/2025\/01\/marchaantifascista-241x300.png 241w\" sizes=\"auto, (max-width: 473px) 100vw, 473px\" \/><\/figure>\n\n\n\n<p>Uno de los puntos m\u00e1s pol\u00e9micos es la tergiversaci\u00f3n de la ley de identidad de g\u00e9nero por parte del gobierno. \u00abDicen que la autopercepci\u00f3n permite que un adulto se identifique como un ni\u00f1o y cometa abusos. Eso es mentira. La ley habla de g\u00e9nero, no de edad ni de capacidad para violentar a otros. El Ministro de Justicia sabe que est\u00e1 mintiendo, pero lo hace para justificar la derogaci\u00f3n de derechos\u00bb, explic\u00f3 Rachid. Adem\u00e1s, desminti\u00f3 la afirmaci\u00f3n de que menores de 5 a\u00f1os pueden someterse a cirug\u00edas de reasignaci\u00f3n de sexo. \u00abLa ley establece que las operaciones son a partir de los 18 a\u00f1os. Est\u00e1n mintiendo para instalar el odio\u00bb.<\/p>\n\n\n\n<p>Frente a este escenario, la sociedad argentina est\u00e1 respondiendo con organizaci\u00f3n y resistencia. \u00abEl s\u00e1bado vamos a marchar desde el Congreso hasta Plaza de Mayo para decir basta al odio, a la discriminaci\u00f3n y a la violencia. Esta marcha no es solo de la comunidad LGBT, es de toda la sociedad: organizaciones sociales, sindicatos, artistas, referentes de la cultura y los derechos humanos. Todos estamos afectados por este gobierno\u00bb, afirm\u00f3 Rachid.<\/p>\n\n\n\n<p><strong>La convocatoria, que se realizar\u00e1 el s\u00e1bado a las 16 horas<\/strong>, busca ser un l\u00edmite claro al avance del discurso de odio y las pol\u00edticas regresivas del gobierno. \u00abQuieren una Argentina para pocos, pero nosotros vamos a defender una Argentina para todos y todas\u00bb, concluy\u00f3 Rachid.<\/p>\n\n\n\n<hr class=\"wp-block-separator has-alpha-channel-opacity\"\/>\n\n\n\n<p><\/p>\n","protected":false},"excerpt":{"rendered":"<p>Mar\u00eda Rachid, presidenta de la Federaci\u00f3n Argentina LGBT, denuncia el discurso de odio del gobierno y convoca a una marcha masiva para defender la diversidad y los derechos humanos. En una entrevista radial en\u00a0Radio 10 &#8211; Argenzuela, Mar\u00eda Rachid critic\u00f3 duramente al gobierno de Javier Milei por su discurso de odio, la destrucci\u00f3n de pol\u00edticas&#8230;<\/p>\n","protected":false},"author":4,"featured_media":433,"comment_status":"open","ping_status":"open","sticky":false,"template":"","format":"standard","meta":{"_monsterinsights_skip_tracking":false,"_monsterinsights_sitenote_active":false,"_monsterinsights_sitenote_note":"","_monsterinsights_sitenote_category":0,"footnotes":"","jetpack_publicize_message":"","jetpack_publicize_feature_enabled":true,"jetpack_social_post_already_shared":true,"jetpack_social_options":{"image_generator_settings":{"template":"highway","default_image_id":0,"font":"","enabled":false},"version":2}},"categories":[1908,4],"tags":[108,110,106,112,111],"class_list":["post-431","post","type-post","status-publish","format-standard","has-post-thumbnail","hentry","category-derechos-humanos","category-sociedad","tag-desmantelamiento-del-estado","tag-diversidad-y-derechos-lgbt","tag-javier-milei","tag-ley-de-identidad-de-genero","tag-marcha-contra-el-odio"],"jetpack_publicize_connections":[],"_links":{"self":[{"href":"https:\/\/www.enorsai.com\/noticias\/wp-json\/wp\/v2\/posts\/431","targetHints":{"allow":["GET"]}}],"collection":[{"href":"https:\/\/www.enorsai.com\/noticias\/wp-json\/wp\/v2\/posts"}],"about":[{"href":"https:\/\/www.enorsai.com\/noticias\/wp-json\/wp\/v2\/types\/post"}],"author":[{"embeddable":true,"href":"https:\/\/www.enorsai.com\/noticias\/wp-json\/wp\/v2\/users\/4"}],"replies":[{"embeddable":true,"href":"https:\/\/www.enorsai.com\/noticias\/wp-json\/wp\/v2\/comments?post=431"}],"version-history":[{"count":1,"href":"https:\/\/www.enorsai.com\/noticias\/wp-json\/wp\/v2\/posts\/431\/revisions"}],"predecessor-version":[{"id":434,"href":"https:\/\/www.enorsai.com\/noticias\/wp-json\/wp\/v2\/posts\/431\/revisions\/434"}],"wp:featuredmedia":[{"embeddable":true,"href":"https:\/\/www.enorsai.com\/noticias\/wp-json\/wp\/v2\/media\/433"}],"wp:attachment":[{"href":"https:\/\/www.enorsai.com\/noticias\/wp-json\/wp\/v2\/media?parent=431"}],"wp:term":[{"taxonomy":"category","embeddable":true,"href":"https:\/\/www.enorsai.com\/noticias\/wp-json\/wp\/v2\/categories?post=431"},{"taxonomy":"post_tag","embeddable":true,"href":"https:\/\/www.enorsai.com\/noticias\/wp-json\/wp\/v2\/tags?post=431"}],"curies":[{"name":"wp","href":"https:\/\/api.w.org\/{rel}","templated":true}]}}