{"id":4304,"date":"2025-05-19T15:02:29","date_gmt":"2025-05-19T18:02:29","guid":{"rendered":"http:\/\/www.enorsai.com\/noticias\/?p=4304"},"modified":"2025-05-19T15:02:29","modified_gmt":"2025-05-19T18:02:29","slug":"tras-la-humillante-derrota-en-caba-el-macrismo-se-desangra-entre-reproches-internos-una-diaspora-de-dirigentes-y-un-pacto-con-lla","status":"publish","type":"post","link":"https:\/\/www.enorsai.com\/noticias\/politica\/tras-la-humillante-derrota-en-caba-el-macrismo-se-desangra-entre-reproches-internos-una-diaspora-de-dirigentes-y-un-pacto-con-lla\/","title":{"rendered":"Tras la humillante derrota en CABA, el macrismo se desangra entre reproches internos, una di\u00e1spora de dirigentes y un pacto con LLA"},"content":{"rendered":"\n<p><strong><em>Del derrumbe amarillo al abrazo libertario: el ocaso del PRO y la sumisi\u00f3n a Milei. Macri viaja al exterior como quien huye de un naufragio que ya no puede evitar. En su ausencia, Ritondo y Santilli cierran filas con Javier Milei, mientras el PRO se devora a s\u00ed mismo en un festival de traiciones, acusaciones cruzadas y estrategias fallidas. El experimento de la atomizaci\u00f3n, la ineptitud territorial y el pragmatismo sin principios sellan la decadencia de una fuerza que gobern\u00f3 la Argentina.<\/em><\/strong><\/p>\n\n\n\n<p>(Por Osvaldo Peralta) La escena en el b\u00fanker del PRO la noche del 18 de mayo podr\u00eda haber sido sacada de una tragedia griega. Caras largas, silencios punzantes, culpas que flotaban en el aire esperando un destinatario. Nadie se anim\u00f3 a hablar fuerte, salvo para se\u00f1alar culpables. Y no faltaron nombres. Antoni Guti\u00e9rrez Rub\u00ed, el consultor catal\u00e1n que alguna vez encandil\u00f3 a Cristina Kirchner y Sergio Massa, fue uno de los primeros en ser lanzado al fuego. Lo acusaron de aplicar una estrategia suicida: el desdoblamiento electoral y la \u00abatomizaci\u00f3n\u00bb, un juego de espejos que pretend\u00eda disimular la ca\u00edda estrepitosa del PRO entre listas menores, como si la fragmentaci\u00f3n pudiera maquillar el ocaso.<\/p>\n\n\n\n<p>Pero no solo fall\u00f3 el truco, sino que lo potenci\u00f3 su n\u00e9mesis: Javier Milei, quien, con el golpe maestro de postular a su vocero Manuel Adorni, convirti\u00f3 la elecci\u00f3n en una pulseada nacional. El votante porte\u00f1o, pragm\u00e1tico y acostumbrado a la pol\u00edtica de branding, no se dej\u00f3 marear por la confusi\u00f3n y eligi\u00f3 el caballo ganador. El resultado fue lapidario: Silvia Lospennato termin\u00f3 tercera, y el hist\u00f3rico basti\u00f3n amarillo cay\u00f3, ir\u00f3nicamente, por obra de su propio experimento pol\u00edtico.<\/p>\n\n\n\n<p>Mientras Mauricio Macri miraba de reojo el desastre, sin voluntad alguna de hacerse cargo, el resto del partido buscaba cabezas que rodaran. \u00abEl catal\u00e1n es especialista en llevarte ordenado a la derrota\u00bb, sentenciaron en el comando de campa\u00f1a, recordando sus fracasos previos con la exactitud de un verdugo. La apuesta por listas peronistas como las de Kim y Abal Medina fue vista como un sabotaje interno: 2,5 puntos que pudieron haber ido a Santoro y evitar que Adorni consolidara la victoria libertaria. En otras palabras, no solo perdieron; fueron c\u00f3mplices involuntarios del triunfo enemigo.<\/p>\n\n\n\n<p>Pero si la estrategia fue err\u00e1tica, el trabajo territorial roz\u00f3 la negligencia. Aqu\u00ed aparece otra figura se\u00f1alada con nombre y apellido: C\u00e9sar \u201cTuta\u201d Torres, secretario de Atenci\u00f3n Ciudadana y operador tra\u00eddo desde Vicente L\u00f3pez por Jorge Macri. Lo acusan de haber dinamitado los lazos con los presidentes de comuna, de haber improvisado salidas al territorio que terminaban en terrenos bald\u00edos o supermercados, de enviar fiscales a la nada. Un espanto log\u00edstico que se tradujo en la primera vez en dos d\u00e9cadas que el PRO no gana en ninguna de las 15 comunas de la Ciudad. El s\u00edmbolo m\u00e1s humillante: El Mago sin dientes, desorientado en un b\u00fanker desolado, como una caricatura del naufragio.<\/p>\n\n\n\n<p>El resultado fue tan brutal que ni siquiera Mauricio Macri logr\u00f3 mantener la compostura. Se retir\u00f3 furioso, sin dar declaraciones. Esta vez ni siquiera intent\u00f3 \u201cponerse la campa\u00f1a al hombro\u201d. Y su candidata lo pag\u00f3 caro. En medio del silencio at\u00f3nito, solo se escuch\u00f3 a un dirigente veterano murmurar con resignaci\u00f3n: \u201cLa gente vot\u00f3 a Milei, no a Adorni\u201d. La frase resume el drama: el PRO no solo fue derrotado, fue vaciado de sentido.<\/p>\n\n\n\n<p>Lo que sigui\u00f3 fue una fuga hacia adelante. Macri, en un movimiento que se asemeja m\u00e1s a la huida que a la diplomacia, anunci\u00f3 su viaje a Per\u00fa y Medio Oriente. Con \u00e9l fuera del pa\u00eds, sus herederos pol\u00edticos no perdieron el tiempo. Cristian Ritondo, Guillermo Montenegro y Diego Santilli comenzaron a acelerar los motores para cerrar el acuerdo que ven\u00edan gestando con Javier Milei en la provincia de Buenos Aires. Si antes era una idea que se susurraba entre pasillos, ahora se transform\u00f3 en el \u00fanico plan de supervivencia.<\/p>\n\n\n\n<p>El pragmatismo c\u00ednico de la dirigencia del PRO bonaerense raya en la obscenidad. \u201cAhora los bombones los agarramos uno por uno\u201d, confes\u00f3 un dirigente del oficialismo con brutal honestidad. Milei, mientras tanto, ejecuta la estrategia del conquistador: tabula rasa, sumar a todo aquel que acepte su agenda, sin importar su pasado. En esta nueva etapa, el macrismo residual ya no negocia desde la fuerza, sino desde la necesidad. Y eso, en pol\u00edtica, se paga caro.<\/p>\n\n\n\n<p>A pesar de que Jorge Macri intenta frenar el pacto, sus argumentos se diluyen en el aire. La derrota fue tan estruendosa que cualquier intento de sostener la autonom\u00eda se estrella contra la realidad. El radicalismo tambi\u00e9n fue arrasado, y ni siquiera logr\u00f3 que su candidata Lula Levy entrara a la Legislatura. El sue\u00f1o de reeditar \u201cJuntos por el Cambio\u201d en la provincia se derrumba como un castillo de naipes.<\/p>\n\n\n\n<p>El panorama es desolador. Acordar con los libertarios implica negociar cientos de listas: concejales, legisladores provinciales, diputados nacionales. Un rompecabezas armado con piezas que no encajan. Jos\u00e9 Luis Espert es el nombre que suena para encabezar la lista de diputados nacionales de La Libertad Avanza, pero Karina Milei lo resiste y Santilli a\u00fan se ilusiona con ocupar ese lugar. Una interna dentro de otra interna, mientras el PRO se diluye en la vor\u00e1gine.<\/p>\n\n\n\n<p>Y mientras todo esto ocurre, Macri intenta justificar lo injustificable. En una entrevista con TN, dijo: \u201cNo pude convencer a Javier durante las milanesas, el gran problema es que la alternativa es el kirchnerismo\u201d. La frase, m\u00e1s propia de un abuelo resignado que de un l\u00edder pol\u00edtico, revela el vac\u00edo. Macri ya no tiene plan, ni estrategia, ni proyecto. Solo conserva una ret\u00f3rica gastada y el recuerdo de lo que alguna vez fue.<\/p>\n\n\n\n<p>El acuerdo con Milei no es una alianza; es una rendici\u00f3n. Una claudicaci\u00f3n en cuotas que comenz\u00f3 con la tibieza, sigui\u00f3 con el c\u00e1lculo y termin\u00f3 con el sometimiento. El PRO, que naci\u00f3 como una fuerza que promet\u00eda gesti\u00f3n, eficiencia y \u201cmejores modales\u201d, hoy se convierte en un ap\u00e9ndice de la reacci\u00f3n m\u00e1s brutal, del ajuste sin anestesia, del discurso de odio institucionalizado. La marca amarilla ya no seduce, ni convoca, ni ordena. Apenas sobrevive como sello de goma.<\/p>\n\n\n\n<p>El destino de los dirigentes del PRO parece sellado. O se alinean con el nuevo poder o desaparecen. La pol\u00edtica argentina, implacable y c\u00edclica, repite una vez m\u00e1s su sentencia: los partidos que no saben reinventarse, mueren. Y lo hacen sin \u00e9pica, sin resistencia, sin dignidad.<\/p>\n\n\n\n<p>Fuentes:<\/p>\n\n\n\n<ul class=\"wp-block-list\">\n<li><a href=\"https:\/\/www.lapoliticaonline.com\/politica\/pase-de-facturas-en-el-bunker-del-pro-contra-el-consultor-catalan-y-el-tuta-torres\/\">https:\/\/www.lapoliticaonline.com\/politica\/pase-de-facturas-en-el-bunker-del-pro-contra-el-consultor-catalan-y-el-tuta-torres\/<\/a><\/li>\n\n\n\n<li><a href=\"https:\/\/www.lapoliticaonline.com\/politica\/macri-se-va-de-viaje-y-ritondo-y-santilli-avanzan-con-el-acuerdo-con-milei\/\">https:\/\/www.lapoliticaonline.com\/politica\/macri-se-va-de-viaje-y-ritondo-y-santilli-avanzan-con-el-acuerdo-con-milei\/<\/a><\/li>\n<\/ul>\n","protected":false},"excerpt":{"rendered":"<p>El derrumbe electoral del PRO en la Ciudad dej\u00f3 heridas abiertas, pases de factura y una fuga en silencio hacia los brazos libertarios. Mientras Macri se va del pa\u00eds, sus soldados pactan con Milei. El fracaso no s\u00f3lo fue electoral: fue tambi\u00e9n moral, estrat\u00e9gico y, quiz\u00e1s, irreversible.PRO, Macri, Milei, elecciones, Adorni, Santilli, Ritondo, derrota, alianza, pol\u00edtica<\/p>\n","protected":false},"author":9,"featured_media":4305,"comment_status":"open","ping_status":"open","sticky":false,"template":"","format":"standard","meta":{"_monsterinsights_skip_tracking":false,"_monsterinsights_sitenote_active":false,"_monsterinsights_sitenote_note":"","_monsterinsights_sitenote_category":0,"footnotes":"","jetpack_publicize_message":"\ud83d\udca5 El PRO se desangra tras una elecci\u00f3n catastr\u00f3fica: culpas, traiciones y pactos con Milei mientras Macri hace las valijas \u2708\ufe0f \u00bfRenacimiento libertario o fin del macrismo? No te pierdas este an\u00e1lisis demoledor \ud83e\udde8","jetpack_publicize_feature_enabled":true,"jetpack_social_post_already_shared":false,"jetpack_social_options":{"image_generator_settings":{"template":"highway","enabled":false},"version":2}},"categories":[2],"tags":[880,1468,1275,190,514,45,72,616,743,607],"class_list":["post-4304","post","type-post","status-publish","format-standard","has-post-thumbnail","hentry","category-politica","tag-adorni","tag-alianza","tag-derrota","tag-elecciones","tag-macri","tag-milei","tag-politica","tag-pro","tag-ritondo","tag-santilli"],"jetpack_publicize_connections":[],"_links":{"self":[{"href":"https:\/\/www.enorsai.com\/noticias\/wp-json\/wp\/v2\/posts\/4304","targetHints":{"allow":["GET"]}}],"collection":[{"href":"https:\/\/www.enorsai.com\/noticias\/wp-json\/wp\/v2\/posts"}],"about":[{"href":"https:\/\/www.enorsai.com\/noticias\/wp-json\/wp\/v2\/types\/post"}],"author":[{"embeddable":true,"href":"https:\/\/www.enorsai.com\/noticias\/wp-json\/wp\/v2\/users\/9"}],"replies":[{"embeddable":true,"href":"https:\/\/www.enorsai.com\/noticias\/wp-json\/wp\/v2\/comments?post=4304"}],"version-history":[{"count":1,"href":"https:\/\/www.enorsai.com\/noticias\/wp-json\/wp\/v2\/posts\/4304\/revisions"}],"predecessor-version":[{"id":4306,"href":"https:\/\/www.enorsai.com\/noticias\/wp-json\/wp\/v2\/posts\/4304\/revisions\/4306"}],"wp:featuredmedia":[{"embeddable":true,"href":"https:\/\/www.enorsai.com\/noticias\/wp-json\/wp\/v2\/media\/4305"}],"wp:attachment":[{"href":"https:\/\/www.enorsai.com\/noticias\/wp-json\/wp\/v2\/media?parent=4304"}],"wp:term":[{"taxonomy":"category","embeddable":true,"href":"https:\/\/www.enorsai.com\/noticias\/wp-json\/wp\/v2\/categories?post=4304"},{"taxonomy":"post_tag","embeddable":true,"href":"https:\/\/www.enorsai.com\/noticias\/wp-json\/wp\/v2\/tags?post=4304"}],"curies":[{"name":"wp","href":"https:\/\/api.w.org\/{rel}","templated":true}]}}