{"id":4301,"date":"2025-05-19T08:09:05","date_gmt":"2025-05-19T11:09:05","guid":{"rendered":"https:\/\/www.enorsai.com\/noticias\/?p=4301"},"modified":"2025-05-19T08:09:05","modified_gmt":"2025-05-19T11:09:05","slug":"no-hubo-baile-la-derrota-del-pro-acelera-la-fuga-y-el-quiebre-del-bloque-macrista","status":"publish","type":"post","link":"https:\/\/www.enorsai.com\/noticias\/politica\/no-hubo-baile-la-derrota-del-pro-acelera-la-fuga-y-el-quiebre-del-bloque-macrista\/","title":{"rendered":"No hubo baile: la derrota del PRO acelera la fuga y el quiebre del bloque macrista"},"content":{"rendered":"\n<p><strong><em>Los diputados del PRO m\u00e1s cercanos a La Libertad Avanza evidenciaron diferencias con los restantes miembros y analizan una ruptura de bloque.<\/em><\/strong><\/p>\n\n\n\n<p>El bloque de diputados nacionales del PRO qued\u00f3 al borde del quiebre luego de que se profundizaran de las diferencias entre los legisladores que responden al expresidente Mauricio Macri y aquellos que alcanzaron sus bancas referenciados en la actual ministra de Seguridad del gobierno libertario, Patricia Bullrich.<\/p>\n\n\n\n<p>Esta divisi\u00f3n, que ya se dio de hecho en la Legislatura bonaerense, tuvo sus primeros s\u00edntomas con dict\u00e1menes por separado en el tratamiento de comisiones de proyectos para modificar las jubilaciones, incrementar el bono y sumarlo al haber previsional. En tanto, las elecciones porte\u00f1as podr\u00edan ser el detonante final.<\/p>\n\n\n\n<p>Tras la afiliaci\u00f3n de Patricia Bullrich a La Libertad Avanza, luego de competir en las elecciones 2023 bajo el sello de Juntos por el Cambio, la corriente del PRO m\u00e1s cercana al oficialismo acompa\u00f1\u00f3 el despacho libertario, mientras que los amarillos \u201cpuros\u201d firmaron un dictamen propio.<\/p>\n\n\n\n<p>En detalle, los diputados Silvana Giudici, Diego Santilli, Laura Rodr\u00edguez Machado, Patricia V\u00e1zquez y Sergio Capozzi que integraron el plenario de comisiones de las Comisiones de Previsi\u00f3n y Seguridad Social y de Presupuesto y Hacienda apoyaron una iniciativa en conjunto con La Libertad Avanza y el MID.<\/p>\n\n\n\n<p>Es preciso mencionar que, Santilli es uno de los principales impulsores para concretar una alianza electoral entre el PRO y La Libertad Avanza con vistas a los comicios del 7 de septiembre en la provincia de Buenos Aires.<\/p>\n\n\n\n<p>El bloque del PRO conducido por el diputado Cristian Ritondo cuenta actualmente con 35 legisladores y nueve analizan pegar el salto a La Libertad Avanza.<\/p>\n\n\n\n<p>El bloque del PRO conducido por el diputado Cristian Ritondo cuenta actualmente con 35 legisladores y nueve analizan pegar el salto a La Libertad Avanza.<\/p>\n\n\n\n<p>Por el otro lado, los restantes siete legisladores amarillos de las comisiones presentaron un dict\u00e1men propio en el que apoyaron la propuesta para que todos los jubilados cobren \u201cuna PUAM (Pensi\u00f3n Universal para Adultos Mayores) y una proporcional, de acuerdo a los aportes efectuados.<\/p>\n\n\n\n<p>\u201cNosotros no sab\u00edamos qu\u00e9 iban a hacer ellos y ellos tampoco la decisi\u00f3n que hab\u00edamos tomado nosotros\u201d, agreg\u00f3 un legislador que responde al exmandatario, Mauricio Macri, dando a entender que hubo dos reuniones de bloque.<\/p>\n\n\n\n<p>Es preciso mencionar que, las diferencias entre Macri y Milei se profundizaron tras el fallido tratamiento de la Ley de Ficha Limpia en el Senado nacional, con acusaciones cruzadas de querer hacer caer la iniciativa.<\/p>\n\n\n\n<p>En detalle, el Jefe de Estado sostuvo que la ca\u00edda de Ficha Limpia en el Congreso fue \u201cuna operaci\u00f3n medi\u00e1tica te\u00f1ida de amarillo\u201d, tras lo cual sugiri\u00f3 que la maniobra respond\u00eda a un acuerdo entre Cristina Kirchner y Mauricio Macri.<\/p>\n\n\n\n<p>\u201cEn una semana destruyeron el valor de la palabra presidencial es grav\u00edsima la cantidad de cosas que dijo y datos que dio sobre Ficha Limpia y el Gobierno de la Ciudad\u201d, respondi\u00f3 Macri, tras respaldar a su candidata a legisladora porte\u00f1a y autora del proyecto de Ficha Limpia, Silvia Lospennato.<\/p>\n\n\n\n<p>Por Diputados Bonaerenses<\/p>\n","protected":false},"excerpt":{"rendered":"<p>Los diputados del PRO m\u00e1s cercanos a La Libertad Avanza evidenciaron diferencias con los restantes miembros y analizan una ruptura de bloque. El bloque de diputados nacionales del PRO qued\u00f3 al borde del quiebre luego de que se profundizaran de las diferencias entre los legisladores que responden al expresidente Mauricio Macri y aquellos que alcanzaron&#8230;<\/p>\n","protected":false},"author":5,"featured_media":4302,"comment_status":"open","ping_status":"open","sticky":false,"template":"","format":"standard","meta":{"_monsterinsights_skip_tracking":false,"_monsterinsights_sitenote_active":false,"_monsterinsights_sitenote_note":"","_monsterinsights_sitenote_category":0,"footnotes":"","jetpack_publicize_message":"","jetpack_publicize_feature_enabled":true,"jetpack_social_post_already_shared":true,"jetpack_social_options":{"image_generator_settings":{"template":"highway","default_image_id":0,"font":"","enabled":false},"version":2}},"categories":[2],"tags":[514,72,616],"class_list":["post-4301","post","type-post","status-publish","format-standard","has-post-thumbnail","hentry","category-politica","tag-macri","tag-politica","tag-pro"],"jetpack_publicize_connections":[],"_links":{"self":[{"href":"https:\/\/www.enorsai.com\/noticias\/wp-json\/wp\/v2\/posts\/4301","targetHints":{"allow":["GET"]}}],"collection":[{"href":"https:\/\/www.enorsai.com\/noticias\/wp-json\/wp\/v2\/posts"}],"about":[{"href":"https:\/\/www.enorsai.com\/noticias\/wp-json\/wp\/v2\/types\/post"}],"author":[{"embeddable":true,"href":"https:\/\/www.enorsai.com\/noticias\/wp-json\/wp\/v2\/users\/5"}],"replies":[{"embeddable":true,"href":"https:\/\/www.enorsai.com\/noticias\/wp-json\/wp\/v2\/comments?post=4301"}],"version-history":[{"count":1,"href":"https:\/\/www.enorsai.com\/noticias\/wp-json\/wp\/v2\/posts\/4301\/revisions"}],"predecessor-version":[{"id":4303,"href":"https:\/\/www.enorsai.com\/noticias\/wp-json\/wp\/v2\/posts\/4301\/revisions\/4303"}],"wp:featuredmedia":[{"embeddable":true,"href":"https:\/\/www.enorsai.com\/noticias\/wp-json\/wp\/v2\/media\/4302"}],"wp:attachment":[{"href":"https:\/\/www.enorsai.com\/noticias\/wp-json\/wp\/v2\/media?parent=4301"}],"wp:term":[{"taxonomy":"category","embeddable":true,"href":"https:\/\/www.enorsai.com\/noticias\/wp-json\/wp\/v2\/categories?post=4301"},{"taxonomy":"post_tag","embeddable":true,"href":"https:\/\/www.enorsai.com\/noticias\/wp-json\/wp\/v2\/tags?post=4301"}],"curies":[{"name":"wp","href":"https:\/\/api.w.org\/{rel}","templated":true}]}}